{"id":287,"date":"2015-07-06T13:00:00","date_gmt":"2015-07-06T13:00:00","guid":{"rendered":"http:\/\/fmriachuelo.observatorioess.org.ar\/index.php\/2015\/07\/06\/trabajadores-de-la-economia-popular-partieron-rumbo-al-encuentro-mundial-de-movimientos-populares-en-bolivia\/"},"modified":"2025-04-16T13:09:17","modified_gmt":"2025-04-16T16:09:17","slug":"trabajadores-de-la-economia-popular-partieron-rumbo-al-encuentro-mundial-de-movimientos-populares-en-bolivia","status":"publish","type":"post","link":"http:\/\/fmriachuelo.it10.com.ar\/index.php\/2015\/07\/06\/trabajadores-de-la-economia-popular-partieron-rumbo-al-encuentro-mundial-de-movimientos-populares-en-bolivia\/","title":{"rendered":"TRABAJADORES DE LA ECONOM\u00cdA POPULAR PARTIERON RUMBO AL ENCUENTRO MUNDIAL DE MOVIMIENTOS POPULARES EN BOLIVIA"},"content":{"rendered":"<p><span style=\"background-color: #38761d\"><span style=\"color: white\"><span style=\"font-size: small\"><span style=\"font-family: Verdana,sans-serif\"><b>&nbsp;LA ECONOM\u00cdA POPULAR JUNTO AL PAPA Y A EVO&nbsp; <\/b><\/span><\/span><\/span><\/span><br \/><span style=\"font-size: large\"><span style=\"font-family: Verdana,sans-serif\"><span style=\"color: red\"><b>A<span style=\"font-size: large\">\u00da<\/span>N SILENCIADA CRECE Y SE VISIBILIZA<\/b><\/span><\/span><\/span><br \/><span style=\"font-size: small\"><span style=\"font-family: Verdana,sans-serif\"><b>COBERTURA ESPECIAL DE FM RIACHUELO<\/b><span style=\"color: red\"><b><br \/><\/b><\/span><\/span><\/span><\/p>\n<div style=\"clear: both;text-align: center\"><span style=\"font-size: small\"><span style=\"font-family: Verdana,sans-serif\"><a href=\"http:\/\/2.bp.blogspot.com\/-kqlVyXenv5c\/VZpZ9LKVgWI\/AAAAAAAAFHE\/CZnh_g50HXA\/s1600\/IMG-20150704-WA0000.jpg\" style=\"clear: left;float: left;margin-bottom: 1em;margin-right: 1em\"><img loading=\"lazy\" decoding=\"async\" border=\"0\" height=\"150\" src=\"http:\/\/2.bp.blogspot.com\/-kqlVyXenv5c\/VZpZ9LKVgWI\/AAAAAAAAFHE\/CZnh_g50HXA\/s200\/IMG-20150704-WA0000.jpg\" width=\"200\" \/><\/a><\/span><\/span><\/div>\n<p><span style=\"font-size: small\"><span style=\"font-family: Verdana,sans-serif\"><b>[FMR Lunes 6\/7\/15] M\u00e1s de 250 trabajadores representantes&nbsp;de las ramas de  la Econom\u00eda Popular partieron el s\u00e1bado pasado rumbo a Santa Cruz de la Sierra para participar del Encuentro Mundial de Movimientos Populares. FM Riachuelo, parte de la delegaci\u00f3n, viaj\u00f3 adem\u00e1s para cubrir el encuentro.<\/b><\/span><\/span><br \/><a name='more'><\/a><br \/><span style=\"font-size: small\"><span style=\"font-family: Verdana,sans-serif\"><a href=\"http:\/\/1.bp.blogspot.com\/-ZHBzOsudfrc\/VZpZ8cX1B-I\/AAAAAAAAFG4\/BBz0h1wUk5Q\/s1600\/IMG-20150704-WA0001.jpg\" style=\"clear: left;float: left;margin-bottom: 1em;margin-right: 1em\"><img loading=\"lazy\" decoding=\"async\" border=\"0\" height=\"150\" src=\"http:\/\/1.bp.blogspot.com\/-ZHBzOsudfrc\/VZpZ8cX1B-I\/AAAAAAAAFG4\/BBz0h1wUk5Q\/s200\/IMG-20150704-WA0001.jpg\" width=\"200\" \/><\/a>El s\u00e1bado pasado a las 16 hs se realiz\u00f3 una conferencia de prensa en la sede central de la Confedereaci\u00f3n de Trabajadores de la Econom\u00eda Popular (CTEP). <b>El Secretario General Gringo Castro <\/b>despidi\u00f3 a la delegaci\u00f3n de <b>250 trabajadores de la Econom\u00eda Popular<\/b>, miembros de las distintas organizaciones populares, que viajeron rumbo a Bolivia.<\/span><\/span><span style=\"font-size: small\"><span style=\"font-family: Verdana,sans-serif\">Del 7 al 9 de julio se realizar\u00e1 en Santa cruz de la Sierra el <b>Segundo Encuentro Mundial de Movimientos Poulares (EMMP)<\/b>. Se trabajar\u00e1 en comisiones sobre las problem\u00e1ticas y soluciones en relaci\u00f3n a <b>Tierra, Techo y Trabajo<\/b>. <b>El Papa Francisco y Evo Morales<\/b> participar\u00e1n del cierre para recibir las conclusiones de las jornadas de trabajo elaboradas por a los m\u00e1s de <b>1.500 participantes<\/b>.<\/span><\/span><br \/><span style=\"font-size: small\"><span style=\"font-family: Verdana,sans-serif\"><\/span><\/span><span style=\"font-size: small\"><span style=\"font-family: Verdana,sans-serif\"><a href=\"http:\/\/3.bp.blogspot.com\/-kwtsdve_QPo\/VZpZ8G6IUyI\/AAAAAAAAFG0\/sMoSlIcOlcE\/s1600\/IMG-20150704-WA0002.jpg\" style=\"clear: left;float: left;margin-bottom: 1em;margin-right: 1em\"><img loading=\"lazy\" decoding=\"async\" border=\"0\" height=\"240\" src=\"http:\/\/3.bp.blogspot.com\/-kwtsdve_QPo\/VZpZ8G6IUyI\/AAAAAAAAFG0\/sMoSlIcOlcE\/s320\/IMG-20150704-WA0002.jpg\" width=\"320\" \/><\/a>Luego del saludo y buenos augurios&nbsp; impartidos por Castro, <b>Juan Grabois<\/b>,&nbsp; encargado del \u00e1rea de capacitaci\u00f3n de la CTEP y referente de la mesa de conducci\u00f3n, hizo referencia a la oportunidad \u00fanica para que \u00abmilitantes populares de todo el mundo nos encontremos sin distinci\u00f3n de credos ni pensamiento pol\u00ectico\u00bb. \u00abTodos compartimos dos cosas: la exclusi\u00f3n y la perspectiva revolucionaria\u00bb, agreg\u00f3.<br \/>Resalt\u00f3 la importancia de aprovechar esta oportunidad para \u00ab<b>darnos visibilidad<\/b> a los que estamos invisibilizados y que nos sirva para blindar nuestras luchas y conseguir <b>solidaridad internacional<\/b>\u00ab.<br \/>Para finalizar se\u00f1al\u00f3 que <b>\u00abFrancisco no viene a bajar l\u00ednea: lo que viene es a subir l\u00ednea\u00bb<\/b>.<\/span><\/span><br \/><span style=\"font-size: x-small\"><span style=\"font-family: Verdana,sans-serif\"><span style=\"color: #0b5394\"><b>PRODUCCI\u00d3N RIACHUELO&nbsp; <\/b><\/span><\/span><\/span><\/p>\n","protected":false},"excerpt":{"rendered":"<p>&nbsp;LA ECONOM\u00cdA POPULAR JUNTO AL PAPA Y A EVO&nbsp; A\u00daN SILENCIADA CRECE Y SE VISIBILIZACOBERTURA ESPECIAL DE FM RIACHUELO [FMR Lunes 6\/7\/15] M\u00e1s de 250 trabajadores representantes&nbsp;de las ramas de la Econom\u00eda Popular partieron el s\u00e1bado pasado rumbo a Santa Cruz de la Sierra para participar del Encuentro Mundial de Movimientos Populares. FM Riachuelo, parte [&hellip;]<\/p>\n","protected":false},"author":4,"featured_media":0,"comment_status":"open","ping_status":"open","sticky":false,"template":"","format":"standard","meta":{"_monsterinsights_skip_tracking":false,"_monsterinsights_sitenote_active":false,"_monsterinsights_sitenote_note":"","_monsterinsights_sitenote_category":0,"jnews-multi-image_gallery":[],"jnews_single_post":{"format":"standard"},"jnews_primary_category":[],"_joinchat":[],"footnotes":""},"categories":[58],"tags":[70,64,157],"class_list":["post-287","post","type-post","status-publish","format-standard","hentry","category-noticiariachuelo","tag-de-la-patria-grande","tag-economia-popular","tag-nadie-se-salva-solo"],"_links":{"self":[{"href":"http:\/\/fmriachuelo.it10.com.ar\/index.php\/wp-json\/wp\/v2\/posts\/287","targetHints":{"allow":["GET"]}}],"collection":[{"href":"http:\/\/fmriachuelo.it10.com.ar\/index.php\/wp-json\/wp\/v2\/posts"}],"about":[{"href":"http:\/\/fmriachuelo.it10.com.ar\/index.php\/wp-json\/wp\/v2\/types\/post"}],"author":[{"embeddable":true,"href":"http:\/\/fmriachuelo.it10.com.ar\/index.php\/wp-json\/wp\/v2\/users\/4"}],"replies":[{"embeddable":true,"href":"http:\/\/fmriachuelo.it10.com.ar\/index.php\/wp-json\/wp\/v2\/comments?post=287"}],"version-history":[{"count":1,"href":"http:\/\/fmriachuelo.it10.com.ar\/index.php\/wp-json\/wp\/v2\/posts\/287\/revisions"}],"predecessor-version":[{"id":23704,"href":"http:\/\/fmriachuelo.it10.com.ar\/index.php\/wp-json\/wp\/v2\/posts\/287\/revisions\/23704"}],"wp:attachment":[{"href":"http:\/\/fmriachuelo.it10.com.ar\/index.php\/wp-json\/wp\/v2\/media?parent=287"}],"wp:term":[{"taxonomy":"category","embeddable":true,"href":"http:\/\/fmriachuelo.it10.com.ar\/index.php\/wp-json\/wp\/v2\/categories?post=287"},{"taxonomy":"post_tag","embeddable":true,"href":"http:\/\/fmriachuelo.it10.com.ar\/index.php\/wp-json\/wp\/v2\/tags?post=287"}],"curies":[{"name":"wp","href":"https:\/\/api.w.org\/{rel}","templated":true}]}}