{"id":286,"date":"2015-07-06T15:48:00","date_gmt":"2015-07-06T15:48:00","guid":{"rendered":"http:\/\/fmriachuelo.observatorioess.org.ar\/index.php\/2015\/07\/06\/raul-zaffaroni-laudato-si-y-la-visita-del-papa-a-la-patria-grande\/"},"modified":"2025-04-16T13:12:22","modified_gmt":"2025-04-16T16:12:22","slug":"raul-zaffaroni-laudato-si-y-la-visita-del-papa-a-la-patria-grande","status":"publish","type":"post","link":"http:\/\/fmriachuelo.it10.com.ar\/index.php\/2015\/07\/06\/raul-zaffaroni-laudato-si-y-la-visita-del-papa-a-la-patria-grande\/","title":{"rendered":"RA\u00daL ZAFFARONI: LAUDATO SI Y LA VISITA DEL PAPA A LA PATRIA GRANDE"},"content":{"rendered":"<p><a href=\"http:\/\/1.bp.blogspot.com\/-x0V8fRBkhyY\/VZqi3Ml09sI\/AAAAAAAAFHk\/mwqIGfyM6yM\/s1600\/zafa.jpg\" style=\"clear: left;float: left;margin-bottom: 1em;margin-right: 1em\"><img loading=\"lazy\" decoding=\"async\" border=\"0\" height=\"133\" src=\"http:\/\/1.bp.blogspot.com\/-x0V8fRBkhyY\/VZqi3Ml09sI\/AAAAAAAAFHk\/mwqIGfyM6yM\/s200\/zafa.jpg\" width=\"200\" \/><\/a><span style=\"color: red;font-family: Verdana, sans-serif;font-size: large\"><b>NO VA M\u00c1S<\/b><\/span><\/p>\n<div style=\"text-align: justify\"><span style=\"font-family: Verdana, sans-serif\"><i>[Por E. Ra\u00fal Zaffaroni*]<\/i> La enc\u00edclica de Francisco sobre el cuidado de la \u201ccasa com\u00fan\u201d provoc\u00f3 algunas declaraciones hist\u00e9ricas de voceros de la derecha norteamericana.<\/span><br \/><a name='more'><\/a><span style=\"font-family: Verdana, sans-serif\">Se dijo: que no es pol\u00edtico, lo que no es cierto, porque todo el que ejerce alg\u00fan poder en el mundo (espiritual, econ\u00f3mico, cultural, etc.) es rid\u00edculo que se diga que no es pol\u00edtico; que no es cient\u00edfico, porque subestim\u00f3 los panfletos negacionistas de los \u201ccient\u00edficos\u201d pagados por ellos; que no es economista, menos mal, porque en tal caso nos aconsejar\u00eda seguir aumentando la renta hasta el infinito; que no respeta \u201clo que es del C\u00e9sar\u201d, lo que no parece que pueda llevarse al extremo de entenderlo en el sentido de \u201ca Hitler lo que es de Hitler\u201d.<br \/>Se ha llegado a decir que es un papa marxista. \u00bfPor qu\u00e9? Porque se permite valorar la dimensi\u00f3n econ\u00f3mica de un fen\u00f3meno de poder mundial. \u00bfAcaso todo el que al explicar un fen\u00f3meno de poder toma en cuenta su dimensi\u00f3n econ\u00f3mica es un marxista? \u00bfPara no ser marxista no hay que tomarlo en cuenta? Si la respuesta fuese afirmativa el mundo se dividir\u00eda entre marxistas e idiotas.<br \/>Se ha dicho que es un populista latinoamericano, lo que podr\u00eda ser verdad (y ojal\u00e1 lo fuese), teniendo en cuenta que de todos los movimientos pol\u00edticos mundiales del siglo pasado, el populismo latinoamericano fue el menos letal, pues pr\u00e1cticamente s\u00f3lo tuvo v\u00edctimas, asesinadas masivamente por los personeros de intereses financieros y colonialistas, a cuyo amparo hicieron sus negociados y quebraron nuestras econom\u00edas.<br \/>Lo m\u00e1s curioso es que se lo acusa de querer obtener el respeto de sus enemigos. Ante todo, es necesario observar que los que lo difaman no parecen ser precisamente sus amigos, pero, al margen de eso, les molesta que Francisco hable a todos, cristianos, creacionistas no cristianos, agn\u00f3sticos.<br \/>Y s\u00ed, Francisco lo hace as\u00ed. Los cristianos deber\u00edan meditar toda la enc\u00edclica, los creacionistas pueden dejar de lado las citas b\u00edblicas que quieran, los agn\u00f3sticos todas esas consideraciones, porque al final del camino, con el resto del texto, llegar\u00e1n a la misma conclusi\u00f3n por v\u00eda de la raz\u00f3n. Y para cristianos y creacionistas, ser\u00e1 lo mismo, pues deber\u00e1n pensar que tambi\u00e9n la raz\u00f3n humana es obra de la creaci\u00f3n. \u00bfO pretender\u00e1 alguno que no lo es?<\/span><br \/><span style=\"font-family: Verdana, sans-serif\">S\u00ed, Francisco les escribe a todos, y obs\u00e9rvese que no lo hace usando el \u201cNos\u201d mayest\u00e1tico, sino el humilde \u201cyo\u201d del singular. Es el Papa que se despega de toda \u201cpapalatr\u00eda\u201d y que desde una posici\u00f3n que, guste o no, es de poder, es pol\u00edtica en el buen sentido, y por eso mismo es angustiante para todo buen hombre, escribe para todos los seres humanos.<br \/>No se basa en la autoridad de ning\u00fan dogma, sino que lo hace desde la ciencia en su verdadero lugar, donde no hay incompatibilidad con ninguna fe. Obs\u00e9rvese que, discretamente, como al pasar y en una cita, aparece nada menos que el nombre de Pierre Teilhard de Chardin.<br \/>\u00bfY qu\u00e9 nos quiere decir Francisco? Creo que se podr\u00eda sintetizar en tres palabras: \u201cEsto no va m\u00e1s\u201d.<br \/>Dice claramente que no va m\u00e1s un mundo donde menos de una cuarta parte engorda y se le tapan las arterias y derrama lo que a las tres cuartas partes les hace falta para sobrevivir. No va m\u00e1s con la t\u00e9cnica y la pol\u00edtica al servicio de corporaciones que buscan una renta infinita como \u00fanico objetivo, incluso produciendo sus propias crisis, exigiendo dinero para salvar sus bancos, en sumas que alcanzar\u00edan para salvar la vida de millones de personas, que explotan o consideran \u201cdescartables\u201d a los pa\u00edses d\u00e9biles y a sus propias clases excluidas, que buscan renta a expensas de hambre y muerte, de destrucci\u00f3n de la biodiversidad, de contaminaci\u00f3n, de extinci\u00f3n de especies, de maltratamiento de humanos y animales, de desertificaci\u00f3n, de calentamiento atmosf\u00e9rico, de erradicaci\u00f3n de cultivos tradicionales, de apropiaci\u00f3n de semillas, de crecientes intervenciones biotecnol\u00f3gicas irresponsables y un largo etc\u00e9tera.<br \/>No va m\u00e1s una especie que se est\u00e1 suicidando, que destruye las condiciones de habitabilidad humana del planeta, que al m\u00f3dico precio del consumo ha perdido hasta el instinto de supervivencia de los otros animales, que para continuar consumiendo se fabrica cada d\u00eda nuevas \u201cnecesidades\u201d.<br \/>La met\u00e1fora de que nos estamos disputando el mejor camarote del Titanic ya no es v\u00e1lida, porque lo que estamos haciendo es fabricar febrilmente nuevos camarotes, para disputarlos, mientras enfilamos a toda m\u00e1quina hacia el iceberg.<br \/>Durante medio siglo todo se quiso ocultar ideol\u00f3gicamente bajo la polarizaci\u00f3n \u201ccapitalismo\/comunismo\u201d, \u201cOriente\/Occidente\u201d (aunque Marx era occidental, claro). Cuando con la implosi\u00f3n de las burocracias del \u201csocialismo real\u201d la polarizaci\u00f3n ideol\u00f3gica perdi\u00f3 toda base, el mundo pareci\u00f3 quedar \u201cpatas arriba\u201d, como dir\u00eda Galeano.<br \/>Pero contra los que quisieron parar la historia, \u00e9sta sigui\u00f3 movi\u00e9ndose y hoy la obsoleta polarizaci\u00f3n ideol\u00f3gica viene a ser reemplazada por una opci\u00f3n real y urgente: vida o muerte, Eros o T\u00e1natos, habitabilidad del planeta o extinci\u00f3n de la especie.<br \/>Un cambio paradigm\u00e1tico de esta magnitud no se produce s\u00fabitamente, sino que las aguas van dividiendo sus corrientes, hasta que por fin se opera la separaci\u00f3n, precipitada por algo, un pe\u00f1asco, una catarata, un grito, una revoluci\u00f3n, o tambi\u00e9n un texto, o todo eso junto. Son los hechos fundamentales y fundacionales, que hacen eclosionar un nuevo paradigma.<br \/>No me cabe duda alguna acerca de que el texto de Francisco pertenece a esta categor\u00eda de hechos hist\u00f3ricos. La reacci\u00f3n hist\u00e9rica lo demuestra.<br \/>No obstante, cabe tener en cuenta que los hist\u00e9ricos no son los due\u00f1os del poder, sino s\u00f3lo sus mu\u00f1equitos de ventr\u00edlocuo en la pol\u00edtica-espect\u00e1culo. Los due\u00f1os del poder son los que manejan las corporaciones: no confundamos al payaso \u2013y menos al mono\u2013 con el due\u00f1o del circo. Y \u00e9stos saben de poder y de c\u00f3mo ejercerlo. No son tan tontos como para enfrentarse a Francisco abiertamente y polemizar con \u00e9l. Eso lo dejan para los mercenarios de la pol\u00edtica e incluso los mandan callar.<br \/>Me parece que la t\u00e1ctica de los poderosos es ningunear la enc\u00edclica, no darle espacio en sus medios monopolizados u oligopolizados, matarla con el silencio. No mencionarla. Dejarla pasar como la veleidad de un cura populista. Los monopolios medi\u00e1ticos crean e inventan la realidad, y lo que molesta a las corporaciones de las que forman parte lo hacen desaparecer con sus juegos de prestidigitaci\u00f3n.<br \/>Pero la enc\u00edclica se dirige a todos los humanos, en especial a los j\u00f3venes, a quienes les legamos un mundo en v\u00edas de destrucci\u00f3n. Ya no est\u00e1 en peligro una naci\u00f3n, un pueblo, sino la especie humana misma. Deben leerla, es conceptualmente densa pero es clara.<br \/>Cuidado, pibes, que no es la palabra de un cura de estampita y medallita; si quieren pueden dejar la estampita y la medallita de lado, pero lean lo que les escribe un hombre que desde una posici\u00f3n que le permite visualizar el conjunto de la humanidad, lo hace con angustia, no por su propio destino, sino por el de todos los humanos.<br \/>Quiz\u00e1 sea este el siglo m\u00e1s peligroso de los muchos que el ser humano haya caminado por la superficie del planeta, pero por eso mismo, es tambi\u00e9n el m\u00e1s fascinante. En este siglo se decide si somos un extremo de complejidad e<br \/>\n inteligencia c\u00f3smica o si, por el contrario, somos una aberraci\u00f3n condenada a desaparecer. Probar lo primero es tarea de valientes, ayudados por la fe o por la raz\u00f3n, por lo que sea. Apoyemos la apuesta de Francisco. Probemos que no somos un c\u00e1ncer del planeta.<br \/><i><span style=\"font-size: x-small\">*Ex juez de la Corte Suprema. Juez de la Corte Interamericana de Derechos Humanos.<\/span><\/i><\/span><\/div>\n","protected":false},"excerpt":{"rendered":"<p>NO VA M\u00c1S [Por E. Ra\u00fal Zaffaroni*] La enc\u00edclica de Francisco sobre el cuidado de la \u201ccasa com\u00fan\u201d provoc\u00f3 algunas declaraciones hist\u00e9ricas de voceros de la derecha norteamericana.Se dijo: que no es pol\u00edtico, lo que no es cierto, porque todo el que ejerce alg\u00fan poder en el mundo (espiritual, econ\u00f3mico, cultural, etc.) es rid\u00edculo que [&hellip;]<\/p>\n","protected":false},"author":4,"featured_media":0,"comment_status":"open","ping_status":"open","sticky":false,"template":"","format":"standard","meta":{"_monsterinsights_skip_tracking":false,"_monsterinsights_sitenote_active":false,"_monsterinsights_sitenote_note":"","_monsterinsights_sitenote_category":0,"jnews-multi-image_gallery":[],"jnews_single_post":{"format":"standard"},"jnews_primary_category":[],"_joinchat":[],"footnotes":""},"categories":[58],"tags":[71,157,167,146],"class_list":["post-286","post","type-post","status-publish","format-standard","hentry","category-noticiariachuelo","tag-de-la-tierra","tag-nadie-se-salva-solo","tag-politica-internacional","tag-religiosidad-popular"],"_links":{"self":[{"href":"http:\/\/fmriachuelo.it10.com.ar\/index.php\/wp-json\/wp\/v2\/posts\/286","targetHints":{"allow":["GET"]}}],"collection":[{"href":"http:\/\/fmriachuelo.it10.com.ar\/index.php\/wp-json\/wp\/v2\/posts"}],"about":[{"href":"http:\/\/fmriachuelo.it10.com.ar\/index.php\/wp-json\/wp\/v2\/types\/post"}],"author":[{"embeddable":true,"href":"http:\/\/fmriachuelo.it10.com.ar\/index.php\/wp-json\/wp\/v2\/users\/4"}],"replies":[{"embeddable":true,"href":"http:\/\/fmriachuelo.it10.com.ar\/index.php\/wp-json\/wp\/v2\/comments?post=286"}],"version-history":[{"count":1,"href":"http:\/\/fmriachuelo.it10.com.ar\/index.php\/wp-json\/wp\/v2\/posts\/286\/revisions"}],"predecessor-version":[{"id":23706,"href":"http:\/\/fmriachuelo.it10.com.ar\/index.php\/wp-json\/wp\/v2\/posts\/286\/revisions\/23706"}],"wp:attachment":[{"href":"http:\/\/fmriachuelo.it10.com.ar\/index.php\/wp-json\/wp\/v2\/media?parent=286"}],"wp:term":[{"taxonomy":"category","embeddable":true,"href":"http:\/\/fmriachuelo.it10.com.ar\/index.php\/wp-json\/wp\/v2\/categories?post=286"},{"taxonomy":"post_tag","embeddable":true,"href":"http:\/\/fmriachuelo.it10.com.ar\/index.php\/wp-json\/wp\/v2\/tags?post=286"}],"curies":[{"name":"wp","href":"https:\/\/api.w.org\/{rel}","templated":true}]}}