{"id":285,"date":"2015-07-06T16:00:00","date_gmt":"2015-07-06T16:00:00","guid":{"rendered":"http:\/\/fmriachuelo.observatorioess.org.ar\/index.php\/2015\/07\/06\/republica-bolivariana-de-venezuela-nuevo-aniversario-de-la-declaracion-de-la-independencia\/"},"modified":"2025-04-16T13:13:25","modified_gmt":"2025-04-16T16:13:25","slug":"republica-bolivariana-de-venezuela-nuevo-aniversario-de-la-declaracion-de-la-independencia","status":"publish","type":"post","link":"http:\/\/fmriachuelo.it10.com.ar\/index.php\/2015\/07\/06\/republica-bolivariana-de-venezuela-nuevo-aniversario-de-la-declaracion-de-la-independencia\/","title":{"rendered":"REP\u00daBLICA BOLIVARIANA DE VENEZUELA: NUEVO ANIVERSARIO DE LA DECLARACI\u00d3N DE LA INDEPENDENCIA"},"content":{"rendered":"<p><span style=\"font-family: Verdana, sans-serif;font-size: large\"><b><span style=\"color: red\">HACE 204 A\u00d1OS NAC\u00cdA LA PATRIA LIBRE<\/span><\/b><\/span><br \/><span style=\"font-family: Verdana, sans-serif;font-size: small\">INDEPENDENCIA PARA SIEMPRE<\/span><\/p>\n<div style=\"clear: both;text-align: center\"><a href=\"http:\/\/3.bp.blogspot.com\/-JTdHY9VCQVg\/VZsN2jZJlbI\/AAAAAAAAFIk\/1vRlR5fHDRc\/s1600\/izamiento_bandera_jpg_1718483346.jpg\" style=\"clear: left;float: left;margin-bottom: 1em;margin-right: 1em\"><span style=\"font-family: Verdana, sans-serif\"><img loading=\"lazy\" decoding=\"async\" border=\"0\" height=\"113\" src=\"http:\/\/3.bp.blogspot.com\/-JTdHY9VCQVg\/VZsN2jZJlbI\/AAAAAAAAFIk\/1vRlR5fHDRc\/s200\/izamiento_bandera_jpg_1718483346.jpg\" width=\"200\" \/><\/span><\/a><\/div>\n<div style=\"text-align: justify\"><span style=\"font-family: Verdana, sans-serif\"><i>[Por Ad\u00e1n Ch\u00e1vez Fr\u00edas] <\/i>Este domingo conmemoramos 204 a\u00f1os de nuestra Declaraci\u00f3n de Independencia. Hace m\u00e1s de dos siglos atr\u00e1s, ocurri\u00f3 un hecho hist\u00f3rico decisivo que cambiar\u00eda irreversiblemente nuestro destino como pueblo: fue proclamada nuestra independencia del gobierno espa\u00f1ol y surgi\u00f3 la Primera Rep\u00fablica.<\/span><br \/><a name='more'><\/a><span style=\"font-family: Verdana, sans-serif\">Despu\u00e9s del 19 de Abril de 1810, se hab\u00eda avanzado en el camino hacia nuestra liberaci\u00f3n del yugo espa\u00f1ol: se reconoc\u00eda el principio de la Soberan\u00eda Popular, se aceptaban las elecciones, exist\u00eda un Congreso Nacional, se permit\u00eda la pr\u00e1ctica del derecho a la libre asociaci\u00f3n. Pero faltaba declarar la Independencia \u201cde hecho y de derecho\u201d. La prudencia de algunos, los temores de otros, apuntaban al retardo de esta decisi\u00f3n por la que insist\u00edan los compatriotas m\u00e1s decididos y de conciencia revolucionaria m\u00e1s clara.<br \/>La historia es testigo de la vehemente lucha que se libr\u00f3 en diferentes terrenos, desde la Sociedad Patri\u00f3tica; la participaci\u00f3n decidida de h\u00e9roes de la Patria como Francisco de Miranda, el joven Sim\u00f3n Bol\u00edvar, Jos\u00e9 F\u00e9lix Ribas, entre otros, para poder formalizar esa declaraci\u00f3n de independencia.<\/span><br \/><span style=\"font-family: Verdana, sans-serif\">Es memorable el discurso de Bol\u00edvar, el 3 de Julio de 1811: \u201cLo que queremos es que esa uni\u00f3n sea efectiva, para animarnos a la gloriosa empresa de nuestra libertad. Unirnos para reposar y dormir en los brazos de la apat\u00eda ayer fue mengua, hoy es una traici\u00f3n. Se discute en el Congreso Nacional lo que deber\u00eda estar decidido. Y \u00bfqu\u00e9 dicen? Que debemos comenzar por una confederaci\u00f3n. \u00a1Como si todos no estuvi\u00e9semos confederados contra la tiran\u00eda extranjera! Que debemos atender a los resultados de la pol\u00edtica de Espa\u00f1a. \u00bfQu\u00e9 nos importa si Espa\u00f1a vende a Bonaparte sus esclavos, o que los conserve, si estamos resueltos a ser libres? Esas dudas son tristes efectos de las antiguas cadenas. \u00a1Que los grandes proyectos deben prepararse con calma!.. Trescientos a\u00f1os de calma, \u00bfno bastan?, \u00bfSe quieren otros trescientos todav\u00eda? La Junta Patri\u00f3tica respeta, como debe, al Congreso de la Naci\u00f3n; pero el Congreso debe o\u00edr a la Junta Patri\u00f3tica, centro de luces y de todos los intereses revolucionarios. Pongamos sin temor la piedra fundamental de la libertad suramericana. Vacilar es sucumbir\u201d.<br \/>Dos d\u00edas despu\u00e9s, el 5 de Julio de 1811, el Presidente del Congreso, el barin\u00e9s Juan Antonio Rodr\u00edguez Dom\u00ednguez, diputado por Nutrias, hizo la moci\u00f3n: \u201cQue habiendo llegado el tiempo m\u00e1s oportuno para tratar la cuesti\u00f3n independencia absoluta, se discutiera inmediatamente\u201d. Se debati\u00f3 y sancion\u00f3, entonces, el Acta de la Independencia de la Patria. Es decir, Venezuela comenzaba su existencia como Naci\u00f3n libre, soberana e independiente.<br \/>En aquel entonces, nac\u00eda la Patria libre que luego nos fue arrebatada por m\u00e1s de un siglo de guerras intestinas, dictaduras militares y la falsa democracia que instaur\u00f3 el puntofijismo, hasta el arribo de la Revoluci\u00f3n Bolivariana que sostuvo, desde sus inicios, el prop\u00f3sito fundamental de iniciar un proceso de liberaci\u00f3n nacional para cristalizar nuestra definitiva independencia: la consolidaci\u00f3n del Proyecto Bolivariano, que fue truncado con la muerte f\u00edsica del Padre Libertador.<br \/>El esp\u00edritu de cambio, de ruptura con el pasado colonialista que alberga el 5 de julio, prevalece en la Venezuela Bolivariana y Chavista de hoy. Este es un pueblo que ha decidido ser definitivamente libre y as\u00ed lo ha manifestado en estos 16 a\u00f1os de Revoluci\u00f3n, bajo el liderazgo del Comandante Eterno Hugo Ch\u00e1vez, en los que hemos transitado dif\u00edciles momentos; enfrentado golpes y contragolpes; recibido la amenaza y el ataque constante de la contrarrevoluci\u00f3n interna y externa, pero hemos salido victoriosos.<br \/>Le demostramos al mundo, que pese a la conspiraci\u00f3n de la derecha fascista nacional e internacional, al terrorismo financiero y econ\u00f3mico que nos aplican desde Washington, a la amenaza militarista desde el Pent\u00e1gono, tenemos el sagrado deber de continuar edificando esta Patria como una tierra verdaderamente libre y soberana.<br \/>En estos momentos, seguimos en la lucha por la Independencia, hacia la concreci\u00f3n de nuestro Socialismo Bolivariano, Chavista, Cristiano y Antiimperialista, como \u00fanico camino que nos har\u00e1 libres para siempre.<br \/>Y justamente hoy, a 28 meses de la siembra de nuestro Gigante Eterno, el mejor homenaje que podemos rendirle, es seguir unidos y trabajando arduamente, como lo venimos haciendo, para dar cumplimiento a los objetivos del Plan de la Patria, a fin de convertir a Venezuela en una potencia soberana, independiente y socialista.<br \/><b>Honor y Gloria al Bravo Pueblo, que avanza indetenible hacia su definitiva independencia! \u00a1Bolivarianos, Chavistas, Socialistas, por Siempre!<\/b><\/span><\/p>\n<div><span><span style=\"color: #0b5394;font-family: Verdana, sans-serif;font-size: x-small\"><b>PSUV\/FOTO: TELESUR\/PRODUCCI\u00d3N RIACHUELO<\/b><\/span><\/span><\/div>\n<\/div>\n","protected":false},"excerpt":{"rendered":"<p>HACE 204 A\u00d1OS NAC\u00cdA LA PATRIA LIBREINDEPENDENCIA PARA SIEMPRE [Por Ad\u00e1n Ch\u00e1vez Fr\u00edas] Este domingo conmemoramos 204 a\u00f1os de nuestra Declaraci\u00f3n de Independencia. Hace m\u00e1s de dos siglos atr\u00e1s, ocurri\u00f3 un hecho hist\u00f3rico decisivo que cambiar\u00eda irreversiblemente nuestro destino como pueblo: fue proclamada nuestra independencia del gobierno espa\u00f1ol y surgi\u00f3 la Primera Rep\u00fablica.Despu\u00e9s del 19 [&hellip;]<\/p>\n","protected":false},"author":4,"featured_media":0,"comment_status":"open","ping_status":"open","sticky":false,"template":"","format":"standard","meta":{"_monsterinsights_skip_tracking":false,"_monsterinsights_sitenote_active":false,"_monsterinsights_sitenote_note":"","_monsterinsights_sitenote_category":0,"jnews-multi-image_gallery":[],"jnews_single_post":{"format":"standard"},"jnews_primary_category":[],"_joinchat":[],"footnotes":""},"categories":[60],"tags":[70,65],"class_list":["post-285","post","type-post","status-publish","format-standard","hentry","category-mirada-riachuelo","tag-de-la-patria-grande","tag-soberania"],"_links":{"self":[{"href":"http:\/\/fmriachuelo.it10.com.ar\/index.php\/wp-json\/wp\/v2\/posts\/285","targetHints":{"allow":["GET"]}}],"collection":[{"href":"http:\/\/fmriachuelo.it10.com.ar\/index.php\/wp-json\/wp\/v2\/posts"}],"about":[{"href":"http:\/\/fmriachuelo.it10.com.ar\/index.php\/wp-json\/wp\/v2\/types\/post"}],"author":[{"embeddable":true,"href":"http:\/\/fmriachuelo.it10.com.ar\/index.php\/wp-json\/wp\/v2\/users\/4"}],"replies":[{"embeddable":true,"href":"http:\/\/fmriachuelo.it10.com.ar\/index.php\/wp-json\/wp\/v2\/comments?post=285"}],"version-history":[{"count":1,"href":"http:\/\/fmriachuelo.it10.com.ar\/index.php\/wp-json\/wp\/v2\/posts\/285\/revisions"}],"predecessor-version":[{"id":23707,"href":"http:\/\/fmriachuelo.it10.com.ar\/index.php\/wp-json\/wp\/v2\/posts\/285\/revisions\/23707"}],"wp:attachment":[{"href":"http:\/\/fmriachuelo.it10.com.ar\/index.php\/wp-json\/wp\/v2\/media?parent=285"}],"wp:term":[{"taxonomy":"category","embeddable":true,"href":"http:\/\/fmriachuelo.it10.com.ar\/index.php\/wp-json\/wp\/v2\/categories?post=285"},{"taxonomy":"post_tag","embeddable":true,"href":"http:\/\/fmriachuelo.it10.com.ar\/index.php\/wp-json\/wp\/v2\/tags?post=285"}],"curies":[{"name":"wp","href":"https:\/\/api.w.org\/{rel}","templated":true}]}}