{"id":2838,"date":"2016-09-28T01:41:59","date_gmt":"2016-09-28T01:41:59","guid":{"rendered":"http:\/\/fmriachuelo.com.ar\/ljkjklj\/?p=2838"},"modified":"2016-09-28T01:41:59","modified_gmt":"2016-09-28T01:41:59","slug":"caba-3-de-octubre-dia-mundial-del-habitat-con-actividades-por-la-nacionalizacion-de-la-ley-341","status":"publish","type":"post","link":"http:\/\/fmriachuelo.it10.com.ar\/index.php\/2016\/09\/28\/caba-3-de-octubre-dia-mundial-del-habitat-con-actividades-por-la-nacionalizacion-de-la-ley-341\/","title":{"rendered":"CABA: 3 DE OCTUBRE DIA MUNDIAL DEL HABITAT,  CON ACTIVIDADES POR LA NACIONALIZACI\u00d3N DE LA LEY 341"},"content":{"rendered":"<p style=\"text-align: justify\">[FMR 28\/09\/16] El proximo lunes 3 de octubre Dia Mundial del Habitat. Ese d\u00eda organizaciones populares presentar\u00e1n el proyecto de Ley de Producci\u00f3n Social del Habitat Popular, con un cronograma de actividades que finalizar\u00e1n en la Plaza de los Dos Congresos.<\/p>\n<p>Rafa Klejzer, Secretario de Vivienda y Habitat de la Confederaci\u00f3n de Trabajadores de la Econom\u00eda Popular, CTEP, y referente del M.P. La Dignidad, estuvo hablando para el programa <strong><span style=\"color: #ff0000\">Romp\u00e9 el Cerco Informativo<\/span><\/strong> y esto nos dijo:<\/p>\n<p><strong>POR EL DERECHO A LA PRODUCCI\u00d3N SOCIAL DEL HABITAT POPULAR<\/strong><\/p>\n<p>PROGRAMA DE\u00a0ACTIVIDADES EN CABA<\/p>\n<ul>\n<li>15 hs: Concentraci\u00f3n en Solis 693, CABA . Acto de repudio a la venta del edificio, con la presencia de la familias que fueron desalojadas y las organizaciones sociales de la Secretar\u00eda Latinoamericana de Vivienda y Habitat Popular, SELVIHP, \u00a0y marcha hasta Plaza Congreso.-<\/li>\n<li>15:30 hs: Concentraci\u00f3n en la Plaza Congreso. Feria de difusi\u00f3n de experiencias nacionales de H\u00e1bitat.<\/li>\n<li>17:00 Acto por el D\u00eda Mundial del H\u00e1bitat. Lanzamiento de la propuesta de Ley Nacional de Producci\u00f3n Social Autogestionaria del H\u00e1bitat Popular.<\/li>\n<\/ul>\n","protected":false},"excerpt":{"rendered":"<p>[FMR 28\/09\/16] El proximo lunes 3 de octubre Dia Mundial del Habitat. Ese d\u00eda organizaciones populares presentar\u00e1n el proyecto de Ley de Producci\u00f3n Social del Habitat Popular, con un cronograma de actividades que finalizar\u00e1n en la Plaza de los Dos Congresos. Rafa Klejzer, Secretario de Vivienda y Habitat de la Confederaci\u00f3n de Trabajadores de la [&hellip;]<\/p>\n","protected":false},"author":4,"featured_media":2839,"comment_status":"open","ping_status":"open","sticky":false,"template":"","format":"standard","meta":{"_monsterinsights_skip_tracking":false,"_monsterinsights_sitenote_active":false,"_monsterinsights_sitenote_note":"","_monsterinsights_sitenote_category":0,"jnews-multi-image_gallery":[],"jnews_single_post":[],"jnews_primary_category":[],"_joinchat":[],"footnotes":""},"categories":[76,74],"tags":[],"class_list":["post-2838","post","type-post","status-publish","format-standard","has-post-thumbnail","hentry","category-salud-comunitaria","category-san-cayetano"],"_links":{"self":[{"href":"http:\/\/fmriachuelo.it10.com.ar\/index.php\/wp-json\/wp\/v2\/posts\/2838","targetHints":{"allow":["GET"]}}],"collection":[{"href":"http:\/\/fmriachuelo.it10.com.ar\/index.php\/wp-json\/wp\/v2\/posts"}],"about":[{"href":"http:\/\/fmriachuelo.it10.com.ar\/index.php\/wp-json\/wp\/v2\/types\/post"}],"author":[{"embeddable":true,"href":"http:\/\/fmriachuelo.it10.com.ar\/index.php\/wp-json\/wp\/v2\/users\/4"}],"replies":[{"embeddable":true,"href":"http:\/\/fmriachuelo.it10.com.ar\/index.php\/wp-json\/wp\/v2\/comments?post=2838"}],"version-history":[{"count":0,"href":"http:\/\/fmriachuelo.it10.com.ar\/index.php\/wp-json\/wp\/v2\/posts\/2838\/revisions"}],"wp:featuredmedia":[{"embeddable":true,"href":"http:\/\/fmriachuelo.it10.com.ar\/index.php\/wp-json\/"}],"wp:attachment":[{"href":"http:\/\/fmriachuelo.it10.com.ar\/index.php\/wp-json\/wp\/v2\/media?parent=2838"}],"wp:term":[{"taxonomy":"category","embeddable":true,"href":"http:\/\/fmriachuelo.it10.com.ar\/index.php\/wp-json\/wp\/v2\/categories?post=2838"},{"taxonomy":"post_tag","embeddable":true,"href":"http:\/\/fmriachuelo.it10.com.ar\/index.php\/wp-json\/wp\/v2\/tags?post=2838"}],"curies":[{"name":"wp","href":"https:\/\/api.w.org\/{rel}","templated":true}]}}