{"id":2833,"date":"2016-09-27T03:13:19","date_gmt":"2016-09-27T03:13:19","guid":{"rendered":"http:\/\/fmriachuelo.com.ar\/ljkjklj\/?p=2833"},"modified":"2016-09-27T03:13:19","modified_gmt":"2016-09-27T03:13:19","slug":"colombia-firman-la-paz-tras-52-anos-de-guerras-fraticidas","status":"publish","type":"post","link":"http:\/\/fmriachuelo.it10.com.ar\/index.php\/2016\/09\/27\/colombia-firman-la-paz-tras-52-anos-de-guerras-fraticidas\/","title":{"rendered":"COLOMBIA: FIRMAN LA PAZ TRAS 52 A\u00d1OS DE GUERRA"},"content":{"rendered":"<p style=\"text-align: justify\">[FMR 26\/09\/16] 52 a\u00f1os de guerra intestinas han sacudido Colombia. Hoy se firm\u00f3 un acuerdo de paz que debe ser refrendado por el pueblo colombiano en un plebiscito. Sin embargo, desde las organizaciones territoriales se afirma que la realidad en los territorios no tiene nada que ver con un escenario de paz. Entrevista a Gladys Rojas\u00a0Gladys Rojas es parte del equipo de trabajo de la Corporaci\u00f3n Sembrar, una agrupaci\u00f3n de Derechos Humanos con un cuarto de siglo de trayectoria y que se desempe\u00f1a prioritariamente en el sur del departamento de Bol\u00edvar, desde los tiempos m\u00e1s duros de la incursi\u00f3n paramilitar en esa regi\u00f3n. Gladys es una luchadora social que inici\u00f3 su compromiso popular hace 30 a\u00f1os, trabajando en la alfabetizaci\u00f3n campesina. Hasta hoy acompa\u00f1a a las comunidades agromineras en la zona y colabora con las v\u00edctimas de violaciones de los derechos humanos en materia psicosocial.<span id=\"more-7666\"><\/span><\/p>\n<p>[Colombia Informa 22\/09\/16 por Andr\u00e9s Figueroa Cornejo] La Corporaci\u00f3n Sembrar se articula nacionalmente con el Movimiento de V\u00edctimas de Cr\u00edmenes de Estado, con la Red de Hermandad y Solidaridad con Colombia y con el Congreso de los Pueblos.<\/p>\n<p><em><strong>Colombia Informa: Hoy Colombia est\u00e1 en el centro de la mirada latinoamericana e internacional debido al denominado Proceso de Paz. \u00bfCu\u00e1les son para ti y para las organizaciones a las que perteneces, las condiciones de una paz genuina para los pueblos de Colombia?<\/strong><\/em><\/p>\n<p><strong>Gladys Rojas:<\/strong> Puede sonar muy pesimista, pero cuando las y los l\u00edderes sociales estamos en terreno, viviendo el d\u00eda a d\u00eda junto a las comunidades campesinas, afro, ind\u00edgenas, esa paz genuina no la percibimos. La realidad en los territorios no tiene nada que ver con un escenario de paz. En las regiones, las causas estructurales que originaron el conflicto social y armado en el pa\u00eds permanecen intactas. No existe ning\u00fan inter\u00e9s por parte del Estado colombiano de enfrentar esas causas sist\u00e9micas. Por el contrario, el Estado s\u00f3lo tiene el inter\u00e9s de \u2018adornar\u2019 el pa\u00eds para venderlo a los intereses transnacionales. Y ante ese objetivo, el movimiento social e insurgente representa un estorbo. Por eso necesita neutralizarlo a como d\u00e9 lugar.<\/p>\n<p><em><strong>C.I.: \u00bfCu\u00e1les son esas causas estructurales?<\/strong><\/em><\/p>\n<p><strong>G.R.:<\/strong> Consideramos que existen tres elementos estructurales que nos llevaron al conflicto social y armado. El despojo, la desigualdad econ\u00f3mica y la exclusi\u00f3n pol\u00edtica. Para nosotros una paz estable y duradera debe superar y resolver estos tres componentes.<\/p>\n<p>Todas las reivindicaciones que hemos conquistado han sido mediante la movilizaci\u00f3n y la lucha. Y eso continuar\u00e1 siendo as\u00ed.<\/p>\n<p><em><strong>C.I.: Para reproducirse, el capitalismo \u00a0requiere de la destrucci\u00f3n incesante de capital. Si, precisamente, el Estado capitalista colombiano subordinado a los intereses pentagonistas, tal como en muchas partes del planeta, busca superar su feroz depresi\u00f3n y crisis mediante el extractivismo destructivo de humanidad y naturaleza, la deuda y la s\u00faper explotaci\u00f3n del trabajo asalariado, \u00bfqu\u00e9 confianza tienen de que el gobierno de Santos acabe con las causas sist\u00e9micas que iniciaron y mantienen el conflicto en el pa\u00eds?<\/strong><\/em><\/p>\n<p>G.R.: Confianza, ninguna. Nosotros reconocemos que los acuerdos de La Habana son un paso importante en la construcci\u00f3n de la paz. Sabemos que significar\u00e1 salvar muchas vidas en Colombia. Sin embargo, la realidad nos indica que al movimiento social nada se nos regala. Hist\u00f3ricamente, todas las reivindicaciones que hemos conquistado han sido mediante la movilizaci\u00f3n y la lucha. Y eso continuar\u00e1 siendo as\u00ed, si es que deseamos una paz al servicio de los intereses del pueblo colombiano.<\/p>\n<p><strong>Falta la participaci\u00f3n de las comunidades y de la poblaci\u00f3n<\/strong><\/p>\n<p><em><strong>C.I.: En Chile, a inicio de los 90 del siglo pasado, el primer presidente civil postdictadura, el dem\u00f3crata cristiano Patricio Aylwin, a prop\u00f3sito de la lucha por la verdad y la justicia por los cr\u00edmenes de la tiran\u00eda c\u00edvico y militar, acu\u00f1\u00f3 la infeliz expresi\u00f3n de \u201cjusticia\u2026en la medida de lo posible\u201d. La frase de Aylwin, uno de los golpistas m\u00e1s destacados durante el gobierno de Salvador Allende, sigue vigente en Chile a causa de los pactos entre las facciones del poder para tornar intocables a Augusto Pinochet y a los principales art\u00edfices y hechores de la m\u00e1s sangrienta dictadura que registra la historia de mi pa\u00eds. \u00bfQu\u00e9 ocurre sobre la paz en Colombia en este sentido?<\/strong><\/em><\/p>\n<p><strong>G.R.:<\/strong> El Estado colombiano est\u00e1 por la paz, m\u00e1s que \u2018en la medida de lo posible\u2019, derechamente \u2018a su medida\u2019. Y en el \u00e1rea de los derechos humanos, seg\u00fan el proceso de los acuerdos de La Habana en lo que compete a la demanda de verdad y justicia, hay un enorme escepticismo y decepci\u00f3n entre las v\u00edctimas, debido a que el acuerdo pondr\u00e1 en total impunidad a muchos responsables de los cr\u00edmenes cometidos por la fuerza p\u00fablica. De hecho, este proceso los colocar\u00e1 a salvo. En tal sentido, sentimos que los a\u00f1os de trabajo, lucha y sacrificio en vidas humanas por la b\u00fasqueda de la verdad y la justicia, han sido en vano. Muchos militares que logramos llevar a la c\u00e1rcel a un alt\u00edsimo precio en vidas, quedar\u00e1n libres.<\/p>\n<p><em><strong>C.I.: Entonces, \u00bfqu\u00e9 clase de paz es la de los acuerdos de La Habana?<\/strong><\/em><\/p>\n<p><strong>G.R.:<\/strong> Una paz incompleta. Faltan otros grupos insurgentes que deben ser tenidos en cuenta. Pero, ante todo, falta la participaci\u00f3n de las comunidades y de la poblaci\u00f3n colombiana que han vivido los impactos de la guerra y que no han sido consideradas hasta ahora. Si a ello le agregas la no soluci\u00f3n de las causas estructurales del conflicto, entonces el camino est\u00e1 por hacerse todav\u00eda. Vale se\u00f1alar que nosotros en relaci\u00f3n al pr\u00f3ximo plebiscito, estamos por el \u2018S\u00ed y Vamos Por M\u00e1s\u2019, entendiendo siempre los aspectos antes se\u00f1alados.<\/p>\n<p><strong>Se agudiza la represi\u00f3n<\/strong><\/p>\n<p><em><strong>C.I.: Desde el denominado cese de las hostilidades acordado entre el gobierno y las FARC, entre el 26 de agosto y el 14 de septiembre de 2016, ya han sido asesinados m\u00e1s de una docena de l\u00edderes sociales y defensores de los derechos humanos, y amenazados de muerte muchos m\u00e1s. \u00bfQu\u00e9 significan estos hechos cuando se habla de paz?<\/strong><\/em><\/p>\n<p><strong>G.R.:<\/strong> Significa que cuando todos est\u00e1n distra\u00eddos con el discurso de la paz, las y los l\u00edderes sociales y luchadores de los derechos humanos que contin\u00faan su labor en los territorios son presa del paramilitarismo y la fuerza p\u00fablica sin control que siguen operando en las regiones. En Colombia cada vez que se habla de paz, siempre hay guerra. Pensamos que esperar\u00edan los resultados del plebiscito antes de continuar aplicando la represi\u00f3n. Sin embargo, ya prevemos que la represi\u00f3n se agudizar\u00e1 a trav\u00e9s de los grupos paramilitares y de la fuerza p\u00fablica con la excusa de perseguir al Ej\u00e9rcito de Liberaci\u00f3n Nacional -ELN-, que ahorita ser\u00e1 un objetivo importante desde lo militar. En ese marco, el movimiento social y las y los l\u00edderes de las comunidades llevamos la peor parte.<\/p>\n<p><strong>El amor eficaz<\/strong><\/p>\n<p><em><strong>C.I.: \u00bfQu\u00e9 madera insobornable forj\u00f3 al movimiento social en Colombia?<\/strong><\/em><\/p>\n<p>G.R.: La construcci\u00f3n cotidiana con las comunidades. Vivir sus alegr\u00edas y sus dolores, sus triunfos y derrotas. Nuestra convicci\u00f3n de que otro mundo es posible; un amor infinito por la libertad y la justicia, un amor eficaz.<br \/>\nAhora bien, naturalmente el m\u00e9rito no ha sido s\u00f3lo nuestro. Hemos recibido el ejemplo de los movimientos populares chileno, ecuatoriano, argentino, cubano, venezolano, etc. Aqu\u00ed existe una retroalimentaci\u00f3n permanente que ha fortalecido todo el sentimiento de resistencia en Am\u00e9rica Latina.<\/p>\n<p><em><strong>C.I.: Si la solidaridad es la ternura de los pueblos, \u00bfqu\u00e9 precisan de las y los luchadores sociales del Continente y del mundo en esta hora incierta?<\/strong><\/em><\/p>\n<p><strong>G.R.:<\/strong> Que nos sigan acompa\u00f1ando en la creaci\u00f3n de esa paz verdadera y necesaria para Colombia, y que perseveremos en el trabajo conjunto de construir una Am\u00e9rica Latina tal como la so\u00f1amos.<\/p>\n<p><em>* Andr\u00e9s Figueroa Cornejo es periodista y comunicador social y colaborador de Colombia Informa en Chile.<\/em><\/p>\n","protected":false},"excerpt":{"rendered":"<p>[FMR 26\/09\/16] 52 a\u00f1os de guerra intestinas han sacudido Colombia. Hoy se firm\u00f3 un acuerdo de paz que debe ser refrendado por el pueblo colombiano en un plebiscito. Sin embargo, desde las organizaciones territoriales se afirma que la realidad en los territorios no tiene nada que ver con un escenario de paz. Entrevista a Gladys [&hellip;]<\/p>\n","protected":false},"author":4,"featured_media":2834,"comment_status":"open","ping_status":"open","sticky":false,"template":"","format":"standard","meta":{"_monsterinsights_skip_tracking":false,"_monsterinsights_sitenote_active":false,"_monsterinsights_sitenote_note":"","_monsterinsights_sitenote_category":0,"jnews-multi-image_gallery":[],"jnews_single_post":[],"jnews_primary_category":[],"_joinchat":[],"footnotes":""},"categories":[74],"tags":[],"class_list":["post-2833","post","type-post","status-publish","format-standard","has-post-thumbnail","hentry","category-san-cayetano"],"_links":{"self":[{"href":"http:\/\/fmriachuelo.it10.com.ar\/index.php\/wp-json\/wp\/v2\/posts\/2833","targetHints":{"allow":["GET"]}}],"collection":[{"href":"http:\/\/fmriachuelo.it10.com.ar\/index.php\/wp-json\/wp\/v2\/posts"}],"about":[{"href":"http:\/\/fmriachuelo.it10.com.ar\/index.php\/wp-json\/wp\/v2\/types\/post"}],"author":[{"embeddable":true,"href":"http:\/\/fmriachuelo.it10.com.ar\/index.php\/wp-json\/wp\/v2\/users\/4"}],"replies":[{"embeddable":true,"href":"http:\/\/fmriachuelo.it10.com.ar\/index.php\/wp-json\/wp\/v2\/comments?post=2833"}],"version-history":[{"count":0,"href":"http:\/\/fmriachuelo.it10.com.ar\/index.php\/wp-json\/wp\/v2\/posts\/2833\/revisions"}],"wp:featuredmedia":[{"embeddable":true,"href":"http:\/\/fmriachuelo.it10.com.ar\/index.php\/wp-json\/"}],"wp:attachment":[{"href":"http:\/\/fmriachuelo.it10.com.ar\/index.php\/wp-json\/wp\/v2\/media?parent=2833"}],"wp:term":[{"taxonomy":"category","embeddable":true,"href":"http:\/\/fmriachuelo.it10.com.ar\/index.php\/wp-json\/wp\/v2\/categories?post=2833"},{"taxonomy":"post_tag","embeddable":true,"href":"http:\/\/fmriachuelo.it10.com.ar\/index.php\/wp-json\/wp\/v2\/tags?post=2833"}],"curies":[{"name":"wp","href":"https:\/\/api.w.org\/{rel}","templated":true}]}}