{"id":280,"date":"2015-07-08T14:05:00","date_gmt":"2015-07-08T14:05:00","guid":{"rendered":"http:\/\/fmriachuelo.observatorioess.org.ar\/index.php\/2015\/07\/08\/murio-una-de-las-fundadoras-de-madres-de-plaza-de-mayo-la-plata\/"},"modified":"2025-04-16T13:45:32","modified_gmt":"2025-04-16T16:45:32","slug":"murio-una-de-las-fundadoras-de-madres-de-plaza-de-mayo-la-plata","status":"publish","type":"post","link":"http:\/\/fmriachuelo.it10.com.ar\/index.php\/2015\/07\/08\/murio-una-de-las-fundadoras-de-madres-de-plaza-de-mayo-la-plata\/","title":{"rendered":"MURI\u00d3 UNA DE LAS FUNDADORAS DE MADRES DE PLAZA DE MAYO LA PLATA"},"content":{"rendered":"<p><span style=\"font-size: large\"><span style=\"font-family: Verdana,sans-serif\"><span style=\"color: red\"><b>LUCHADORA<\/b><\/span><\/span><\/span><br \/><span style=\"font-size: small\"><span style=\"font-family: Verdana,sans-serif\">\u00abPIRUCHA<span style=\"font-size: small\">\u00ab, LA MADRES QUE CANTABA \u00d3<span style=\"font-size: small\">PERA Y NO DE<span style=\"font-size: small\">J\u00d3 DE <span style=\"font-size: small\">BUSCAR A SU HIJ<span style=\"font-size: small\">O<\/span><\/span><\/span><\/span><\/span><\/span><\/span><\/p>\n<div style=\"text-align: justify\">\n<div style=\"clear: both;text-align: center\"><a href=\"http:\/\/3.bp.blogspot.com\/-BfExJnYMY0g\/VaKBOwtM-OI\/AAAAAAAAFSI\/dE629hgbFoI\/s1600\/pirucha.png\" style=\"clear: left;float: left;margin-bottom: 1em;margin-right: 1em\"><img loading=\"lazy\" decoding=\"async\" border=\"0\" height=\"200\" src=\"http:\/\/3.bp.blogspot.com\/-BfExJnYMY0g\/VaKBOwtM-OI\/AAAAAAAAFSI\/dE629hgbFoI\/s200\/pirucha.png\" width=\"128\" \/><\/a><\/div>\n<p><span style=\"font-size: small\"><span style=\"font-family: Verdana,sans-serif\"><b>Amneris Perusin Favero muri\u00f3 esta semana. Fue una de las fundadoras de Madres de Plaza de Mayo La Plata. Su hijo Daniel Omar Favero, poeta y responsable de la JUP, Juventud Universitaria Peronista, &nbsp;de esa ciudad, est\u00e1 desaparecido desde 1977.<\/b> Los polic\u00edas que participaron del secuestro fueron condenados, pero el caso de Daniel a\u00fan no lleg\u00f3 al juicio oral. Historia de una luchadora.<\/span><\/span><br \/><a name='more'><\/a><span style=\"font-size: small\"><span style=\"font-family: Verdana,sans-serif\">Las primeras reuniones de las Madres eran discretas, y se hac\u00edan en bares marginales o alg\u00fan departamento vac\u00edo. En esas reuniones, Amneris Perus\u00edn de Favero cantaba. \u201cEso cuentan sus compa\u00f1eras. Era su verdadera pasi\u00f3n\u201d, dice en una conversaci\u00f3n telef\u00f3nica con Infojus Noticias Claudia Favero, la mayor de sus tres hijos. \u201cPirucha\u201d, como todos conoc\u00edan a Amneris, era una talentosa cantante de \u00f3pera y Madre de Plaza de Mayo de la primera hora en La Plata, Amneris Perusin Favero. Daniel Omar Favero, poeta y responsable de la Juventud Universitaria Peronista, est\u00e1 desaparecido desde el 24 de junio de 1977, cuando lo secuestr\u00f3 una patota de la polic\u00eda bonaerense de Ram\u00f3n Camps. El domingo pasado muri\u00f3: uno de sus sobrinos hizo el anuncio p\u00fablico en un posteo de Facebook del centro cultural que lleva el nombre de su hijo, Daniel Omar Favero. Amneris ten\u00eda 89 a\u00f1os y estaba enferma de Alzheimer.<\/span><\/span><br \/><span style=\"font-size: small\"><span style=\"font-family: Verdana,sans-serif\"><span style=\"font-size: x-small\"><span style=\"color: #0b5394\"><b>INFOJUS\/PRODUCCI\u00d3N RIACHUELO<\/b><\/span><\/span><\/span><\/span><\/div>\n","protected":false},"excerpt":{"rendered":"<p>LUCHADORA\u00abPIRUCHA\u00ab, LA MADRES QUE CANTABA \u00d3PERA Y NO DEJ\u00d3 DE BUSCAR A SU HIJO Amneris Perusin Favero muri\u00f3 esta semana. Fue una de las fundadoras de Madres de Plaza de Mayo La Plata. Su hijo Daniel Omar Favero, poeta y responsable de la JUP, Juventud Universitaria Peronista, &nbsp;de esa ciudad, est\u00e1 desaparecido desde 1977. Los [&hellip;]<\/p>\n","protected":false},"author":4,"featured_media":0,"comment_status":"open","ping_status":"open","sticky":false,"template":"","format":"standard","meta":{"_monsterinsights_skip_tracking":false,"_monsterinsights_sitenote_active":false,"_monsterinsights_sitenote_note":"","_monsterinsights_sitenote_category":0,"jnews-multi-image_gallery":[],"jnews_single_post":{"format":"standard"},"jnews_primary_category":[],"_joinchat":[],"footnotes":""},"categories":[58],"tags":[119,72],"class_list":["post-280","post","type-post","status-publish","format-standard","hentry","category-noticiariachuelo","tag-derechos-humanos","tag-historia-de-la-lucha-de-los-pueblos"],"_links":{"self":[{"href":"http:\/\/fmriachuelo.it10.com.ar\/index.php\/wp-json\/wp\/v2\/posts\/280","targetHints":{"allow":["GET"]}}],"collection":[{"href":"http:\/\/fmriachuelo.it10.com.ar\/index.php\/wp-json\/wp\/v2\/posts"}],"about":[{"href":"http:\/\/fmriachuelo.it10.com.ar\/index.php\/wp-json\/wp\/v2\/types\/post"}],"author":[{"embeddable":true,"href":"http:\/\/fmriachuelo.it10.com.ar\/index.php\/wp-json\/wp\/v2\/users\/4"}],"replies":[{"embeddable":true,"href":"http:\/\/fmriachuelo.it10.com.ar\/index.php\/wp-json\/wp\/v2\/comments?post=280"}],"version-history":[{"count":1,"href":"http:\/\/fmriachuelo.it10.com.ar\/index.php\/wp-json\/wp\/v2\/posts\/280\/revisions"}],"predecessor-version":[{"id":23716,"href":"http:\/\/fmriachuelo.it10.com.ar\/index.php\/wp-json\/wp\/v2\/posts\/280\/revisions\/23716"}],"wp:attachment":[{"href":"http:\/\/fmriachuelo.it10.com.ar\/index.php\/wp-json\/wp\/v2\/media?parent=280"}],"wp:term":[{"taxonomy":"category","embeddable":true,"href":"http:\/\/fmriachuelo.it10.com.ar\/index.php\/wp-json\/wp\/v2\/categories?post=280"},{"taxonomy":"post_tag","embeddable":true,"href":"http:\/\/fmriachuelo.it10.com.ar\/index.php\/wp-json\/wp\/v2\/tags?post=280"}],"curies":[{"name":"wp","href":"https:\/\/api.w.org\/{rel}","templated":true}]}}