{"id":279,"date":"2015-07-08T14:12:00","date_gmt":"2015-07-08T14:12:00","guid":{"rendered":"http:\/\/fmriachuelo.observatorioess.org.ar\/index.php\/2015\/07\/08\/neuquen-no-a-la-mina\/"},"modified":"2025-04-16T14:07:41","modified_gmt":"2025-04-16T17:07:41","slug":"neuquen-no-a-la-mina","status":"publish","type":"post","link":"http:\/\/fmriachuelo.it10.com.ar\/index.php\/2015\/07\/08\/neuquen-no-a-la-mina\/","title":{"rendered":"NEUQU\u00c9N: NO A LA MINA"},"content":{"rendered":"<p><span style=\"font-family: Verdana,sans-serif\"><span style=\"font-size: large\"><b><span style=\"color: red\">COMUNIDAD MAPUCHE <span style=\"font-size: large\">PROTEGE A <\/span>LAS COL<span style=\"font-size: large\">O<span style=\"font-size: large\">RADAS Y AL R\u00cdO CATAN LIL<\/span><\/span> <\/span><\/b><\/span><\/span><\/p>\n<div style=\"clear: both;text-align: center\"><span style=\"font-family: Verdana,sans-serif\"><a href=\"http:\/\/2.bp.blogspot.com\/-wB81w3JOCFw\/VZ0vZcmv1jI\/AAAAAAAAFL8\/3ict9xwbuIA\/s1600\/no%2Ba%2Bla%2Bminas.png\" style=\"clear: left;float: left;margin-bottom: 1em;margin-right: 1em\"><img loading=\"lazy\" decoding=\"async\" border=\"0\" height=\"148\" src=\"http:\/\/2.bp.blogspot.com\/-wB81w3JOCFw\/VZ0vZcmv1jI\/AAAAAAAAFL8\/3ict9xwbuIA\/s200\/no%2Ba%2Bla%2Bminas.png\" width=\"200\" \/><\/a><\/span><\/div>\n<div style=\"text-align: justify\"><span style=\"font-family: Verdana,sans-serif\">La minera mexicana Southern Copper pretende poner en marcha un megaproyecto denominado Las Nenas y La Voluntad, en las Cuencas del Catan-lil y Picun Leufu, zona de Chachil. La Comunidad Mapuche Felipin que habita ancestralmente en la zona manifest\u00f3 su rechazo a dicho proyecto que afectar\u00e1 el territorio de veranada de Pampa Cerro Mesa, wuchu\u00f1 lelfv, (afluente del Rio Catan-lil), Chiwido Bayo, Choz Mawiza (afluente de rio Pikun Leufu).<\/span><br \/><a name='more'><\/a><span style=\"font-family: Verdana,sans-serif\">Seg\u00fan alertaron los miembros de la comunidad Felipin, el proyecto minero pondr\u00e1 en riesgo la vida no solo de las comunidades mapuches sino de toda la poblaci\u00f3n que vive en los m\u00e1rgenes de los r\u00edos antes mencionados y de las localidades Villa Puente Picun Leufu y Las Coloradas.<\/span><\/div>\n<p><span style=\"font-family: Verdana,sans-serif\">\u201cSabemos por otras experiencias y por estudios concretos la contaminaci\u00f3n ambiental que produce un mega proyecto a cielo abierto, donde seg\u00fan informaron en el estudio de impacto ambiental que present\u00f3 la empresa, tienen previsto en la fase exploratoria hacer diez pozos y utilizar 2.000.000 de litros de agua\u201d, expreso Juan Romero integrante de la comunidad.<br \/>Rastreando un rumor. Romero explic\u00f3 que todo comenz\u00f3 como un rumor hace aproximadamente cuatro meses, el cual tomo cuerpo cuando el diario R\u00edo Negro public\u00f3 un art\u00edculo confirm\u00e1ndolo. En un principio no se sab\u00eda ni qu\u00e9 minera, ni d\u00f3nde.<br \/>Desde la comunidad denunciaron que no se les realiz\u00f3 ning\u00fan tipo de consulta previa violando los principios constitucionales y el Convenio 169 de la OIT. Repudiaron en\u00e9rgicamente la audiencia p\u00fablica que propone realizar el 12 de agosto la secretaria de Medio Ambiente por considerar que \u201ces una burla para todos los habitantes que somos afectados ya que no s\u00f3lo- y principalmente- cuenta con el visto bueno de Miner\u00eda sino que no es vinculante. Adem\u00e1s pretenden llevarla a cabo en un paraje donde no hay se\u00f1al de tel\u00e9fono y donde el acceso es dif\u00edcil\u201d, explic\u00f3 Romero.<br \/>La Minera \u201cSouthern Copper\u201d fue echada de Per\u00fa por ser responsable de contaminaci\u00f3n ambiental. Adem\u00e1s se le responsabiliza de la muerte de 12 hermanos ind\u00edgenas que se opusieron al proyecto minero llamado T\u00eda Mar\u00eda.<\/span><br \/><span style=\"font-family: Verdana,sans-serif\"><span style=\"font-size: x-small\"><span style=\"color: #0b5394\"><b>8300 WEB\/PRODUCCI\u00d3N RIACHUELO<\/b><\/span><\/span><\/span><\/p>\n","protected":false},"excerpt":{"rendered":"<p>COMUNIDAD MAPUCHE PROTEGE A LAS COLORADAS Y AL R\u00cdO CATAN LIL La minera mexicana Southern Copper pretende poner en marcha un megaproyecto denominado Las Nenas y La Voluntad, en las Cuencas del Catan-lil y Picun Leufu, zona de Chachil. La Comunidad Mapuche Felipin que habita ancestralmente en la zona manifest\u00f3 su rechazo a dicho proyecto [&hellip;]<\/p>\n","protected":false},"author":4,"featured_media":0,"comment_status":"open","ping_status":"open","sticky":false,"template":"","format":"standard","meta":{"_monsterinsights_skip_tracking":false,"_monsterinsights_sitenote_active":false,"_monsterinsights_sitenote_note":"","_monsterinsights_sitenote_category":0,"jnews-multi-image_gallery":[],"jnews_single_post":{"format":"standard"},"jnews_primary_category":[],"_joinchat":[],"footnotes":""},"categories":[58],"tags":[174,71],"class_list":["post-279","post","type-post","status-publish","format-standard","hentry","category-noticiariachuelo","tag-cultura-originaria","tag-de-la-tierra"],"_links":{"self":[{"href":"http:\/\/fmriachuelo.it10.com.ar\/index.php\/wp-json\/wp\/v2\/posts\/279","targetHints":{"allow":["GET"]}}],"collection":[{"href":"http:\/\/fmriachuelo.it10.com.ar\/index.php\/wp-json\/wp\/v2\/posts"}],"about":[{"href":"http:\/\/fmriachuelo.it10.com.ar\/index.php\/wp-json\/wp\/v2\/types\/post"}],"author":[{"embeddable":true,"href":"http:\/\/fmriachuelo.it10.com.ar\/index.php\/wp-json\/wp\/v2\/users\/4"}],"replies":[{"embeddable":true,"href":"http:\/\/fmriachuelo.it10.com.ar\/index.php\/wp-json\/wp\/v2\/comments?post=279"}],"version-history":[{"count":1,"href":"http:\/\/fmriachuelo.it10.com.ar\/index.php\/wp-json\/wp\/v2\/posts\/279\/revisions"}],"predecessor-version":[{"id":23718,"href":"http:\/\/fmriachuelo.it10.com.ar\/index.php\/wp-json\/wp\/v2\/posts\/279\/revisions\/23718"}],"wp:attachment":[{"href":"http:\/\/fmriachuelo.it10.com.ar\/index.php\/wp-json\/wp\/v2\/media?parent=279"}],"wp:term":[{"taxonomy":"category","embeddable":true,"href":"http:\/\/fmriachuelo.it10.com.ar\/index.php\/wp-json\/wp\/v2\/categories?post=279"},{"taxonomy":"post_tag","embeddable":true,"href":"http:\/\/fmriachuelo.it10.com.ar\/index.php\/wp-json\/wp\/v2\/tags?post=279"}],"curies":[{"name":"wp","href":"https:\/\/api.w.org\/{rel}","templated":true}]}}