{"id":278,"date":"2015-07-08T14:17:00","date_gmt":"2015-07-08T14:17:00","guid":{"rendered":"http:\/\/fmriachuelo.observatorioess.org.ar\/index.php\/2015\/07\/08\/reflexiones-de-fidel\/"},"modified":"2025-04-16T14:15:23","modified_gmt":"2025-04-16T17:15:23","slug":"reflexiones-de-fidel","status":"publish","type":"post","link":"http:\/\/fmriachuelo.it10.com.ar\/index.php\/2015\/07\/08\/reflexiones-de-fidel\/","title":{"rendered":"REFLEXIONES DE FIDEL"},"content":{"rendered":"<p><span style=\"font-family: Verdana,sans-serif\"><span style=\"color: red\"><span style=\"font-size: large\"><b>UNA VICTORIA POL\u00cdTICA DEL PUEBLO<\/b><\/span><\/span><\/span><br \/><span style=\"font-family: Verdana,sans-serif\"><span style=\"font-size: small\">CARTA DE FIDEL A ALEXIS TSIPRAS, PRIMER MINISTRO DE GRECIA<\/span><\/span><br \/><a href=\"http:\/\/4.bp.blogspot.com\/-brchdw7Lg3Y\/VZ0wZqbW8BI\/AAAAAAAAFMI\/y3StgnGpfj4\/s1600\/fidel.png\" style=\"clear: left;float: left;margin-bottom: 1em;margin-right: 1em\"><img loading=\"lazy\" decoding=\"async\" border=\"0\" height=\"127\" src=\"http:\/\/4.bp.blogspot.com\/-brchdw7Lg3Y\/VZ0wZqbW8BI\/AAAAAAAAFMI\/y3StgnGpfj4\/s200\/fidel.png\" width=\"200\" \/><\/a><span style=\"font-family: Verdana,sans-serif\">El l\u00edder hist\u00f3rico de la Revoluci\u00f3n felicita al Excmo. Sr. Alexis Tsipras por su victoria pol\u00edtica y su valent\u00eda ante la coyuntura actual que enfrenta el pa\u00eds heleno.<\/span><br \/><a name='more'><\/a><br \/><span style=\"font-family: Verdana,sans-serif\">Excmo. Sr. Alexis Tsipras<br \/>Primer Ministro de Grecia:<\/span><br \/><span style=\"font-family: Verdana,sans-serif\">Lo felicito calurosamente por su brillante victoria pol\u00edtica, cuyos detalles segu\u00ed de cerca por el canal TeleSur.<br \/>             Grecia es muy familiar entre los cubanos. Ella nos ense\u00f1\u00f3 Filosof\u00eda, Arte y Ciencias de la antig\u00fcedad cuando estudi\u00e1bamos en la escuela y, con ellas, la m\u00e1s compleja de todas las actividades humanas: el arte y la ciencia de la pol\u00edtica.<br \/>             Su pa\u00eds, especialmente su valent\u00eda en la coyuntura actual, despierta admiraci\u00f3n entre los pueblos latinoamericanos y caribe\u00f1os de este hemisferio al ver como Grecia, ante agresiones externas, defiende su identidad y su cultura. Tampoco olvidan que un a\u00f1o despu\u00e9s del ataque de Hitler a Polonia, Mussolini orden\u00f3 a sus tropas invadir Grecia, y ese valiente pa\u00eds rechaz\u00f3 la agresi\u00f3n e hizo retroceder a los invasores, lo que oblig\u00f3 el despliegue de unidades blindadas alemanas en direcci\u00f3n a Grecia, desvi\u00e1ndose del objetivo inicial.<\/span><br \/><span style=\"font-family: Verdana,sans-serif\">             Cuba conoce el valor y la capacidad combativa de las tropas rusas, que unidas a las fuerzas de su poderoso aliado la Rep\u00fablica Popular China, y otras naciones del Medio Oriente y Asia, tratar\u00e1n siempre de evitar la guerra, pero jam\u00e1s permitir\u00e1n agresi\u00f3n militar alguna sin respuesta contundente y devastadora.<br \/>             En la actual situaci\u00f3n pol\u00edtica del planeta, cuando la paz y la supervivencia de nuestra especie penden de un hilo, cada decisi\u00f3n, m\u00e1s que nunca, debe ser cuidadosamente elaborada y aplicada, de modo que nadie pueda dudar de la honestidad y la seriedad con las que muchos de los dirigentes m\u00e1s responsables y serios luchan hoy por enfrentar las calamidades que amenazan al mundo.<br \/>             Le deseamos a usted, estimad\u00edsimo compa\u00f1ero Alexis Tsipras, el mayor de los \u00e9xitos.<\/span><br \/><span style=\"font-family: Verdana,sans-serif\">Fraternalmente,<br \/>Fidel Castro Ruz<br \/>Julio 5 de 2015<\/span><br \/><span style=\"font-family: Verdana,sans-serif\"><span style=\"font-size: x-small\"><span style=\"color: #0b5394\"><b>GRANMA\/PRODUCCI\u00d3N RIACHUELO<\/b><\/span><\/span><\/span><\/p>\n","protected":false},"excerpt":{"rendered":"<p>UNA VICTORIA POL\u00cdTICA DEL PUEBLOCARTA DE FIDEL A ALEXIS TSIPRAS, PRIMER MINISTRO DE GRECIAEl l\u00edder hist\u00f3rico de la Revoluci\u00f3n felicita al Excmo. Sr. Alexis Tsipras por su victoria pol\u00edtica y su valent\u00eda ante la coyuntura actual que enfrenta el pa\u00eds heleno.Excmo. Sr. Alexis TsiprasPrimer Ministro de Grecia:Lo felicito calurosamente por su brillante victoria pol\u00edtica, cuyos [&hellip;]<\/p>\n","protected":false},"author":4,"featured_media":0,"comment_status":"open","ping_status":"open","sticky":false,"template":"","format":"standard","meta":{"_monsterinsights_skip_tracking":false,"_monsterinsights_sitenote_active":false,"_monsterinsights_sitenote_note":"","_monsterinsights_sitenote_category":0,"jnews-multi-image_gallery":[],"jnews_single_post":{"format":"standard"},"jnews_primary_category":[],"_joinchat":[],"footnotes":""},"categories":[58],"tags":[159,70,167],"class_list":["post-278","post","type-post","status-publish","format-standard","hentry","category-noticiariachuelo","tag-comunicacion","tag-de-la-patria-grande","tag-politica-internacional"],"_links":{"self":[{"href":"http:\/\/fmriachuelo.it10.com.ar\/index.php\/wp-json\/wp\/v2\/posts\/278","targetHints":{"allow":["GET"]}}],"collection":[{"href":"http:\/\/fmriachuelo.it10.com.ar\/index.php\/wp-json\/wp\/v2\/posts"}],"about":[{"href":"http:\/\/fmriachuelo.it10.com.ar\/index.php\/wp-json\/wp\/v2\/types\/post"}],"author":[{"embeddable":true,"href":"http:\/\/fmriachuelo.it10.com.ar\/index.php\/wp-json\/wp\/v2\/users\/4"}],"replies":[{"embeddable":true,"href":"http:\/\/fmriachuelo.it10.com.ar\/index.php\/wp-json\/wp\/v2\/comments?post=278"}],"version-history":[{"count":1,"href":"http:\/\/fmriachuelo.it10.com.ar\/index.php\/wp-json\/wp\/v2\/posts\/278\/revisions"}],"predecessor-version":[{"id":23719,"href":"http:\/\/fmriachuelo.it10.com.ar\/index.php\/wp-json\/wp\/v2\/posts\/278\/revisions\/23719"}],"wp:attachment":[{"href":"http:\/\/fmriachuelo.it10.com.ar\/index.php\/wp-json\/wp\/v2\/media?parent=278"}],"wp:term":[{"taxonomy":"category","embeddable":true,"href":"http:\/\/fmriachuelo.it10.com.ar\/index.php\/wp-json\/wp\/v2\/categories?post=278"},{"taxonomy":"post_tag","embeddable":true,"href":"http:\/\/fmriachuelo.it10.com.ar\/index.php\/wp-json\/wp\/v2\/tags?post=278"}],"curies":[{"name":"wp","href":"https:\/\/api.w.org\/{rel}","templated":true}]}}