{"id":277,"date":"2015-07-08T14:34:00","date_gmt":"2015-07-08T14:34:00","guid":{"rendered":"http:\/\/fmriachuelo.observatorioess.org.ar\/index.php\/2015\/07\/08\/bolivia-informa\/"},"modified":"2025-04-16T14:23:22","modified_gmt":"2025-04-16T17:23:22","slug":"bolivia-informa","status":"publish","type":"post","link":"http:\/\/fmriachuelo.it10.com.ar\/index.php\/2015\/07\/08\/bolivia-informa\/","title":{"rendered":"BOLIVIA INFORMA"},"content":{"rendered":"<div style=\"text-align: justify\"><span style=\"font-size: small\"><span style=\"font-family: Verdana,sans-serif\"><span style=\"color: red\"><b><span style=\"font-size: large\">FRANCISCO PISAR\u00c1 HOY TIERRA BOLIVIANA<\/span><\/b><\/span><\/span><\/span><\/div>\n<p><a href=\"http:\/\/3.bp.blogspot.com\/-l9Sj6vOqjOw\/VaJ6uj7ReSI\/AAAAAAAAFRw\/-xP3B_pdmro\/s1600\/afiche%2BGAPHI%2B1.jpg\" style=\"clear: left;float: left;margin-bottom: 1em;margin-right: 1em\"><img loading=\"lazy\" decoding=\"async\" border=\"0\" height=\"200\" src=\"http:\/\/3.bp.blogspot.com\/-l9Sj6vOqjOw\/VaJ6uj7ReSI\/AAAAAAAAFRw\/-xP3B_pdmro\/s200\/afiche%2BGAPHI%2B1.jpg\" width=\"144\" \/><\/a><\/p>\n<p><span style=\"font-size: small\"><span style=\"font-family: Verdana,sans-serif\">LA RAZON, LA PAZ.- El d\u00eda tan esperado lleg\u00f3. Hoy, a las 16.15, el papa Francisco arribar\u00e1 a suelo boliviano, donde la poblaci\u00f3n cat\u00f3lica lo espera con emoci\u00f3n, fe y esperanza de que su visita traiga buenas nuevas. El palco de El Alto, el altar de Santa Cruz y una variedad de regalos aguardan al Santo Padre.<\/span><\/span><br \/><a name='more'><\/a><span style=\"font-size: small\"> <span style=\"font-family: Verdana,sans-serif\"><b>Bolivia, donde aflora la Teolog\u00eda de la Liberaci\u00f3n<\/b><br \/>  Por Daniel Ramos, La Paz, 7 jul (ABI).- El papa Francisco llegar\u00e1 el mi\u00e9rcoles a Bolivia, donde la izquierda gobierna cerca de nueve a\u00f1os al mando del presidente Evo Morales y tiempo en el que afloraron los ideales de la Teolog\u00eda de la Liberaci\u00f3n en una cruzada pol\u00edtica de lucha contra la pobreza, la desigualdad y la injusticia, entre muchos males que padecieron por siglos los indios (ind\u00edgenas campesinos), que veneran a la Pachamama y acostumbran tambi\u00e9n arrodillarse frente a una cruz.<br \/>El primer papa sudamericano en la historia de la Iglesia Cat\u00f3lica se encontrar\u00e1 entre el mi\u00e9rcoles y viernes con un pueblo boliviano inmerso en la mayor revoluci\u00f3n social del continente americano producto de las pol\u00edticas sociales y econ\u00f3micas que implant\u00f3 la administraci\u00f3n de Morales, un l\u00edder ind\u00edgena que en 2006 lleg\u00f3 al poder tras ganar en las urnas con m\u00e1s del 54% de los votos, un apoyo popular que no ha menguado hasta la fec  El Papa pernoctar\u00e1 en Santa Cruz de la Sierra<br \/><b>&nbsp;<\/b><\/span><\/span><\/p>\n<div style=\"text-align: justify\"><span style=\"font-size: small\"><span style=\"font-family: Verdana,sans-serif\"><b>Santa Cruz, el epicentro<\/b><br \/>Nuestra capital ser\u00e1, de hecho, el epicentro de la visita papal. En el octavo anillo, Francisco se subir\u00e1 al papam\u00f3vil con el que recorrer\u00e1 el Camb\u00f3dromo, el cuarto anillo, la avenida Alemana y el segundo anillo, hasta llegar a la residencia del cardenal Julio Terrazas, donde se hospedar\u00e1 durante las 48 horas que durar\u00e1 su visita.<br \/>El primer desaf\u00edo que enfrentar\u00e1 Francisco ser\u00e1 f\u00edsico, sin duda, por la altura de La Paz y El Alto (3.600 y 4.000 metros respectivamente), por lo que se ha previsto que el paso por esas ciudades se limite a unas cinco horas, antes de trasladarse al llano de Santa Cruz de la Sierra.<br \/>Para enfrentar este primer inconveniente el pont\u00edfice tendr\u00e1 a disposici\u00f3n tubos de ox\u00edgenos y equipos m\u00e9dicos especializados. Para mitigar el mal de altura, y como parte de la valorizaci\u00f3n de las culturas andinas, se prev\u00e9 que el papa realice el tradicional acullico (mascado) con hojas de coca. \u201cNo hay problema, mascar\u00e9 coca\u201d, afirm\u00f3 el papa durante el vuelo entre Roma y Quito. <br \/>Francisco visita la Bolivia revolucionaria en tiempos de Evo <br \/>\u201cJallalla Francisco\u201d, afirm\u00f3 el mandatario ind\u00edgena de izquierdas que adscribi\u00f3 la filosof\u00eda de Francisco de solidaridad con los pobres, la familia y la Madre Tierra.<br \/>\u201cTenemos enormes coincidencia con la pol\u00edticas econ\u00f3micas, sociales, de nuestras pol\u00edticas sociales con el Papa, coincidencias de c\u00f3mo vivir bien\u201d, afirm\u00f3 el mandatario ante 1.000 delegados populares provenientes de 40 pa\u00edses.<br \/><span style=\"font-size: x-small\"><b><span style=\"color: #0b5394\">BOLIVIA INFORMA\/PRODUCCI\u00d3N RIACHUELO <\/span><\/b><\/span><\/span><\/span><\/div>\n","protected":false},"excerpt":{"rendered":"<p>FRANCISCO PISAR\u00c1 HOY TIERRA BOLIVIANA LA RAZON, LA PAZ.- El d\u00eda tan esperado lleg\u00f3. Hoy, a las 16.15, el papa Francisco arribar\u00e1 a suelo boliviano, donde la poblaci\u00f3n cat\u00f3lica lo espera con emoci\u00f3n, fe y esperanza de que su visita traiga buenas nuevas. El palco de El Alto, el altar de Santa Cruz y una [&hellip;]<\/p>\n","protected":false},"author":4,"featured_media":0,"comment_status":"open","ping_status":"open","sticky":false,"template":"","format":"standard","meta":{"_monsterinsights_skip_tracking":false,"_monsterinsights_sitenote_active":false,"_monsterinsights_sitenote_note":"","_monsterinsights_sitenote_category":0,"jnews-multi-image_gallery":[],"jnews_single_post":{"format":"standard"},"jnews_primary_category":[],"_joinchat":[],"footnotes":""},"categories":[58],"tags":[174,70],"class_list":["post-277","post","type-post","status-publish","format-standard","hentry","category-noticiariachuelo","tag-cultura-originaria","tag-de-la-patria-grande"],"_links":{"self":[{"href":"http:\/\/fmriachuelo.it10.com.ar\/index.php\/wp-json\/wp\/v2\/posts\/277","targetHints":{"allow":["GET"]}}],"collection":[{"href":"http:\/\/fmriachuelo.it10.com.ar\/index.php\/wp-json\/wp\/v2\/posts"}],"about":[{"href":"http:\/\/fmriachuelo.it10.com.ar\/index.php\/wp-json\/wp\/v2\/types\/post"}],"author":[{"embeddable":true,"href":"http:\/\/fmriachuelo.it10.com.ar\/index.php\/wp-json\/wp\/v2\/users\/4"}],"replies":[{"embeddable":true,"href":"http:\/\/fmriachuelo.it10.com.ar\/index.php\/wp-json\/wp\/v2\/comments?post=277"}],"version-history":[{"count":1,"href":"http:\/\/fmriachuelo.it10.com.ar\/index.php\/wp-json\/wp\/v2\/posts\/277\/revisions"}],"predecessor-version":[{"id":23721,"href":"http:\/\/fmriachuelo.it10.com.ar\/index.php\/wp-json\/wp\/v2\/posts\/277\/revisions\/23721"}],"wp:attachment":[{"href":"http:\/\/fmriachuelo.it10.com.ar\/index.php\/wp-json\/wp\/v2\/media?parent=277"}],"wp:term":[{"taxonomy":"category","embeddable":true,"href":"http:\/\/fmriachuelo.it10.com.ar\/index.php\/wp-json\/wp\/v2\/categories?post=277"},{"taxonomy":"post_tag","embeddable":true,"href":"http:\/\/fmriachuelo.it10.com.ar\/index.php\/wp-json\/wp\/v2\/tags?post=277"}],"curies":[{"name":"wp","href":"https:\/\/api.w.org\/{rel}","templated":true}]}}