{"id":276,"date":"2015-07-08T15:48:00","date_gmt":"2015-07-08T15:48:00","guid":{"rendered":"http:\/\/fmriachuelo.observatorioess.org.ar\/index.php\/2015\/07\/08\/fasinpat-ex-zanon-manifestacion-frente-al-ministerio-de-economia\/"},"modified":"2025-04-16T14:26:15","modified_gmt":"2025-04-16T17:26:15","slug":"fasinpat-ex-zanon-manifestacion-frente-al-ministerio-de-economia","status":"publish","type":"post","link":"http:\/\/fmriachuelo.it10.com.ar\/index.php\/2015\/07\/08\/fasinpat-ex-zanon-manifestacion-frente-al-ministerio-de-economia\/","title":{"rendered":"FASINPAT-EX ZANON: MANIFESTACI\u00d3N FRENTE AL MINISTERIO DE ECONOM\u00cdA"},"content":{"rendered":"<p><span style=\"font-size: large\"><span style=\"font-family: Verdana,sans-serif\"><span style=\"color: red\"><b>SIN PATR\u00d3N: EN DEFENSA DE LA FUENTE DE TRABAJO<\/b><\/span><\/span><\/span><br \/><span style=\"font-size: small\"><span style=\"font-family: Verdana,sans-serif\"><span style=\"color: red\"><span style=\"color: black\">\u00abVAMOS A INTENTAR TORCER LA DECISI\u00d3N POL\u00cdTICA PARA UN GOBIERNO QUE ANTE LAS GESTIONES OBRERAS RECUPERADAS MIRE PARA OTRO LADO\u00bb<\/span><b> <\/b><\/span><\/span><\/span><\/p>\n<div style=\"clear: both;text-align: center\"><span style=\"font-size: small\"><span style=\"font-family: Verdana,sans-serif\"><a href=\"http:\/\/1.bp.blogspot.com\/-sdh2CbmSowY\/VZ1FDc6imMI\/AAAAAAAAFM4\/9M9KUOdvJkk\/s1600\/Fasinpat.jpg\" style=\"clear: left;float: left;margin-bottom: 1em;margin-right: 1em\"><img loading=\"lazy\" decoding=\"async\" border=\"0\" height=\"133\" src=\"http:\/\/1.bp.blogspot.com\/-sdh2CbmSowY\/VZ1FDc6imMI\/AAAAAAAAFM4\/9M9KUOdvJkk\/s200\/Fasinpat.jpg\" width=\"200\" \/><\/a><\/span><\/span><\/div>\n<p><span style=\"font-size: small\"><span style=\"font-family: Verdana,sans-serif\">Ayer martes 7, los obreros de la Ceramista Ex Zanon realizaron una movilizaci\u00f3n desde el Congreso con direcci\u00f3n al Ministerio de Econom\u00eda, en el marco de un reclamo por un cr\u00e9dito para renovar maquinaria en la fabrica, hoy Fasinpat (F\u00e1brica sin patrones)<\/span><\/span><br \/><a name='more'><\/a><span style=\"font-size: small\"><span style=\"font-family: Verdana,sans-serif\">En la d\u00e9cada del 70, en el Parque Industrial de la ciudad de Neuqu\u00e9n, comenz\u00f3 a funcionar Cer\u00e1mica Zanon S.A contando con cuatro l\u00edneas de producci\u00f3n. Ampliando constantemente la capacidad productiva, a\u00f1os m\u00e1s tarde se realiza una nueva inversi\u00f3n destinada exclusivamente a la fabricaci\u00f3n de pisos \u201cmonococci\u00f3n\u201d y a la primera l\u00ednea para revestimientos llamada monoporosa. En el a\u00f1o 1993 se convierte en la primera f\u00e1brica de pisos de porcellanato de Am\u00e9rica del Sur. El a\u00f1o 2000 sufre una fuerte crisis, que llev\u00f3 la f\u00e1brica a la quiebra. Con esta sentencia, los operarios decidieron tomar la f\u00e1brica y trabajarla por sus propios medios. En el a\u00f1o 2005 se crea una cooperativa de trabajo llamada Fa.Sin.Pat (Fabrica sin Patrones), que se encarga de la venta y distribuci\u00f3n de los productos Zanon.<br \/>Cer\u00e1mica Zanon hoy, cuenta con ocho l\u00edneas de producci\u00f3n con una capacidad de 380.000 m2 de cer\u00e1micos por mes. El 90% est\u00e1 destinado al mercado dentro del pa\u00eds y el restante 10% a la exportaci\u00f3n. Son 430 asociados, integrantes de Fa.Sin.Pat. organizados en niveles estrat\u00e9gicos t\u00e1cticos y operativos.<br \/>ANRed dialog\u00f3 ayer en la movilizaci\u00f3n con Marcelo Morales, secretario general del sindicato ceramista.<br \/> <i>\u00abReclamamos desde hace un a\u00f1o al Gobierno Nacional un cr\u00e9dito para las f\u00e1bricas recuperadas de $120 millones, cuando empez\u00f3 a pedirse, el costo era de $70 millones. Las m\u00e1quinas son muy viejas, si no se hace un recambio se corre el riesgo de perder puestos de trabajo y que la f\u00e1brica deje de producir en un momento de tanta demanda de la obra p\u00fablica. Es un planteo que se viene haciendo desde hace dos a\u00f1os y medio al Ministerio de Econom\u00eda, el proyecto fue entregado a Kicillof cuando \u00e9ste era vice. Despu\u00e9s de un a\u00f1o de trabajo, de idas y venidas desde Neuqu\u00e9n a Buenos Aires por la posibilidad de un cr\u00e9dito de la l\u00ednea Fondo Bicentenario, nos mandaron a Fondear (fondo que destina $10 millones del tesoro nacional para financiar proyectos productivos en todo el pa\u00eds), que tampoco result\u00f3. Capitanich, como jefe de gabinete, anunci\u00f3 en la Rosada un cr\u00e9dito alternativo de $32 millones, con primer desembolso en marzo y un segundo en abril.\u00bb <\/i><br \/><b>Despu\u00e9s de esta marcha:<\/b><br \/><i>\u00abCon nuestras asambleas hemos decidido un nuevo plan de lucha y volvemos a Bs As a poner a la vista nuestra situaci\u00f3n. Tuvimos reuniones con Norita Corti\u00f1as, Perez Esquivel, con los compa\u00f1eros de La Renga, que muchas veces han ido a tocar, como muchas otras bandas, no vamos \u00fanicamente a potenciar el reclamo con la movilizaci\u00f3n sino tambi\u00e9n con cada una de sus diferentes expresiones, para intentar torcer la decisi\u00f3n pol\u00edtica para un gobierno que ante las gestiones obreras recuperadas mira a otro lado\u201d.<\/i><\/span><\/span><br \/><span style=\"font-size: small\"><span style=\"font-family: Verdana,sans-serif\"><span style=\"color: #0b5394;font-size: x-small\"><b>ANRED\/PRODUCCI\u00d3N RIACHUELO <\/b><\/span><i><br \/><\/i><\/span><\/span><\/p>\n","protected":false},"excerpt":{"rendered":"<p>SIN PATR\u00d3N: EN DEFENSA DE LA FUENTE DE TRABAJO\u00abVAMOS A INTENTAR TORCER LA DECISI\u00d3N POL\u00cdTICA PARA UN GOBIERNO QUE ANTE LAS GESTIONES OBRERAS RECUPERADAS MIRE PARA OTRO LADO\u00bb Ayer martes 7, los obreros de la Ceramista Ex Zanon realizaron una movilizaci\u00f3n desde el Congreso con direcci\u00f3n al Ministerio de Econom\u00eda, en el marco de un [&hellip;]<\/p>\n","protected":false},"author":4,"featured_media":0,"comment_status":"open","ping_status":"open","sticky":false,"template":"","format":"standard","meta":{"_monsterinsights_skip_tracking":false,"_monsterinsights_sitenote_active":false,"_monsterinsights_sitenote_note":"","_monsterinsights_sitenote_category":0,"jnews-multi-image_gallery":[],"jnews_single_post":{"format":"standard"},"jnews_primary_category":[],"_joinchat":[],"footnotes":""},"categories":[58],"tags":[122,148],"class_list":["post-276","post","type-post","status-publish","format-standard","hentry","category-noticiariachuelo","tag-derecho-a-la-protesta-social","tag-trabajo"],"_links":{"self":[{"href":"http:\/\/fmriachuelo.it10.com.ar\/index.php\/wp-json\/wp\/v2\/posts\/276","targetHints":{"allow":["GET"]}}],"collection":[{"href":"http:\/\/fmriachuelo.it10.com.ar\/index.php\/wp-json\/wp\/v2\/posts"}],"about":[{"href":"http:\/\/fmriachuelo.it10.com.ar\/index.php\/wp-json\/wp\/v2\/types\/post"}],"author":[{"embeddable":true,"href":"http:\/\/fmriachuelo.it10.com.ar\/index.php\/wp-json\/wp\/v2\/users\/4"}],"replies":[{"embeddable":true,"href":"http:\/\/fmriachuelo.it10.com.ar\/index.php\/wp-json\/wp\/v2\/comments?post=276"}],"version-history":[{"count":1,"href":"http:\/\/fmriachuelo.it10.com.ar\/index.php\/wp-json\/wp\/v2\/posts\/276\/revisions"}],"predecessor-version":[{"id":23722,"href":"http:\/\/fmriachuelo.it10.com.ar\/index.php\/wp-json\/wp\/v2\/posts\/276\/revisions\/23722"}],"wp:attachment":[{"href":"http:\/\/fmriachuelo.it10.com.ar\/index.php\/wp-json\/wp\/v2\/media?parent=276"}],"wp:term":[{"taxonomy":"category","embeddable":true,"href":"http:\/\/fmriachuelo.it10.com.ar\/index.php\/wp-json\/wp\/v2\/categories?post=276"},{"taxonomy":"post_tag","embeddable":true,"href":"http:\/\/fmriachuelo.it10.com.ar\/index.php\/wp-json\/wp\/v2\/tags?post=276"}],"curies":[{"name":"wp","href":"https:\/\/api.w.org\/{rel}","templated":true}]}}