{"id":2745,"date":"2016-09-23T19:39:17","date_gmt":"2016-09-23T19:39:17","guid":{"rendered":"http:\/\/fmriachuelo.com.ar\/ljkjklj\/?p=2745"},"modified":"2016-09-23T19:39:17","modified_gmt":"2016-09-23T19:39:17","slug":"brasil-se-moviliza-contra-reforma-laboral","status":"publish","type":"post","link":"http:\/\/fmriachuelo.it10.com.ar\/index.php\/2016\/09\/23\/brasil-se-moviliza-contra-reforma-laboral\/","title":{"rendered":"BRASIL SE MOVILIZA CONTRA REFORMA LABORAL"},"content":{"rendered":"<p style=\"text-align: justify\">Este jueves 22\u00a0 se llev\u00f3 a cabo manifestaciones en todo el pa\u00eds durante la ma\u00f1ana.\u00a0Los mayores sindicatos del pa\u00eds promovieron una jornada de movilizaci\u00f3n nacional. Bajo el lema de <strong>\u00abNo hay derecho a menos\u00bb<\/strong>, las entidades consideran que la movilizaci\u00f3n como actividad preparatoria y la construcci\u00f3n de una huelga general en el pa\u00eds, que fue anunciada para el mes de octubre.<\/p>\n<p style=\"text-align: justify\">Parte de la serie de actividades, que se opone a las medidas que la administraci\u00f3n del gobierno no electo Michel Temer (PMDB) est\u00e1n anunciando en relaci\u00f3n con el mundo del trabajo, la Central de Trabajadores (CUT), la Central de Trabajadores de Brasil (CTB), el Inter, New central, Uni\u00f3n general de Trabajadores (UGT) y la Fuerza Sindical &#8211; el \u00faltimo incluso es compatible con el PMDB gobierno. Adem\u00e1s de las plantas, los movimientos populares tambi\u00e9n se a\u00f1adir\u00e1n a las movilizaciones en la fecha.<\/p>\n<p><strong>Unidad<\/strong><\/p>\n<p>\u00abLos sindicatos y los movimientos m\u00e1s populares realizaron este jueves\u00a0una jornada nacional de protesta con huelgas, manifestaciones y marchas. Con\u00a0un acto unitario explica Wagner Gomes, secretario general de la CTB.<\/p>\n<p>Seg\u00fan Gomes, el indicador principal de la movilizaci\u00f3n ser\u00e1 la retirada de las medidas que han sido anunciadas por Temer en relaci\u00f3n con el trabajo y la reforma de la seguridad social: \u00abEstamos en contra de la reforma de pensiones que establece una edad m\u00ednima para la jubilaci\u00f3n, contra el aumento de los d\u00edas y en contra la flexibilidad de las relaciones laborales \u00ab.<\/p>\n<p>Sindicalistas critican la postura del gobierno sobre el debate de estas cuestiones. \u00abTodo est\u00e1 todav\u00eda muy tirado en el aire. Nadie dice las cosas como se deben decir. El gobierno tiene una cosa, entonces los cambios y dice que no ha hablado. El presidente de la CNI [Confederaci\u00f3n Nacional de la Industria] habl\u00f3 en 80 horas, luego se retir\u00f3. viene el Ministro de Trabajo y hablar 12 horas al d\u00eda, multiplicando por cinco 60 \u00ab, dice Jo\u00e3o Cayres, director de la CUT nacional y secretario general de la CUT de Sao Paulo. \u00abEsta historia de la edad m\u00ednima S\u00f3lo afectara a los m\u00e1s pobres, que empiezan a trabajar mucho antes, tendr\u00e1 que trabajar mucho m\u00e1s para retirarse\u00bb, dice.<\/p>\n<p>El Frente Popular Brasil &#8211; articulaci\u00f3n de los movimientos populares, sindicatos feministas y juveniles y colectiva &#8211; tambi\u00e9n se uni\u00f3 a la huelga y tambi\u00e9n critica la congelaci\u00f3n de las propuestas de la inversi\u00f3n p\u00fablica y el paquete de privatizaci\u00f3n, incluyendo la entrega del pre-sal.<\/p>\n<p><strong>Prueba<\/strong><\/p>\n<p>La idea del centro es que este jueves se inicie un proceso m\u00e1s amplio de construcci\u00f3n de una huelga general en el pa\u00eds si es necesario.<\/p>\n<p>\u00abCreemos que el gobierno est\u00e1 llevando a cabo un poco debido a las elecciones locales. Despu\u00e9s de eso, ellos van a querer pasar el tractor. Tenemos que estar atentos y preparados\u00bb, dice Cayres. \u00ab[El jueves], el mayor intenci\u00f3n es hacer manifestaciones [] en el lugar de trabajo, en las regiones Vamos a celebrar reuniones en las f\u00e1bricas -. En el sector p\u00fablico, as\u00ed como en los hospitales &#8211; explicar a los trabajadores lo que est\u00e1 en riesgo . Hay 55 proyectos [ley] en el Congreso que incluyen la retirada de los derechos \u00ab, a\u00f1ade.<\/p>\n<p><em>[Brasil de Fato] <\/em><\/p>\n","protected":false},"excerpt":{"rendered":"<p>Este jueves 22\u00a0 se llev\u00f3 a cabo manifestaciones en todo el pa\u00eds durante la ma\u00f1ana.\u00a0Los mayores sindicatos del pa\u00eds promovieron una jornada de movilizaci\u00f3n nacional. Bajo el lema de \u00abNo hay derecho a menos\u00bb, las entidades consideran que la movilizaci\u00f3n como actividad preparatoria y la construcci\u00f3n de una huelga general en el pa\u00eds, que fue [&hellip;]<\/p>\n","protected":false},"author":4,"featured_media":2746,"comment_status":"open","ping_status":"open","sticky":false,"template":"","format":"standard","meta":{"_monsterinsights_skip_tracking":false,"_monsterinsights_sitenote_active":false,"_monsterinsights_sitenote_note":"","_monsterinsights_sitenote_category":0,"jnews-multi-image_gallery":[],"jnews_single_post":[],"jnews_primary_category":[],"_joinchat":[],"footnotes":""},"categories":[1],"tags":[],"class_list":["post-2745","post","type-post","status-publish","format-standard","has-post-thumbnail","hentry","category-habitat"],"_links":{"self":[{"href":"http:\/\/fmriachuelo.it10.com.ar\/index.php\/wp-json\/wp\/v2\/posts\/2745","targetHints":{"allow":["GET"]}}],"collection":[{"href":"http:\/\/fmriachuelo.it10.com.ar\/index.php\/wp-json\/wp\/v2\/posts"}],"about":[{"href":"http:\/\/fmriachuelo.it10.com.ar\/index.php\/wp-json\/wp\/v2\/types\/post"}],"author":[{"embeddable":true,"href":"http:\/\/fmriachuelo.it10.com.ar\/index.php\/wp-json\/wp\/v2\/users\/4"}],"replies":[{"embeddable":true,"href":"http:\/\/fmriachuelo.it10.com.ar\/index.php\/wp-json\/wp\/v2\/comments?post=2745"}],"version-history":[{"count":0,"href":"http:\/\/fmriachuelo.it10.com.ar\/index.php\/wp-json\/wp\/v2\/posts\/2745\/revisions"}],"wp:featuredmedia":[{"embeddable":true,"href":"http:\/\/fmriachuelo.it10.com.ar\/index.php\/wp-json\/"}],"wp:attachment":[{"href":"http:\/\/fmriachuelo.it10.com.ar\/index.php\/wp-json\/wp\/v2\/media?parent=2745"}],"wp:term":[{"taxonomy":"category","embeddable":true,"href":"http:\/\/fmriachuelo.it10.com.ar\/index.php\/wp-json\/wp\/v2\/categories?post=2745"},{"taxonomy":"post_tag","embeddable":true,"href":"http:\/\/fmriachuelo.it10.com.ar\/index.php\/wp-json\/wp\/v2\/tags?post=2745"}],"curies":[{"name":"wp","href":"https:\/\/api.w.org\/{rel}","templated":true}]}}