{"id":2736,"date":"2016-09-25T04:55:31","date_gmt":"2016-09-25T04:55:31","guid":{"rendered":"http:\/\/fmriachuelo.com.ar\/ljkjklj\/?p=2736"},"modified":"2016-09-25T04:55:31","modified_gmt":"2016-09-25T04:55:31","slug":"el-paco-es-un-fenomeno-de-descarte-investigacion-del-juez-gallardo","status":"publish","type":"post","link":"http:\/\/fmriachuelo.it10.com.ar\/index.php\/2016\/09\/25\/el-paco-es-un-fenomeno-de-descarte-investigacion-del-juez-gallardo\/","title":{"rendered":"\u00abEL PACO ES UN FENOMENO DE DESCARTE\u00bb, INVESTIGACION DEL JUEZ GALLARDO"},"content":{"rendered":"<p style=\"text-align: justify\">[FMR 22\/09\/2016]<span style=\"font-family: verdana, sans-serif\"><b><span style=\"color: #000000\">\u00a0<\/span><\/b><\/span>Ayer a las 15 horas, \u00a0en la sede de la Editorial JUSBAIRES, \u00a0el Juez Andr\u00e9s Gallardo present\u00f3 el libro <strong>EL PACO.<\/strong> <strong>Informe sobre consumo y efectos en el cintur\u00f3n sur de la CABA 2016<\/strong>.\u00a0Se trata de una investigaci\u00f3n encomendada por el Consejo de la Magistratura de la Ciudad de Buenos Aires, que realiza un profundo diagn\u00f3stico sobre el consumo de drogas en personas en situaci\u00f3n de calle o pasillo, la realidad del negocio de la droga y las instituciones intervinientes. Esta investigaci\u00f3n\u00a0tambi\u00e9n\u00a0propone, como proyecto de ley, la creaci\u00f3n de un Tribunal Territorial de Alta Complejidad (TTAC) que apunta a la recuperaci\u00f3n integral del adicto en situaci\u00f3n de calle a trav\u00e9s de la coordinaci\u00f3n judicial de intervenciones\u00a0multidisciplinarias.<span style=\"font-family: verdana, sans-serif\"><b><br \/>\n<\/b><\/span><\/p>\n<p style=\"text-align: justify\">A continuci\u00f3n pod\u00e9s acceder al libro:<\/p>\n<p style=\"text-align: justify\"><span style=\"color: #000080\"><strong><a style=\"color: #000080\" href=\"http:\/\/editorial.jusbaires.gob.ar\/descargar\/147.pdf\">EL PACO &#8211; INFORME SOBRE CONSUMO Y EFECTOS EN EL CINTUR\u00d3N SUR DE LA CABA &#8211; 2016<\/a><\/strong><\/span><\/p>\n<p style=\"text-align: justify\">En la tarde de ayer, los trabajadores del local de la editorial Jusbaires, ubicado a pocos metros de la esquina de Bolivar y Diagonal Sur, en la Ciudad de Buenos Aires, se sorprendieron con una multitud de vecinas, vecinos y militantes populares que desbordaron la reducida capacidad disponible en el local, copando la vereda y el asfalto de la diagonal. Mientras se compart\u00edan los mates, y los m\u00e1s chicos corr\u00edan y jugaban entre la diversidad de mam\u00e1s, o pap\u00e1s, o t\u00edos, o hermanitos, que poblaban la calle, otros explicaban a los trabajadores del microcentro m\u00e1s curiosos: \u00abvinimos a escuchar hablar al Juez\u00bb. Roberto Andr\u00e9s Gallardo, Juez en lo Contencioso Administrativo y Tributario de la CABA, presentaba el libro sobre la investigaci\u00f3n realizada junto a su equipo de trabajo en el tema: \u00abEL PACO: Informe sobre el consumo y efectos en el cintur\u00f3n Sur de la CABA-2016\u00bb. Los barrios populares y villas de la CABA, hab\u00edan decidido acompa\u00f1ar al Juez que tanto hizo por defender los derechos de los m\u00e1s humildes, contra la gesti\u00f3n de ajuste y exclusi\u00f3n del gobierno de la CABA.<\/p>\n<p style=\"text-align: justify\"><img loading=\"lazy\" decoding=\"async\" class=\"aligncenter wp-image-2738 size-large\" src=\"http:\/\/fmriachuelo.com.ar\/ljkjklj\/wp-content\/uploads\/2016\/09\/mucha-gente-1024x576.jpg\" alt=\"mucha-gente\" width=\"640\" height=\"360\" \/><\/p>\n<p style=\"text-align: justify\">En la presentaci\u00f3n, acompa\u00f1aron al Juez, y lo antecedieron en la palabra Enzo Pagani, Presidente del Consejo de la Magistratura de CABA, Gustavo Morales, Asesor Tutelar ante la C\u00e1mara de Apelaciones del CAyT, y el Padre Pepe Di Paola que arranc\u00f3 su intervenci\u00f3n destacando que \u00abcon Andr\u00e9s (Gallardo) hemos empezado esta lucha hace muchos a\u00f1os en Barracas. Nuestra amistad naci\u00f3 en el compromiso, y este es un trabajo de amigos comprometidos con el tema\u00bb.<\/p>\n<p style=\"text-align: justify\"><img loading=\"lazy\" decoding=\"async\" class=\"aligncenter wp-image-2739 size-large\" src=\"http:\/\/fmriachuelo.com.ar\/ljkjklj\/wp-content\/uploads\/2016\/09\/PEPE-1024x767.jpg\" alt=\"pepe\" width=\"640\" height=\"479\" \/><\/p>\n<p style=\"text-align: justify\">Luego de agradecer a los asistentes, a las organizaciones sociales que lo acompa\u00f1aron en el trabajo y al equipo de investigaci\u00f3n, Gallardo se refiri\u00f3 desde el inicio de su intervenci\u00f3n a la importancia que tuvo para \u00e9l ese trabajo sobre el paco: \u00abesta labor fue una real experiencia de vida. Un verdadero curso acelerado de humanidad con materias que err\u00f3neamente cre\u00ed tener aprobadas\u00bb. M\u00e1s adelante agreg\u00f3: \u00abel consumo de paco, es un fen\u00f3meno de la pobreza&#8230; del descarte\u00bb.<\/p>\n<p style=\"text-align: justify\"><img loading=\"lazy\" decoding=\"async\" class=\"alignleft wp-image-2740 size-medium\" src=\"http:\/\/fmriachuelo.com.ar\/ljkjklj\/wp-content\/uploads\/2016\/09\/GALLARDO-LIBRO-215x300.jpg\" alt=\"gallardo-libro\" width=\"215\" height=\"300\" \/>La atenci\u00f3n de los centenares de personas que afuera, en la calle, segu\u00edan la presentaci\u00f3n desde un artesanal montaje de sonido, se agudiz\u00f3 cuando el Juez anunci\u00f3 \u00abvoy a hablar del contexto general en el que se produce el libro, pero que el libro no dice. \u00bfpor qu\u00e9 estamos ac\u00e1?\u00bb y al poco tiempo agreg\u00f3, para arrancar los primeros aplausos: \u00absi no existieran diversos niveles de complicidad entre algunas autoridades p\u00fablicas y los traficantes, hoy no estar\u00edamos ac\u00e1\u00bb. En su intervenci\u00f3n, Gallardo insisti\u00f3 varias veces en la l\u00f3gica clasista que caracterizaba el abordaje de los funcionarios y las pol\u00edticas p\u00fablicas, y las injusticias sociales que envuelven la problem\u00e1tica del paco: \u00abesta es la realidad, pero existen las trampas de la estad\u00edstica. Cuando se quiere tapar una realidad una muerte se describe como \u00b4paro cardio-respiratorio atraum\u00e1tico\u00b4, o sea muri\u00f3 sin trauma, es verdad, pero antes ten\u00eda hambre, ten\u00eda tubercolisis, fumaba paco, no ten\u00eda vivienda; esa es el acta de defunci\u00f3n que se le niega a los pibes que mueren en nuestros barrios\u00bb.<\/p>\n<p style=\"text-align: justify\">Las reflexiones del Papa Francisco tambi\u00e9n estuvieron presentes en las palabras de Andr\u00e9s Gallardo: \u00abestamos en un proceso social mundial donde unos viven y otros esperan. El paco va de la mano con los que mueren de hambre en el mundo, los que se hunden en las balsas, los bombardeados en Siria. Son el descarte mundial\u00bb.<\/p>\n<p style=\"text-align: justify\">Los que se movilizaron hasta la actividad no cesaban en la actitud optimista y el entusiasmo pese al desolador panorama que pintaba el Juez. Por el contrario, mientras se retiraban comentaban el mensaje de unidad y lucha con el que Gallardo cerr\u00f3 inspir\u00e1ndose en las hormigas: \u00aben el hormiguero todas las hormigas trabajan para el bien com\u00fan. Todas tienen el derecho y la obligaci\u00f3n de trabajar. Las hormigas no se pelean entre ellas, por el contrario reconocen rapidamente los peligros externos y se unen para combatirlos. La unidad es su herramienta superadora\u00bb.<\/p>\n<p style=\"text-align: justify\">Ese \u00faltimo mensaje seguramente capt\u00f3 la atenci\u00f3n de muchos militantes y referentes de organizaciones que se mezclaban al finalizar la presentaci\u00f3n, en un generoso abrazo y saludos al Juez Gallardo, respetando m\u00e1s que sus palabras, sus acciones cotidianas. Entre ellos se pudo distinguir a dirigentes\u00a0de la CTEP, a militantes del Movimiento Popular la Dignidad, de la Organizaci\u00f3n Los Pibes, de la Corriente Villera Independiente, del Movimiento Emancipador, entre otros.<\/p>\n<p>&nbsp;<\/p>\n","protected":false},"excerpt":{"rendered":"<p>[FMR 22\/09\/2016]\u00a0Ayer a las 15 horas, \u00a0en la sede de la Editorial JUSBAIRES, \u00a0el Juez Andr\u00e9s Gallardo present\u00f3 el libro EL PACO. Informe sobre consumo y efectos en el cintur\u00f3n sur de la CABA 2016.\u00a0Se trata de una investigaci\u00f3n encomendada por el Consejo de la Magistratura de la Ciudad de Buenos Aires, que realiza un [&hellip;]<\/p>\n","protected":false},"author":4,"featured_media":2737,"comment_status":"open","ping_status":"open","sticky":false,"template":"","format":"link","meta":{"_monsterinsights_skip_tracking":false,"_monsterinsights_sitenote_active":false,"_monsterinsights_sitenote_note":"","_monsterinsights_sitenote_category":0,"jnews-multi-image_gallery":[],"jnews_single_post":[],"jnews_primary_category":[],"_joinchat":[],"footnotes":""},"categories":[78,76],"tags":[],"class_list":["post-2736","post","type-post","status-publish","format-link","has-post-thumbnail","hentry","category-economia-popular","category-salud-comunitaria","post_format-post-format-link"],"_links":{"self":[{"href":"http:\/\/fmriachuelo.it10.com.ar\/index.php\/wp-json\/wp\/v2\/posts\/2736","targetHints":{"allow":["GET"]}}],"collection":[{"href":"http:\/\/fmriachuelo.it10.com.ar\/index.php\/wp-json\/wp\/v2\/posts"}],"about":[{"href":"http:\/\/fmriachuelo.it10.com.ar\/index.php\/wp-json\/wp\/v2\/types\/post"}],"author":[{"embeddable":true,"href":"http:\/\/fmriachuelo.it10.com.ar\/index.php\/wp-json\/wp\/v2\/users\/4"}],"replies":[{"embeddable":true,"href":"http:\/\/fmriachuelo.it10.com.ar\/index.php\/wp-json\/wp\/v2\/comments?post=2736"}],"version-history":[{"count":0,"href":"http:\/\/fmriachuelo.it10.com.ar\/index.php\/wp-json\/wp\/v2\/posts\/2736\/revisions"}],"wp:featuredmedia":[{"embeddable":true,"href":"http:\/\/fmriachuelo.it10.com.ar\/index.php\/wp-json\/"}],"wp:attachment":[{"href":"http:\/\/fmriachuelo.it10.com.ar\/index.php\/wp-json\/wp\/v2\/media?parent=2736"}],"wp:term":[{"taxonomy":"category","embeddable":true,"href":"http:\/\/fmriachuelo.it10.com.ar\/index.php\/wp-json\/wp\/v2\/categories?post=2736"},{"taxonomy":"post_tag","embeddable":true,"href":"http:\/\/fmriachuelo.it10.com.ar\/index.php\/wp-json\/wp\/v2\/tags?post=2736"}],"curies":[{"name":"wp","href":"https:\/\/api.w.org\/{rel}","templated":true}]}}