{"id":2728,"date":"2016-09-22T13:21:55","date_gmt":"2016-09-22T13:21:55","guid":{"rendered":"http:\/\/fmriachuelo.com.ar\/ljkjklj\/?p=2728"},"modified":"2016-09-22T13:21:55","modified_gmt":"2016-09-22T13:21:55","slug":"urbanizacion-de-la-rodrigo-bueno-instituto-de-la-vivienda-ivc-con-delegados-no-reconocidos","status":"publish","type":"post","link":"http:\/\/fmriachuelo.it10.com.ar\/index.php\/2016\/09\/22\/urbanizacion-de-la-rodrigo-bueno-instituto-de-la-vivienda-ivc-con-delegados-no-reconocidos\/","title":{"rendered":"URBANIZACI\u00d3N DE LA RODRIGO BUENO: INSTITUTO DE LA VIVIENDA, IVC, CON DELEGADOS NO RECONOCIDOS"},"content":{"rendered":"<p style=\"text-align: justify\">[FMR 22\/09\/16] La hist\u00f3rica conquista de los habitantes de la villa Rodrigo Bueno, que lucharon y alcanzaron que a trav\u00e9s de la justicia se disponga la urbanizaci\u00f3n, se ve enturbiada por la maniobras de funcionarios del I.V.C. que dialogan con delegados no reconocidos por los habitantes del barrio. La petici\u00f3n \u00a0es que se reconozca la Mesa Participativa de \u00a0los habitantes del barrio, que representa los leg\u00edtimos intereses de quienes viven en el lugar, y desconocen las negociaciones que un grupo de delegados hace a sus espaldas, sin tener en cuenta sus intereses. Se ha presentado un petitorio que re\u00fane m\u00e1s de 300 firmas, \u00a0al Jefe de Gobierno y al I.V.C., que avala como interlocutores de las obras de urbanizaci\u00f3n a la Mesa Participativa Vecinal en representaci\u00f3n de los leg\u00edtimos intereses de los habitantes de la villa Rodrigo Bueno.<\/p>\n<p style=\"text-align: justify\">Ayer,\u00a021 de Septiembre, el I.V.C. envi\u00f3 personal al barrio para acordar la fecha del censo; un grupo de vecinos se acerc\u00f3 para realizar\u00a0sus planteos.\u00a0En el programa Romp\u00e9 el Cerco Informativo dialogamos con Liliana Alvarado, fiscal del barrio, mientras ocurr\u00eda esta reuni\u00f3n:\n<\/p>\n<p style=\"text-align: justify\">La Villa Rodrigo Bueno, se halla ubicada en un extremo de la Costanera Sur, de la C.A.B.A., frente a Puerto Madero y es la muestra de la extrema desigualdad que vive esta ciudad.<\/p>\n<p style=\"text-align: justify\">Despu\u00e9s de una prolongada disputa judicial, que lleva m\u00e1s de 6 a\u00f1os, \u00a0finalmente el barrio no ser\u00e1 trasladado y la Ciudad\u00a0deber\u00e1 presentar un proyecto de integraci\u00f3n consensuado con los vecinos, \u00a0 que afectar\u00e1 a las 4500 personas que actualmente residen all\u00ed.<br \/>\nEl Juez que interviene en la causa autoriz\u00f3 al I.V.C. (Instituto de Vivienda de la Ciudad) que trate con 4 delegados, \u00a0que los vecinos no reconocen como tales, ya que su mandato ha vencido, y que est\u00e1n tomando decisiones inconsultas y contrarios a los intereses de los habitantes.<\/p>\n<p>&nbsp;<\/p>\n","protected":false},"excerpt":{"rendered":"<p>[FMR 22\/09\/16] La hist\u00f3rica conquista de los habitantes de la villa Rodrigo Bueno, que lucharon y alcanzaron que a trav\u00e9s de la justicia se disponga la urbanizaci\u00f3n, se ve enturbiada por la maniobras de funcionarios del I.V.C. que dialogan con delegados no reconocidos por los habitantes del barrio. La petici\u00f3n \u00a0es que se reconozca la [&hellip;]<\/p>\n","protected":false},"author":4,"featured_media":2730,"comment_status":"open","ping_status":"open","sticky":false,"template":"","format":"standard","meta":{"_monsterinsights_skip_tracking":false,"_monsterinsights_sitenote_active":false,"_monsterinsights_sitenote_note":"","_monsterinsights_sitenote_category":0,"jnews-multi-image_gallery":[],"jnews_single_post":[],"jnews_primary_category":[],"_joinchat":[],"footnotes":""},"categories":[1],"tags":[],"class_list":["post-2728","post","type-post","status-publish","format-standard","has-post-thumbnail","hentry","category-habitat"],"_links":{"self":[{"href":"http:\/\/fmriachuelo.it10.com.ar\/index.php\/wp-json\/wp\/v2\/posts\/2728","targetHints":{"allow":["GET"]}}],"collection":[{"href":"http:\/\/fmriachuelo.it10.com.ar\/index.php\/wp-json\/wp\/v2\/posts"}],"about":[{"href":"http:\/\/fmriachuelo.it10.com.ar\/index.php\/wp-json\/wp\/v2\/types\/post"}],"author":[{"embeddable":true,"href":"http:\/\/fmriachuelo.it10.com.ar\/index.php\/wp-json\/wp\/v2\/users\/4"}],"replies":[{"embeddable":true,"href":"http:\/\/fmriachuelo.it10.com.ar\/index.php\/wp-json\/wp\/v2\/comments?post=2728"}],"version-history":[{"count":0,"href":"http:\/\/fmriachuelo.it10.com.ar\/index.php\/wp-json\/wp\/v2\/posts\/2728\/revisions"}],"wp:featuredmedia":[{"embeddable":true,"href":"http:\/\/fmriachuelo.it10.com.ar\/index.php\/wp-json\/"}],"wp:attachment":[{"href":"http:\/\/fmriachuelo.it10.com.ar\/index.php\/wp-json\/wp\/v2\/media?parent=2728"}],"wp:term":[{"taxonomy":"category","embeddable":true,"href":"http:\/\/fmriachuelo.it10.com.ar\/index.php\/wp-json\/wp\/v2\/categories?post=2728"},{"taxonomy":"post_tag","embeddable":true,"href":"http:\/\/fmriachuelo.it10.com.ar\/index.php\/wp-json\/wp\/v2\/tags?post=2728"}],"curies":[{"name":"wp","href":"https:\/\/api.w.org\/{rel}","templated":true}]}}