{"id":2723,"date":"2016-09-21T22:42:55","date_gmt":"2016-09-21T22:42:55","guid":{"rendered":"http:\/\/fmriachuelo.com.ar\/ljkjklj\/?p=2723"},"modified":"2016-09-21T22:42:55","modified_gmt":"2016-09-21T22:42:55","slug":"comunicado-de-organizaciones-populares-repudiando-al-gcba","status":"publish","type":"post","link":"http:\/\/fmriachuelo.it10.com.ar\/index.php\/2016\/09\/21\/comunicado-de-organizaciones-populares-repudiando-al-gcba\/","title":{"rendered":"COMUNICADO DE ORGANIZACIONES POPULARES REPUDIANDO AL GCBA"},"content":{"rendered":"<div dir=\"ltr\" style=\"text-align: justify\" align=\"CENTER\">[FMR 21\/09\/16] A partir de una nota period\u00edstica, \u00a0publicada ayer por el diario Pagina12, \u00a0con el t\u00edtulo <a href=\"http:\/\/www.pagina12.com.ar\/diario\/elpais\/1-309826-2016-09-20.html\">\u00abLa Recusaci\u00f3n sistem\u00e1tica del juez\u00bb<\/a>, tom\u00f3 estado p\u00fablico la persecuci\u00f3n por parte del Gobierno de la Ciudad de Buenos Aires, a los jueces que defienden los derechos conquistados por el Pueblo en los \u00faltimos a\u00f1os. Frente a esta situaci\u00f3n, organizaciones populares de la Ciudad difundieron un comunicado de repudio a esta actitud del GCBA. A continuaci\u00f3n compartimos el documento:<\/div>\n<div dir=\"ltr\" style=\"text-align: left\" align=\"CENTER\"><\/div>\n<div dir=\"ltr\" align=\"CENTER\"><\/div>\n<div id=\"yiv6510695493gmail-yui_3_16_0_ym19_1_1474493645536_14560\" dir=\"ltr\" align=\"CENTER\"><span id=\"yiv6510695493gmail-yui_3_16_0_ym19_1_1474493645536_14565\"><span id=\"yui_3_16_0_ym19_1_1474493645536_35032\" style=\"color: #0b5394;font-family: arial, helvetica, sans-serif;font-size: xx-large\">EL GOBIERNO DE LA CIUDAD IMPIDE ILEGALMENTE DESDE HACE VARIOS A\u00d1OS EL RECONOCIMIENTO JUDICIAL DE LOS DERECHOS<\/span><\/span><\/div>\n<div id=\"yiv6510695493gmail-yui_3_16_0_ym19_1_1474493645536_14570\"><span style=\"font-size: medium\">\u00a0<\/span><\/div>\n<div id=\"yiv6510695493gmail-yui_3_16_0_ym19_1_1474493645536_14572\" style=\"text-align: justify\"><span id=\"yiv6510695493gmail-yui_3_16_0_ym19_1_1474493645536_14571\" style=\"font-size: medium\">Las organizaciones abajo firmantes manifestamos nuestro m\u00e1s en\u00e9rgico repudio al impedimento ilegal para la vigencia de derechos de los m\u00e1s desprotegidos, desplegado por el Gobierno de la Ciudad de Buenos Aires desde hace varios a\u00f1os.<\/span><\/div>\n<div id=\"yiv6510695493gmail-yui_3_16_0_ym19_1_1474493645536_14573\" style=\"text-align: justify\"><span style=\"font-size: medium\">\u00a0<\/span><\/div>\n<div id=\"yiv6510695493gmail-yui_3_16_0_ym19_1_1474493645536_14575\" style=\"text-align: justify\"><span id=\"yiv6510695493gmail-yui_3_16_0_ym19_1_1474493645536_14574\" style=\"font-size: medium\">Utilizando argucias legales que fueron creadas con otra finalidad, el Gobierno de la Ciudad de Buenos Aires desplaza a los jueces cuyos fallos no le gustan, especialmente al Juez Gallardo, y as\u00ed evita cumplir con las resoluciones judiciales que le imponen medidas a favor de los pobres. El juez Gallardo denunci\u00f3 que en ocho a\u00f1os de gobierno de Macri lo retiraron ilegalmente del tr\u00e1mite de 771 casos a trav\u00e9s de la recusaci\u00f3n, y s\u00f3lo en 3 de esos casos esa recusaci\u00f3n luego fue confirmada. En 768 casos la C\u00e1mara y el Tribunal Superior manifestaron que esas recusaciones eran ilegales.<\/span><\/div>\n<div style=\"text-align: justify\"><span style=\"font-size: medium\">\u00a0<\/span><\/div>\n<div style=\"text-align: justify\"><span style=\"font-size: medium\">Con esta artimania, el Gobierno evit\u00f3 el otorgamiento de viviendas a familias extremadamente vulnerables, la asistencia estatal a las personas m\u00e1s golpeadas por el sistema econ\u00f3mico, la protecci\u00f3n del patrimonio hist\u00f3rico (para favorecer el mercado inmobiliario), y la investigaci\u00f3n sobre las irregularidades en el registro de cad\u00e1veres lo que permite la desaparici\u00f3n ilegal de personas.<\/span><\/div>\n<div style=\"text-align: justify\"><span style=\"font-size: medium\">\u00a0<\/span><\/div>\n<div style=\"text-align: justify\"><span style=\"font-size: medium\">Esta forma de actuar no es nueva. Ya le quitaron al Juez Gallardo ilegalmente hace unos a\u00f1os la \u201cSecretar\u00eda Villera\u201d, donde ya hab\u00eda sido reconocido como el juez natural de todos los casos referidos a las villas. Sucedi\u00f3 que como se comenz\u00f3 a democratizar la elecci\u00f3n de los representantes de los barrios, y empezaron a verificarse elecciones peri\u00f3dicas en la totalidad de las barriadas, el Gobierno de la Ciudad decidi\u00f3 quitarle ilegalmente toda la Secretar\u00eda, para pasarla a otro juzgado en el que todo demora much\u00edsimo m\u00e1s de lo necesario, y las elecciones ya pr\u00e1cticamente no se realizan.<\/span><\/div>\n<div style=\"text-align: justify\"><span style=\"font-size: medium\">\u00a0<\/span><\/div>\n<div style=\"text-align: justify\" align=\"CENTER\"><\/div>\n<div dir=\"ltr\" style=\"text-align: justify\"><a rel=\"nofollow\" name=\"_GoBack\"><\/a><span style=\"font-size: medium\">Quitar al juez no es un recurso l\u00edcito cuando lo que resuelve no es del agrado del Gobierno, es un ataque al Estado de Derecho, y una violaci\u00f3n sistem\u00e1tica de derechos de los mas necesitados.\u00a0<\/span><\/div>\n<div align=\"CENTER\"><span style=\"font-family: Calibri, sans-serif\">\u00a0<\/span><\/div>\n<div align=\"CENTER\"><span style=\"font-family: Calibri, sans-serif\">\u00a0<\/span><\/div>\n<div align=\"CENTER\"><span style=\"font-family: Calibri, sans-serif;font-size: large\">MOVIMIENTO POPULAR LA DIGNIDAD<\/span><\/div>\n<div align=\"CENTER\"><span style=\"font-family: Calibri, sans-serif;font-size: large\">CORRIENTE VILLERA INDEPENDIENTE<\/span><\/div>\n<div align=\"CENTER\"><span style=\"font-family: Calibri, sans-serif;font-size: large\">FM LA CATERVA<\/span><\/div>\n<div align=\"CENTER\"><span style=\"font-family: Calibri, sans-serif;font-size: large\">MOVIMIENTO EMANCIPADOR<\/span><\/div>\n<div id=\"yiv6510695493gmail-yui_3_16_0_ym19_1_1474493645536_14581\" align=\"CENTER\"><span id=\"yiv6510695493gmail-yui_3_16_0_ym19_1_1474493645536_14580\" style=\"font-family: Calibri, sans-serif;font-size: large\">ORGANIZACI\u00d3N SOCIAL Y POL\u00cdTICA LOS PIBES<\/span><\/div>\n<div id=\"yiv6510695493gmail-yui_3_16_0_ym19_1_1474493645536_14579\" align=\"CENTER\"><span id=\"yiv6510695493gmail-yui_3_16_0_ym19_1_1474493645536_14582\" style=\"font-family: Calibri, sans-serif;font-size: large\">FM RIACHUELO 100.9<\/span><\/div>\n<div id=\"yiv6510695493gmail-yui_3_16_0_ym19_1_1474493645536_14578\" align=\"CENTER\"><span id=\"yiv6510695493gmail-yui_3_16_0_ym19_1_1474493645536_14577\" style=\"font-family: Calibri, sans-serif;font-size: large\">PASEO DE LA ECONOM\u00cdA POPULAR MART\u00cdN OSO CISNEROS<\/span><\/div>\n<div style=\"text-align: center\">\u00a0<span id=\"yui_3_16_0_ym19_1_1474493645536_35051\" style=\"font-family: Calibri, sans-serif;font-size: large\">COOPERATIVA DE VIVIENDA LOS PIBES<\/span><\/div>\n","protected":false},"excerpt":{"rendered":"<p>[FMR 21\/09\/16] A partir de una nota period\u00edstica, \u00a0publicada ayer por el diario Pagina12, \u00a0con el t\u00edtulo \u00abLa Recusaci\u00f3n sistem\u00e1tica del juez\u00bb, tom\u00f3 estado p\u00fablico la persecuci\u00f3n por parte del Gobierno de la Ciudad de Buenos Aires, a los jueces que defienden los derechos conquistados por el Pueblo en los \u00faltimos a\u00f1os. Frente a esta [&hellip;]<\/p>\n","protected":false},"author":4,"featured_media":2724,"comment_status":"open","ping_status":"open","sticky":false,"template":"","format":"standard","meta":{"_monsterinsights_skip_tracking":false,"_monsterinsights_sitenote_active":false,"_monsterinsights_sitenote_note":"","_monsterinsights_sitenote_category":0,"jnews-multi-image_gallery":[],"jnews_single_post":[],"jnews_primary_category":[],"_joinchat":[],"footnotes":""},"categories":[76],"tags":[],"class_list":["post-2723","post","type-post","status-publish","format-standard","has-post-thumbnail","hentry","category-salud-comunitaria"],"_links":{"self":[{"href":"http:\/\/fmriachuelo.it10.com.ar\/index.php\/wp-json\/wp\/v2\/posts\/2723","targetHints":{"allow":["GET"]}}],"collection":[{"href":"http:\/\/fmriachuelo.it10.com.ar\/index.php\/wp-json\/wp\/v2\/posts"}],"about":[{"href":"http:\/\/fmriachuelo.it10.com.ar\/index.php\/wp-json\/wp\/v2\/types\/post"}],"author":[{"embeddable":true,"href":"http:\/\/fmriachuelo.it10.com.ar\/index.php\/wp-json\/wp\/v2\/users\/4"}],"replies":[{"embeddable":true,"href":"http:\/\/fmriachuelo.it10.com.ar\/index.php\/wp-json\/wp\/v2\/comments?post=2723"}],"version-history":[{"count":0,"href":"http:\/\/fmriachuelo.it10.com.ar\/index.php\/wp-json\/wp\/v2\/posts\/2723\/revisions"}],"wp:featuredmedia":[{"embeddable":true,"href":"http:\/\/fmriachuelo.it10.com.ar\/index.php\/wp-json\/"}],"wp:attachment":[{"href":"http:\/\/fmriachuelo.it10.com.ar\/index.php\/wp-json\/wp\/v2\/media?parent=2723"}],"wp:term":[{"taxonomy":"category","embeddable":true,"href":"http:\/\/fmriachuelo.it10.com.ar\/index.php\/wp-json\/wp\/v2\/categories?post=2723"},{"taxonomy":"post_tag","embeddable":true,"href":"http:\/\/fmriachuelo.it10.com.ar\/index.php\/wp-json\/wp\/v2\/tags?post=2723"}],"curies":[{"name":"wp","href":"https:\/\/api.w.org\/{rel}","templated":true}]}}