{"id":272,"date":"2015-07-09T18:00:00","date_gmt":"2015-07-09T18:00:00","guid":{"rendered":"http:\/\/fmriachuelo.observatorioess.org.ar\/index.php\/2015\/07\/09\/colombia-detienen-a-lideres-sociales-de-reconocida-trayectoria\/"},"modified":"2025-04-16T16:32:53","modified_gmt":"2025-04-16T19:32:53","slug":"colombia-detienen-a-lideres-sociales-de-reconocida-trayectoria","status":"publish","type":"post","link":"http:\/\/fmriachuelo.it10.com.ar\/index.php\/2015\/07\/09\/colombia-detienen-a-lideres-sociales-de-reconocida-trayectoria\/","title":{"rendered":"COLOMBIA: DETIENEN A L\u00cdDERES SOCIALES DE RECONOCIDA TRAYECTORIA"},"content":{"rendered":"<p><span style=\"font-size: small\"><span style=\"font-family: Verdana, sans-serif\">CONGRESO DE LOS PUEBLOS:<\/span><\/span><br \/><span style=\"color: #0066cc\"><span style=\"color: red;font-family: Verdana, sans-serif;font-size: large\"><b>PERSECUCI\u00d3N Y CRIMIN<span style=\"font-size: large\">ALIZACI\u00d3<span style=\"font-size: large\">N<\/span><\/span> <\/b><\/span><\/span><\/p>\n<div style=\"clear: both;text-align: center\"><a href=\"http:\/\/1.bp.blogspot.com\/-BW-R7OBHZeQ\/VZ7FAv67QvI\/AAAAAAAAFN4\/0S4VLD_NosI\/s1600\/CONGRESO%2BDE.jpg\" style=\"clear: left;float: left;margin-bottom: 1em;margin-right: 1em\"><img loading=\"lazy\" decoding=\"async\" border=\"0\" height=\"136\" src=\"http:\/\/1.bp.blogspot.com\/-BW-R7OBHZeQ\/VZ7FAv67QvI\/AAAAAAAAFN4\/0S4VLD_NosI\/s200\/CONGRESO%2BDE.jpg\" width=\"200\" \/><\/a><\/div>\n<div style=\"text-align: justify\"><span style=\"font-family: Verdana, sans-serif\">Entre los 15 detenidos hoy en Bogot\u00e1 acusados de pertenecer a una c\u00e9lula urbana de la insurgencia se encuentran l\u00edderes estudiantiles, comunitarios, y un periodista de esta Agencia. \u201cNo dudamos que los detenidos son inocentes, manipulan a la justicia para lograr un hecho medi\u00e1tico\u201d, explican desde el Comit\u00e9 de Solidaridad con los Presos Pol\u00edticos, quienes llevar\u00e1n el patrocinio legal de los detenidos junto a la Universidad Pedag\u00f3gica Nacional, el Colectivo de Abogados Jos\u00e9 Alvear Restrepo, la Asociaci\u00f3n Minga y Justicia y Paz.<\/span><br \/><a name='more'><\/a><span style=\"font-family: Verdana, sans-serif\">El Congreso de los Pueblos reconoci\u00f3 que 7 de los apresados pertenecen a esa agrupaci\u00f3n. \u201cAlgunos de ellos ni siquiera estaban en la ciudad cuando sucedieron los hechos que se les atribuyen, se trata de un nuevo caso de falso positivo judicial\u201d, denunciaron. Desde el Polo Democr\u00e1tico Alternativo, el senador Alberto Castilla exigi\u00f3 garant\u00edas al gobierno.<br \/>En rueda de prensa realizada esta ma\u00f1ana en la sede del Comit\u00e9 de Solidaridad con los Presos Pol\u00edticos, el Secretario General de la Universidad Pedag\u00f3gica Nacional, Helbert Choach\u00ed, denunci\u00f3 que los estudiantes de esa instituci\u00f3n sufren \u201cpersecuci\u00f3n\u201d y aclar\u00f3 que 4 de los estudiantes detenidos hoy \u201cse encontraban fuera de la ciudad, en Fusa, preparando actividades acad\u00e9micas\u201d cuando sucedieron las explosiones que se les atribuyen. Entre los detenidos se encuentran Heiler Lamprea, Representante del Consejo Superior de la Universidad Pedag\u00f3gica Nacional y Lorena Romo Mu\u00f1oz, l\u00edder estudiantil del proceso de la Mesa Amplia Nacional Estudiantil -MANE-, quien hab\u00eda recibido amenazas de muerte por su labor social.<br \/>Otro de los detenidos es el periodista Sergio Segura, corresponsal de esta Agencia, especialista en temas de Conflicto y Paz, quien una semana atr\u00e1s particip\u00f3 en un Foro sobre Medios y Conflicto, realizado en la en la Universidad Nacional; en el allanamiento a su domicilio le fue incautado parte de su archivo period\u00edstico.<br \/>\u201cNo creemos que la responsabilidad de esos actos (explosiones en Bogot\u00e1) est\u00e9 en estos l\u00edderes sociales detenidos\u201d se\u00f1al\u00f3 Franklin Casta\u00f1eda, vocero del Movimiento de V\u00edctimas de Cr\u00edmenes de Estado \u2013Movice-.<\/span><\/div>\n<div style=\"text-align: justify\"><span style=\"font-family: Verdana, sans-serif\">Por su parte el senador Alberto Castilla, del Polo Democr\u00e1tico Alternativo \u2013PDA- vincul\u00f3 las detenciones a la noticia reciente del cese unilateral del fuego que retomar\u00edan las Fuerzas Armadas Revolucionarias \u2013FARC-. \u201cJunto a la Cumbre Agraria venimos denunciando la sistem\u00e1tica persecuci\u00f3n al movimiento social colombiano, que se reactiva en contextos como \u00e9ste\u201d, explic\u00f3 Castilla, y exigi\u00f3 \u201cgarant\u00edas al Gobierno Nacional\u201d.<br \/>Desde el Congreso de los Pueblos, agrupamiento al que pertenecen algunos de los detenidos, la vocera nacional Alexandra Berm\u00fadez tambi\u00e9n se refiri\u00f3 al gobierno nacional: \u201cAyer a esta misma hora est\u00e1bamos reunidos con el ministro del Interior, el de Justicia, ya la viceministra de Defensa adelantando denuncias por violaci\u00f3n a los Derechos Humanos, y \u00e9stas son las respuestas que tenemos del gobierno, las detenciones de estos l\u00edderes sociales, reconocidos dirigentes que han participado en las movilizaciones y procesos organizativos de la comunidad\u201d. Berm\u00fadez refiri\u00f3 adem\u00e1s al asesinato de Carlos Pedraza en enero de este a\u00f1o, reconocido dirigente de esa agrupaci\u00f3n, y a una serie de amenazas paramilitares contra referentes de esa colectividad.<br \/>\u201cQue los medios de comunicaci\u00f3n preserven la presunci\u00f3n de inocencia\u201d<br \/>\u201cEs lastimoso que el gobierno colombiano y las fuerzas de seguridad del Estado intenten buscar responsabilidad en l\u00edderes y lideresas sociales ante los atentados ocurridos. Est\u00e1n siendo culpados de actos de los cuales no van a tener responsabilidad alguna\u201d, afirm\u00f3 Franklin Casta\u00f1eda, vocero del Movice, y agreg\u00f3: \u201cEsto no es nuevo, hay m\u00e1s de 13 mil demandas al Estado por detenciones arbitrarias, que comprometen a 27 billones de pesos que el Estado deber\u00e1 responder por hechos falsos como \u00e9stos. Ninguna de las personas acusadas en el paro agrario acusada de v\u00ednculos con las insurgencias, sea de las FARC o del Ej\u00e9rcito de Liberaci\u00f3n Nacional \u2013ELN- permaneci\u00f3 detenida. Son falsos positivos judiciales, los medios de comunicaci\u00f3n deber\u00edan conocer esto y preservar la presunci\u00f3n de inocencia\u201d, concluy\u00f3.<br \/>A disposici\u00f3n de la Fiscal\u00eda<br \/>Seg\u00fan el Comit\u00e9 de Solidaridad Con los Presos Pol\u00edticos, los detenidos \u201cno est\u00e1n teniendo la posibilidad de tener un debido proceso, se les adelantan condenas p\u00fablicas al se\u00f1alarlos como miembros de organizaciones insurgentes sin posibilidad de defensa\u201d. Ante eso exigen \u201cdebido proceso y la libertad\u201d de las 15 personas apresadas, que hoy ser\u00e1n puestos a disposici\u00f3n de la Fiscal\u00eda.<\/span><br \/><span style=\"font-family: Verdana, sans-serif\"><span style=\"color: #0b5394\"><span style=\"font-size: x-small\"><b>COLOMBIA INFORMA\/PRODUCCI\u00d3N RIACHUELO<\/b><\/span><\/span><\/span><\/p>\n<div>\n<ul>        <\/ul>\n<\/div>\n<ul>            <\/ul>\n<dl>\n<dt><\/dt>\n<dd><\/dd>\n<\/dl>\n<\/div>\n","protected":false},"excerpt":{"rendered":"<p>CONGRESO DE LOS PUEBLOS:PERSECUCI\u00d3N Y CRIMINALIZACI\u00d3N Entre los 15 detenidos hoy en Bogot\u00e1 acusados de pertenecer a una c\u00e9lula urbana de la insurgencia se encuentran l\u00edderes estudiantiles, comunitarios, y un periodista de esta Agencia. \u201cNo dudamos que los detenidos son inocentes, manipulan a la justicia para lograr un hecho medi\u00e1tico\u201d, explican desde el Comit\u00e9 de [&hellip;]<\/p>\n","protected":false},"author":4,"featured_media":0,"comment_status":"open","ping_status":"open","sticky":false,"template":"","format":"standard","meta":{"_monsterinsights_skip_tracking":false,"_monsterinsights_sitenote_active":false,"_monsterinsights_sitenote_note":"","_monsterinsights_sitenote_category":0,"jnews-multi-image_gallery":[],"jnews_single_post":{"format":"standard"},"jnews_primary_category":[],"_joinchat":[],"footnotes":""},"categories":[58],"tags":[70,122],"class_list":["post-272","post","type-post","status-publish","format-standard","hentry","category-noticiariachuelo","tag-de-la-patria-grande","tag-derecho-a-la-protesta-social"],"_links":{"self":[{"href":"http:\/\/fmriachuelo.it10.com.ar\/index.php\/wp-json\/wp\/v2\/posts\/272","targetHints":{"allow":["GET"]}}],"collection":[{"href":"http:\/\/fmriachuelo.it10.com.ar\/index.php\/wp-json\/wp\/v2\/posts"}],"about":[{"href":"http:\/\/fmriachuelo.it10.com.ar\/index.php\/wp-json\/wp\/v2\/types\/post"}],"author":[{"embeddable":true,"href":"http:\/\/fmriachuelo.it10.com.ar\/index.php\/wp-json\/wp\/v2\/users\/4"}],"replies":[{"embeddable":true,"href":"http:\/\/fmriachuelo.it10.com.ar\/index.php\/wp-json\/wp\/v2\/comments?post=272"}],"version-history":[{"count":1,"href":"http:\/\/fmriachuelo.it10.com.ar\/index.php\/wp-json\/wp\/v2\/posts\/272\/revisions"}],"predecessor-version":[{"id":23734,"href":"http:\/\/fmriachuelo.it10.com.ar\/index.php\/wp-json\/wp\/v2\/posts\/272\/revisions\/23734"}],"wp:attachment":[{"href":"http:\/\/fmriachuelo.it10.com.ar\/index.php\/wp-json\/wp\/v2\/media?parent=272"}],"wp:term":[{"taxonomy":"category","embeddable":true,"href":"http:\/\/fmriachuelo.it10.com.ar\/index.php\/wp-json\/wp\/v2\/categories?post=272"},{"taxonomy":"post_tag","embeddable":true,"href":"http:\/\/fmriachuelo.it10.com.ar\/index.php\/wp-json\/wp\/v2\/tags?post=272"}],"curies":[{"name":"wp","href":"https:\/\/api.w.org\/{rel}","templated":true}]}}