{"id":2709,"date":"2016-09-21T03:18:34","date_gmt":"2016-09-21T03:18:34","guid":{"rendered":"http:\/\/fmriachuelo.com.ar\/ljkjklj\/?p=2709"},"modified":"2016-09-21T03:18:34","modified_gmt":"2016-09-21T03:18:34","slug":"solidaridad-con-el-parador-niunpibemasenlacalle","status":"publish","type":"post","link":"http:\/\/fmriachuelo.it10.com.ar\/index.php\/2016\/09\/21\/solidaridad-con-el-parador-niunpibemasenlacalle\/","title":{"rendered":"SOLIDARIDAD CON EL PARADOR #NiUnPibeM\u00e1sEnLaCalle"},"content":{"rendered":"<p style=\"text-align: justify\">[FMR 20\/09\/2016] A dos semanas de su instalaci\u00f3n en la Plaza de los Dos Congresos, el Parador <strong>#NiUnPibeM\u00e1sEnLaCalle<\/strong> sigue sumando la solidaridad de las organizaciones del campo popular y\u00a0sin\u00a0ninguna respuesta por parte del Gobierno de la Ciudad, \u00a0a cargo de Rodriguez Larreta.<\/p>\n<p style=\"text-align: justify\"><img loading=\"lazy\" decoding=\"async\" class=\"aligncenter wp-image-2714 size-large\" src=\"http:\/\/fmriachuelo.com.ar\/ljkjklj\/wp-content\/uploads\/2016\/09\/todas-las-cumpas-1-1024x610.jpg\" alt=\"todas-las-cumpas\" width=\"640\" height=\"381\" \/><\/p>\n<p style=\"text-align: justify\">Esta tarde, <span style=\"color: #ff0000\"><strong>FM Riachuelo<\/strong><\/span> acompa\u00f1\u00f3 una comitiva de militantes de la Organizaci\u00f3n Social y Pol\u00edtica Los Pibes, O.S.yP. L.P., \u00a0que se organiz\u00f3 y moviliz\u00f3 desde el barrio de La Boca para hacerse cargo de preparar y servir la cena del d\u00eda, \u00a0para \u00a0m\u00e1s de 200 personas que se acercan diariamente al parador. \u00abVenimos a compartir solidariamente la decisi\u00f3n que tom\u00f3 La Dignidad\u00bb, se\u00f1al\u00f3 Natalia Ruiz, de Los Pibes, destacando la crudeza de una problem\u00e1tica que el Gobierno de la Ciudad se empecina en esconder con un \u00abcenso\u00bb que, realizado en una noche, arroj\u00f3 la cifra de 876 personas en situaci\u00f3n de calle.\u00a0\u00abEl n\u00famero es r\u00eddiculo\u00bb, destacaban las cocineras que esa noche iban a distribuir 200 raciones de comida solamente en el parador #NiUnPibeMasEnLaCalle.<\/p>\n<p style=\"text-align: justify\"><img loading=\"lazy\" decoding=\"async\" class=\"wp-image-2713 size-large aligncenter\" src=\"http:\/\/fmriachuelo.com.ar\/ljkjklj\/wp-content\/uploads\/2016\/09\/ev-ale-1024x767.jpg\" alt=\"ev-ale\" width=\"640\" height=\"479\" \/><\/p>\n<p style=\"text-align: justify\">Alejandro Czernikier, \u00a0referente del Movimiento Popular La Dignidad, explicaba que desde el Parador \u00a0se estaba implementando un censo autogestionado, \u00a0para contrarrestar la cifra del G.C.B.A y\u00a0generar\u00a0datos que permitan aportar para\u00a0construir una soluci\u00f3n al problema: \u00abnos estamos basando en el fallo de la Jueza Liberatori que inst\u00f3 al gobierno a hacer un censo basado en la Ley 3706, que tambi\u00e9n contempla a personas en riesgo de situaci\u00f3n de calle. Desde las organizaciones creemos que ese n\u00famero ronda las 20.000 personas\u00bb.<\/p>\n<p style=\"text-align: justify\">Con la\u00a0idea de visibilizar la cr\u00edtica situaci\u00f3n habitacional en la ciudad, y a la vez\u00a0generar propuestas sobre la problem\u00e1tica, semanalmente, desde el 7 de septiembre, fecha en la que se instal\u00f3 el Parador, se realizan debates colectivos con organizaciones y los curiosos que se acercan. En el \u00faltimo taller se congregaron un conjunto de organizaciones que est\u00e1n impulsando la Nacionalizaci\u00f3n de la Ley 341 de la CABA, \u00a0una herramienta que facilitar\u00eda la construcci\u00f3n de vivienda por autogesti\u00f3n y ayuda mutua.<\/p>\n<p style=\"text-align: justify\">El Parador revela la crudeza del ajuste que Macri viene imponiendo en el pa\u00eds y que Rodriguez Larreta se encarga de continuar en la Ciudad. Sin embargo, al mismo tiempo\u00a0demuestra que hay organizaciones dispuestas a la unidad y la lucha para revertir estos escenarios. Tambi\u00e9n desde el Parador, lo expres\u00f3 Vanesa Escobar, \u00a0del M.P. La Dignidad, \u00a0en el aire del programa <strong><span style=\"color: #ff0000\">Romp\u00e9 el Cerco Informativo<\/span><\/strong>: \u00abNos organizamos para buscar las respuestas que necesitamos. Tenemos que hacer lo que el Estado no est\u00e1 haciendo\u00bb.<\/p>\n","protected":false},"excerpt":{"rendered":"<p>[FMR 20\/09\/2016] A dos semanas de su instalaci\u00f3n en la Plaza de los Dos Congresos, el Parador #NiUnPibeM\u00e1sEnLaCalle sigue sumando la solidaridad de las organizaciones del campo popular y\u00a0sin\u00a0ninguna respuesta por parte del Gobierno de la Ciudad, \u00a0a cargo de Rodriguez Larreta. Esta tarde, FM Riachuelo acompa\u00f1\u00f3 una comitiva de militantes de la Organizaci\u00f3n Social [&hellip;]<\/p>\n","protected":false},"author":4,"featured_media":2715,"comment_status":"open","ping_status":"open","sticky":false,"template":"","format":"standard","meta":{"_monsterinsights_skip_tracking":false,"_monsterinsights_sitenote_active":false,"_monsterinsights_sitenote_note":"","_monsterinsights_sitenote_category":0,"jnews-multi-image_gallery":[],"jnews_single_post":[],"jnews_primary_category":[],"_joinchat":[],"footnotes":""},"categories":[76],"tags":[],"class_list":["post-2709","post","type-post","status-publish","format-standard","has-post-thumbnail","hentry","category-salud-comunitaria"],"_links":{"self":[{"href":"http:\/\/fmriachuelo.it10.com.ar\/index.php\/wp-json\/wp\/v2\/posts\/2709","targetHints":{"allow":["GET"]}}],"collection":[{"href":"http:\/\/fmriachuelo.it10.com.ar\/index.php\/wp-json\/wp\/v2\/posts"}],"about":[{"href":"http:\/\/fmriachuelo.it10.com.ar\/index.php\/wp-json\/wp\/v2\/types\/post"}],"author":[{"embeddable":true,"href":"http:\/\/fmriachuelo.it10.com.ar\/index.php\/wp-json\/wp\/v2\/users\/4"}],"replies":[{"embeddable":true,"href":"http:\/\/fmriachuelo.it10.com.ar\/index.php\/wp-json\/wp\/v2\/comments?post=2709"}],"version-history":[{"count":0,"href":"http:\/\/fmriachuelo.it10.com.ar\/index.php\/wp-json\/wp\/v2\/posts\/2709\/revisions"}],"wp:featuredmedia":[{"embeddable":true,"href":"http:\/\/fmriachuelo.it10.com.ar\/index.php\/wp-json\/"}],"wp:attachment":[{"href":"http:\/\/fmriachuelo.it10.com.ar\/index.php\/wp-json\/wp\/v2\/media?parent=2709"}],"wp:term":[{"taxonomy":"category","embeddable":true,"href":"http:\/\/fmriachuelo.it10.com.ar\/index.php\/wp-json\/wp\/v2\/categories?post=2709"},{"taxonomy":"post_tag","embeddable":true,"href":"http:\/\/fmriachuelo.it10.com.ar\/index.php\/wp-json\/wp\/v2\/tags?post=2709"}],"curies":[{"name":"wp","href":"https:\/\/api.w.org\/{rel}","templated":true}]}}