{"id":2700,"date":"2016-09-20T13:22:43","date_gmt":"2016-09-20T13:22:43","guid":{"rendered":"http:\/\/fmriachuelo.com.ar\/ljkjklj\/?p=2700"},"modified":"2016-09-20T13:22:43","modified_gmt":"2016-09-20T13:22:43","slug":"especiales-riachuelo-informe-cinturon-sur-de-la-ciudad-paco-consumos-y-efectos","status":"publish","type":"post","link":"http:\/\/fmriachuelo.it10.com.ar\/index.php\/2016\/09\/20\/especiales-riachuelo-informe-cinturon-sur-de-la-ciudad-paco-consumos-y-efectos\/","title":{"rendered":"ESPECIALES RIACHUELO: INFORME CINTUR\u00d3N SUR DE LA CIUDAD, PACO, CONSUMOS Y EFECTOS"},"content":{"rendered":"<p style=\"text-align: justify\">[FMR 20\/09\/16] El proximo 22 de septiembre se presentar\u00e1 el libro\u00a0<strong>El Paco. Informe sobre consumo y efectos en el cintur\u00f3n Sur de la CABA. 2016, <\/strong>una investigaci\u00f3n multidisciplinaria coordinada por el Dr. Andr\u00e9s Gallardo, juez en lo Contencioso Administrativo de la Ciudad de Buenos Aire. El viernes (16\/09) en la emisi\u00f3n del programa <strong>Cazadores de Zonceras<\/strong>, una mesa de organizaciones populares de los barrios dialog\u00f3 con el Dr. Gallardo.<\/p>\n<p style=\"text-align: justify\">Escuch\u00e1 a continuaci\u00f3n el programa completo:<\/p>\n<p><strong>PIBES DEL PUEBLO<\/strong><br \/>\n[FMR 19\/09\/16] Como siempre la angurria del poder econ\u00f3mico concentrado construye el relato de las libertades individuales para justificar el beneficio de unos pocos sobre el sacrificio de la mayor\u00eda.<\/p>\n<p>All\u00e1 lejos en el tiempo necesitaron contener la reacci\u00f3n de los pueblos que siempre luchan cuando lo que est\u00e1 en juego es la vida misma.<br \/>\nLa trampa fue, y es, que en la mesa de negociaci\u00f3n el voto de quienes se lo robaron todo siempre tuvo m\u00e1s valor que el de millones de despose\u00eddos. Y cuando no lo lograban con votaciones ama\u00f1adas lo consegu\u00edan con el uso discrecional de la fuerza.<\/p>\n<p>Lee a continuaci\u00f3n el texto completo de:\u00a0<span style=\"color: #ff0000\"><strong><a style=\"color: #ff0000\" href=\"http:\/\/fmriachuelo.com.ar\/ljkjklj\/blog\/2016\/09\/20\/especiales-riachuelo-informe-cinturon-sur-de-la-ciudad-paco-consumos-y-efectos\/\" target=\"_blank\" rel=\"noopener\">PIBES DEL PUEBLO<\/a><\/strong><\/span><\/p>\n<p>El Dr. Gallardo, juez en lo Contencioso y Administrativo de la Ciudad, \u00a0dialog\u00f3 con organizaciones del barrio,\u00a0el viernes 16 de septiembre de 2016 en nuestro programa <span style=\"color: #000000\"><strong><em>Cazadores de Zonceras<\/em><\/strong><\/span>.<\/p>\n<p>A continuaci\u00f3n escuch\u00e1 \u00a0los mejores fragmentos con palabras del <em>Dr. Andr\u00e9s Gallardo<\/em> y las voces de las organizaciones populares, en la mesa del programa:<\/p>\n<p><strong>De qu\u00e9 se trata la investigaci\u00f3n y cu\u00e1l es su conclusi\u00f3n:<\/strong><\/p>\n<p><strong>Como deber\u00eda abordarse la problem\u00e1tica, lo que surge de la investigaci\u00f3n:<\/strong><\/p>\n<p><strong>\u00bfC\u00f3mo terminar con los culpables de que se nos mueran nuestros pibes? \u00a0el Juez Gallardo se\u00f1al\u00f3 las responsabilidades:<\/strong><\/p>\n<p><strong>El libro\u00a0plantea una investigaci\u00f3n que no se limita al campo te\u00f3rico-acad\u00e9mico:<\/strong><\/p>\n<p><strong>Las voces del barrio\u00a0relatan la realidad cotidiana que se vive\u00a0en el barrio de La Boca:\u00a0<\/strong><\/p>\n<p><strong>El juez Gallardo destaca y valora el aporte desde la\u00a0realidad cotidiana del barrio:\u00a0<\/strong><\/p>\n<p><strong>Tambi\u00e9n en el barrio de Barracas se relata la situaci\u00f3n de la realidad cotidiana:\u00a0<\/strong><\/p>\n<p style=\"text-align: justify\"><strong>Para terminar, el Dr. Andr\u00e9s Gallardo concluy\u00f3 sobre un proyecto posible que surge desde las organizaciones entre lo urgente y lo posible, \u00fanico modo que permite abordar de la mejor manera una problem\u00e1tica tan compleja. Al mismo tiempo planteo la necesidad de una transformaci\u00f3n estructural de un problema que se llama pobreza:<\/strong><\/p>\n","protected":false},"excerpt":{"rendered":"<p>[FMR 20\/09\/16] El proximo 22 de septiembre se presentar\u00e1 el libro\u00a0El Paco. Informe sobre consumo y efectos en el cintur\u00f3n Sur de la CABA. 2016, una investigaci\u00f3n multidisciplinaria coordinada por el Dr. Andr\u00e9s Gallardo, juez en lo Contencioso Administrativo de la Ciudad de Buenos Aire. El viernes (16\/09) en la emisi\u00f3n del programa Cazadores de [&hellip;]<\/p>\n","protected":false},"author":4,"featured_media":2701,"comment_status":"open","ping_status":"open","sticky":false,"template":"","format":"standard","meta":{"_monsterinsights_skip_tracking":false,"_monsterinsights_sitenote_active":false,"_monsterinsights_sitenote_note":"","_monsterinsights_sitenote_category":0,"jnews-multi-image_gallery":[],"jnews_single_post":[],"jnews_primary_category":[],"_joinchat":[],"footnotes":""},"categories":[78,76],"tags":[102],"class_list":["post-2700","post","type-post","status-publish","format-standard","has-post-thumbnail","hentry","category-economia-popular","category-salud-comunitaria","tag-especiales-riachuelo"],"_links":{"self":[{"href":"http:\/\/fmriachuelo.it10.com.ar\/index.php\/wp-json\/wp\/v2\/posts\/2700","targetHints":{"allow":["GET"]}}],"collection":[{"href":"http:\/\/fmriachuelo.it10.com.ar\/index.php\/wp-json\/wp\/v2\/posts"}],"about":[{"href":"http:\/\/fmriachuelo.it10.com.ar\/index.php\/wp-json\/wp\/v2\/types\/post"}],"author":[{"embeddable":true,"href":"http:\/\/fmriachuelo.it10.com.ar\/index.php\/wp-json\/wp\/v2\/users\/4"}],"replies":[{"embeddable":true,"href":"http:\/\/fmriachuelo.it10.com.ar\/index.php\/wp-json\/wp\/v2\/comments?post=2700"}],"version-history":[{"count":0,"href":"http:\/\/fmriachuelo.it10.com.ar\/index.php\/wp-json\/wp\/v2\/posts\/2700\/revisions"}],"wp:featuredmedia":[{"embeddable":true,"href":"http:\/\/fmriachuelo.it10.com.ar\/index.php\/wp-json\/"}],"wp:attachment":[{"href":"http:\/\/fmriachuelo.it10.com.ar\/index.php\/wp-json\/wp\/v2\/media?parent=2700"}],"wp:term":[{"taxonomy":"category","embeddable":true,"href":"http:\/\/fmriachuelo.it10.com.ar\/index.php\/wp-json\/wp\/v2\/categories?post=2700"},{"taxonomy":"post_tag","embeddable":true,"href":"http:\/\/fmriachuelo.it10.com.ar\/index.php\/wp-json\/wp\/v2\/tags?post=2700"}],"curies":[{"name":"wp","href":"https:\/\/api.w.org\/{rel}","templated":true}]}}