{"id":269,"date":"2015-07-10T14:00:00","date_gmt":"2015-07-10T14:00:00","guid":{"rendered":"http:\/\/fmriachuelo.observatorioess.org.ar\/index.php\/2015\/07\/10\/vii-cumbre-de-los-brics\/"},"modified":"2025-04-16T16:41:13","modified_gmt":"2025-04-16T19:41:13","slug":"vii-cumbre-de-los-brics","status":"publish","type":"post","link":"http:\/\/fmriachuelo.it10.com.ar\/index.php\/2015\/07\/10\/vii-cumbre-de-los-brics\/","title":{"rendered":"VII CUMBRE DE LOS BRICS"},"content":{"rendered":"<p><span style=\"font-family: Verdana,sans-serif\"><span style=\"color: red;font-size: large\"><b> HACIA UN MUNDO MULTIPOLAR<\/b><\/span><\/span><br \/><b><span style=\"font-family: Verdana,sans-serif\">Los l\u00edderes de la naciones que integran ese mecanismo de integraci\u00f3n, se re\u00fanen en la ciudad rusa de Uf\u00e1 entre el 8 y el 10 de julio.<\/span><\/b><\/p>\n<div style=\"clear: both;text-align: center\"><span style=\"font-family: Verdana,sans-serif\"><a href=\"http:\/\/2.bp.blogspot.com\/-L2j1EV1yWvk\/VZ_Pgzzn8hI\/AAAAAAAAFPc\/M4H8qJifIOw\/s1600\/BRICS.jpg\" style=\"clear: left;float: left;margin-bottom: 1em;margin-right: 1em\"><img loading=\"lazy\" decoding=\"async\" border=\"0\" height=\"105\" src=\"http:\/\/2.bp.blogspot.com\/-L2j1EV1yWvk\/VZ_Pgzzn8hI\/AAAAAAAAFPc\/M4H8qJifIOw\/s200\/BRICS.jpg\" width=\"200\" \/><\/a><\/span><\/div>\n<div style=\"text-align: justify\"><span style=\"font-family: Verdana,sans-serif\">UF\u00c1, Rusia.\u2014Los l\u00edderes del grupo Brics (Brasil, Rusia, India, China y Sud\u00e1frica) debaten desde este mi\u00e9rcoles y hasta el viernes la actualidad del escenario internacional, la cooperaci\u00f3n econ\u00f3mica, el combate a la pobreza y la crisis griega.<\/span><br \/><a name='more'><\/a>La VII Cumbre del Brics en la ciudad rusa de Uf\u00e1,  entre el 8 y el 10 de julio, no se apartar\u00e1 de la situaci\u00f3n econ\u00f3mica del mundo, como tampoco dejar\u00e1 de tocar la amenaza terrorista del autodenominado Estado Isl\u00e1mico, por ser un momento de concertaci\u00f3n y posiciones por la dimensi\u00f3n del bloque, inform\u00f3 Prensa Latina.<br \/><span style=\"font-family: Verdana,sans-serif\">La agenda del encuentro tambi\u00e9n incluye as\u00adpectos pr\u00e1cticos del funcionamiento del nuevo Banco de Desarrollo y el fondo com\u00fan de reservas monetarias del Brics, adem\u00e1s, a propuesta de Ru\u00adsia se adoptar\u00e1 la estrategia de cooperaci\u00f3n econ\u00f3mica entre los pa\u00edses miembros hasta el 2020.<br \/>El Consejo de Negocios del grupo acord\u00f3 ayer una declaraci\u00f3n sobre inversiones, en coincidencia con un encuentro en esa ciudad entre los presidente de Rusia y China.<br \/>Tambi\u00e9n trascendi\u00f3 la designaci\u00f3n del ministro de Desarrollo Econ\u00f3mico, Ant\u00f3n Silu\u00e1nov, como gobernante ruso del Nuevo Banco de Desarrollo.<br \/>Los l\u00edderes del bloque iniciaron este c\u00f3nclave revisando el plan para concretar la fecha del funcionamiento de la entidad de la alianza econ\u00f3mica y  tratados de cooperaci\u00f3n hasta el 2020.<br \/>Los temas econ\u00f3micos ser\u00e1n los primeros a tratar por los delegados del BRICS, a fin de poner sobre la mesa la hoja de ruta de los pa\u00edses miembros para ampliar las relaciones en materia de comercio e inversiones. Adem\u00e1s de analizar la agenda com\u00fan en el marco del encuentro del Grupo de los 20 (G-20).<\/span><\/p>\n<div style=\"text-align: justify\"><span style=\"font-family: Verdana,sans-serif\"><span style=\"font-size: x-small\"><b><span style=\"color: #0b5394\">GRANMA\/PRODUCCI\u00d3N RIACHUELO<\/span><\/b><\/span><\/span><\/div>\n<\/div>\n","protected":false},"excerpt":{"rendered":"<p>HACIA UN MUNDO MULTIPOLARLos l\u00edderes de la naciones que integran ese mecanismo de integraci\u00f3n, se re\u00fanen en la ciudad rusa de Uf\u00e1 entre el 8 y el 10 de julio. UF\u00c1, Rusia.\u2014Los l\u00edderes del grupo Brics (Brasil, Rusia, India, China y Sud\u00e1frica) debaten desde este mi\u00e9rcoles y hasta el viernes la actualidad del escenario internacional, [&hellip;]<\/p>\n","protected":false},"author":4,"featured_media":0,"comment_status":"open","ping_status":"open","sticky":false,"template":"","format":"standard","meta":{"_monsterinsights_skip_tracking":false,"_monsterinsights_sitenote_active":false,"_monsterinsights_sitenote_note":"","_monsterinsights_sitenote_category":0,"jnews-multi-image_gallery":[],"jnews_single_post":{"format":"standard"},"jnews_primary_category":[],"_joinchat":[],"footnotes":""},"categories":[58],"tags":[167],"class_list":["post-269","post","type-post","status-publish","format-standard","hentry","category-noticiariachuelo","tag-politica-internacional"],"_links":{"self":[{"href":"http:\/\/fmriachuelo.it10.com.ar\/index.php\/wp-json\/wp\/v2\/posts\/269","targetHints":{"allow":["GET"]}}],"collection":[{"href":"http:\/\/fmriachuelo.it10.com.ar\/index.php\/wp-json\/wp\/v2\/posts"}],"about":[{"href":"http:\/\/fmriachuelo.it10.com.ar\/index.php\/wp-json\/wp\/v2\/types\/post"}],"author":[{"embeddable":true,"href":"http:\/\/fmriachuelo.it10.com.ar\/index.php\/wp-json\/wp\/v2\/users\/4"}],"replies":[{"embeddable":true,"href":"http:\/\/fmriachuelo.it10.com.ar\/index.php\/wp-json\/wp\/v2\/comments?post=269"}],"version-history":[{"count":1,"href":"http:\/\/fmriachuelo.it10.com.ar\/index.php\/wp-json\/wp\/v2\/posts\/269\/revisions"}],"predecessor-version":[{"id":23740,"href":"http:\/\/fmriachuelo.it10.com.ar\/index.php\/wp-json\/wp\/v2\/posts\/269\/revisions\/23740"}],"wp:attachment":[{"href":"http:\/\/fmriachuelo.it10.com.ar\/index.php\/wp-json\/wp\/v2\/media?parent=269"}],"wp:term":[{"taxonomy":"category","embeddable":true,"href":"http:\/\/fmriachuelo.it10.com.ar\/index.php\/wp-json\/wp\/v2\/categories?post=269"},{"taxonomy":"post_tag","embeddable":true,"href":"http:\/\/fmriachuelo.it10.com.ar\/index.php\/wp-json\/wp\/v2\/tags?post=269"}],"curies":[{"name":"wp","href":"https:\/\/api.w.org\/{rel}","templated":true}]}}