{"id":2682,"date":"2016-09-19T03:54:28","date_gmt":"2016-09-19T03:54:28","guid":{"rendered":"http:\/\/fmriachuelo.com.ar\/ljkjklj\/?p=2682"},"modified":"2016-09-19T03:54:28","modified_gmt":"2016-09-19T03:54:28","slug":"en-avellaneda-no-se-rinde-nadie-lanzamiento-de-una-nueva-seccional-de-ctep","status":"publish","type":"post","link":"http:\/\/fmriachuelo.it10.com.ar\/index.php\/2016\/09\/19\/en-avellaneda-no-se-rinde-nadie-lanzamiento-de-una-nueva-seccional-de-ctep\/","title":{"rendered":"EN AVELLANEDA NO SE RINDE NADIE: LANZAMIENTO DE UNA NUEVA SECCIONAL DE CTEP"},"content":{"rendered":"<p style=\"text-align: justify\"><img loading=\"lazy\" decoding=\"async\" class=\"alignleft wp-image-2692 size-medium\" src=\"http:\/\/fmriachuelo.com.ar\/ljkjklj\/wp-content\/uploads\/2016\/09\/afiche-300x214.jpg\" alt=\"afiche\" width=\"300\" height=\"214\" \/>[FMR 18\/09\/2016] En la tarde del s\u00e1bado, en la sede Pi\u00f1eyro de la Universidad Nacional de Avellaneda (UNDAV), se realiz\u00f3 el acto de lanzamiento de la seccional Avellaneda de la Confederaci\u00f3n de Trabajadores de la Econom\u00eda Popular (CTEP). La actividad cont\u00f3 con una nutrida participaci\u00f3n de militantes, organizaciones de la econom\u00eda popular, autoridades del municipio y de la UNDAV que acompa\u00f1aron el acontecimiento destacando la importancia de generar m\u00e1s herramientas de lucha a favor de los trabajadores.<\/p>\n<p style=\"text-align: justify\">La presentaci\u00f3n de la iniciativa estuvo a cargo de una mesa donde estuvieron presentes Dar\u00edo Zaffal\u00f3n, del Frente de Desocupados \u00abEva Per\u00f3n\u00bb, Lito Borello, de la Organizaci\u00f3n Social y Pol\u00edtica Los Pibes, Fabio Gonzalez, Juan Manuel \u00a0\u00a0y Jorge Voitovich, del Movimiento Evita, y Joaqu\u00edn Escobar, Director de Econom\u00eda Social y Solidaria de la Municipalidad de Avellaneda. Los oradores compartieron\u00a0con alegr\u00eda y optimismo la ampliaci\u00f3n de la CTEP. Dar\u00edo Zaffal\u00f3n, entre los principales impulsores de la propuesta, destac\u00f3 la importancia de la CTEP Avellaneda como una herramienta \u00abpara no ver m\u00e1s compa\u00f1eros con hambre y sin trabajo, para no volver a la situaci\u00f3n del 2001\u00bb.<\/p>\n<p style=\"text-align: justify\"><img loading=\"lazy\" decoding=\"async\" class=\"aligncenter wp-image-2693 size-large\" src=\"http:\/\/fmriachuelo.com.ar\/ljkjklj\/wp-content\/uploads\/2016\/09\/dario-1024x763.jpg\" alt=\"dario\" width=\"640\" height=\"477\" \/><\/p>\n<p style=\"text-align: justify\">El an\u00e1lisis de un contexto nacional, pero tambi\u00e9n global, muy complejo estuvo presente en las intervenciones de Lito Borello y Fabio Gonzalez. El Coordinador Nacional de Los Pibes se\u00f1al\u00f3: \u00abhasta el Papa Francisco est\u00e1 marcando la crisis civilizatoria, que el sistema del dios dinero no va m\u00e1s. Necesitamos construir poder popular para bancar las conquistas que vendr\u00e1n\u00bb. Por su parte, Gonzalez, del Evita, plante\u00f3 que \u00abesta herramienta es la que nos permite defender a los trabajadores que el sistema expuls\u00f3 y que posiblemente no tengan lugar nunca m\u00e1s en el sistema de explotaci\u00f3n\u00bb.<\/p>\n<p style=\"text-align: justify\"><img loading=\"lazy\" decoding=\"async\" class=\"aligncenter wp-image-2694 size-large\" src=\"http:\/\/fmriachuelo.com.ar\/ljkjklj\/wp-content\/uploads\/2016\/09\/lito-1-1024x608.jpg\" alt=\"lito\" width=\"640\" height=\"380\" \/><\/p>\n<p style=\"text-align: justify\">Finalizando el acto, la convicci\u00f3n de continuar con la lucha por los derechos de los trabajadores de la econom\u00eda popular se expres\u00f3 en los abrazos de reencuentro de muchos de los militantes presentes. Entre los asistentes seguramente resonaba la consigna de la CTEP que Borello rescat\u00f3 con fuerza en su intervenci\u00f3n: \u00abac\u00e1 no se rinde nadie\u00bb.<\/p>\n<p style=\"text-align: justify\">Accede a los audios de la cobertura de FM Riachuelo:<\/p>\n<p style=\"text-align: justify\">\n","protected":false},"excerpt":{"rendered":"<p>[FMR 18\/09\/2016] En la tarde del s\u00e1bado, en la sede Pi\u00f1eyro de la Universidad Nacional de Avellaneda (UNDAV), se realiz\u00f3 el acto de lanzamiento de la seccional Avellaneda de la Confederaci\u00f3n de Trabajadores de la Econom\u00eda Popular (CTEP). La actividad cont\u00f3 con una nutrida participaci\u00f3n de militantes, organizaciones de la econom\u00eda popular, autoridades del municipio [&hellip;]<\/p>\n","protected":false},"author":4,"featured_media":2683,"comment_status":"open","ping_status":"open","sticky":false,"template":"","format":"standard","meta":{"_monsterinsights_skip_tracking":false,"_monsterinsights_sitenote_active":false,"_monsterinsights_sitenote_note":"","_monsterinsights_sitenote_category":0,"jnews-multi-image_gallery":[],"jnews_single_post":[],"jnews_primary_category":[],"_joinchat":[],"footnotes":""},"categories":[76,75],"tags":[],"class_list":["post-2682","post","type-post","status-publish","format-standard","has-post-thumbnail","hentry","category-salud-comunitaria","category-trabajo"],"_links":{"self":[{"href":"http:\/\/fmriachuelo.it10.com.ar\/index.php\/wp-json\/wp\/v2\/posts\/2682","targetHints":{"allow":["GET"]}}],"collection":[{"href":"http:\/\/fmriachuelo.it10.com.ar\/index.php\/wp-json\/wp\/v2\/posts"}],"about":[{"href":"http:\/\/fmriachuelo.it10.com.ar\/index.php\/wp-json\/wp\/v2\/types\/post"}],"author":[{"embeddable":true,"href":"http:\/\/fmriachuelo.it10.com.ar\/index.php\/wp-json\/wp\/v2\/users\/4"}],"replies":[{"embeddable":true,"href":"http:\/\/fmriachuelo.it10.com.ar\/index.php\/wp-json\/wp\/v2\/comments?post=2682"}],"version-history":[{"count":0,"href":"http:\/\/fmriachuelo.it10.com.ar\/index.php\/wp-json\/wp\/v2\/posts\/2682\/revisions"}],"wp:featuredmedia":[{"embeddable":true,"href":"http:\/\/fmriachuelo.it10.com.ar\/index.php\/wp-json\/"}],"wp:attachment":[{"href":"http:\/\/fmriachuelo.it10.com.ar\/index.php\/wp-json\/wp\/v2\/media?parent=2682"}],"wp:term":[{"taxonomy":"category","embeddable":true,"href":"http:\/\/fmriachuelo.it10.com.ar\/index.php\/wp-json\/wp\/v2\/categories?post=2682"},{"taxonomy":"post_tag","embeddable":true,"href":"http:\/\/fmriachuelo.it10.com.ar\/index.php\/wp-json\/wp\/v2\/tags?post=2682"}],"curies":[{"name":"wp","href":"https:\/\/api.w.org\/{rel}","templated":true}]}}