{"id":268,"date":"2015-07-10T15:11:00","date_gmt":"2015-07-10T15:11:00","guid":{"rendered":"http:\/\/fmriachuelo.observatorioess.org.ar\/index.php\/2015\/07\/10\/espana-regulan-la-libre-expresion\/"},"modified":"2025-04-16T16:41:39","modified_gmt":"2025-04-16T19:41:39","slug":"espana-regulan-la-libre-expresion","status":"publish","type":"post","link":"http:\/\/fmriachuelo.it10.com.ar\/index.php\/2015\/07\/10\/espana-regulan-la-libre-expresion\/","title":{"rendered":"ESPA\u00d1A: REGULAN LA LIBRE EXPRESI\u00d3N"},"content":{"rendered":"<p><span style=\"font-size: large\"><span style=\"font-family: Verdana,sans-serif\"><span style=\"color: red\"><b>AMORDAZADOS: REMEMORAN LAS LEYES DEL FRANQUISMO<\/b><\/span><\/span><\/span><\/p>\n<div style=\"clear: both;text-align: center\"><span style=\"font-size: small\"><span style=\"font-family: Verdana,sans-serif\"><a href=\"http:\/\/3.bp.blogspot.com\/-IK9DdewEO-c\/VZ_fdXki_wI\/AAAAAAAAFP4\/OGE86n1dWnQ\/s1600\/ley%2Bmordaza.jpg\" style=\"clear: left;float: left;margin-bottom: 1em;margin-right: 1em\"><img loading=\"lazy\" decoding=\"async\" border=\"0\" height=\"114\" src=\"http:\/\/3.bp.blogspot.com\/-IK9DdewEO-c\/VZ_fdXki_wI\/AAAAAAAAFP4\/OGE86n1dWnQ\/s200\/ley%2Bmordaza.jpg\" width=\"200\" \/><\/a><\/span><\/span><\/div>\n<div style=\"text-align: left\"><span style=\"font-size: small\"><span style=\"font-family: Verdana,sans-serif\">El Partido Popular de Espa\u00f1a aprob\u00f3&nbsp; la controversial ley de Seguridad Ciudadana, conocida como <b>ley Mordaza<\/b>, pese al rechazo de la oposici\u00f3n, movimientos sociales, organismos de derechos humanos y los ciudadanos de ese pa\u00eds.  <br \/>Cientos de personas se han manifestado las \u00faltimas semanas contra la normativa del Gobierno de Mariano Rajoy, al considerar esta ley como innecesaria, ya que no es demandada por los ciudadanos, y su objetivo es \u00abamordazar\u00bb la protesta en las calles.<\/span><\/span><br \/><a name='more'><\/a><span style=\"font-size: small\">La ley entr\u00f3 en vigor el 1 de julio, una vez publicada en el Bolet\u00edn Oficial del Estado (BOE), y es  acompa\u00f1a por una reforma del C\u00f3digo Penal y una norma \u201cantiyihadista\u201d que tambi\u00e9n ha sido rechazada por los espa\u00f1oles. <br \/>Pero, \u00bfcu\u00e1les son las pol\u00e9micas medidas que dicha legislatura impone y qui\u00e9nes son los afectados? <br \/><b>Claves para conocer la ley Mordaza:<\/b> <br \/>1.- Devoluciones en caliente de inmigrantes indocumentados en las zonas fronterizas con Marruecos<span style=\"font-size: small\">.<\/span><br \/>Los extranjeros que sean detectados en la l\u00ednea fronteriza con Ceuta o Melilla, y se resistan a devolverse, ser\u00edan rechazados en Espa\u00f1a a fin de impedir su entrada. Esta disposici\u00f3n fue avalada pese a que el Consejo de Europa y la ONU advirtieron que legalizar las devoluciones en caliente contradice al Tribunal Europeo de Derechos Humanos.&nbsp;<\/span><\/div>\n<div style=\"text-align: left\"><span style=\"font-size: small\"><span style=\"font-family: Verdana,sans-serif\">2.- Registro de pasajeros en el sistema de transporte extraurbano, interurbano y en los terminales a\u00e9reos para combatir la llegada de extranjeros armados o \u201cyihadistas\u201d<span style=\"font-size: small\">.<\/span><br \/>Esta medida es defendida por varios pa\u00edses de la Uni\u00f3n Europea. <br \/>3.- Sancionar\u00e1 hasta con 600 mil euros (687 mil d\u00f3lares) a personas que participen en manifestaciones o reuniones no comunicadas en instalaciones que prestan servicios para la comunidad<span style=\"font-size: small\">.<\/span><br \/>Aquellos que quieran manifestar frente a un hospital, instituci\u00f3n p\u00fablica, frente al Senado, Asamblea Nacional, escuela o universidad, ser\u00e1 multado.  <br \/>4.- Restringir\u00e1 la actividad informativa: el uso no autorizado de im\u00e1genes, datos personales o profesionales de autoridades y miembros de las fuerzas de seguridad pagar\u00e1n multa de 30 mil (34 mil d\u00f3lares) a 600 mil euros, seg\u00fan el caso.<\/span><\/span><br \/><span style=\"font-size: small\"><span style=\"font-family: Verdana,sans-serif\"><\/span><\/span><br \/><span style=\"font-size: small\"><span style=\"font-family: Verdana,sans-serif\">5.- Conceder\u00e1 mayor valor probatorio a las denuncias formuladas por las fuerzas de seguridad nacional.  <br \/>6.- Penalizar\u00e1 con multa administrativa las faltas que se inclu\u00edan en el C\u00f3digo Penal y eran sometidas a control judicial<span style=\"font-size: small\">.<\/span><br \/>Es decir que, ahora el juez no tendr\u00e1 la \u00faltima palabra en caso de infracciones o delitos penales.  <br \/>7.- Criminalizar\u00e1 las libertad de expresi\u00f3n en redes sociales, pues considera alteraci\u00f3n las convocatrias de protestas v\u00eda Twitter, Instagram o Facebook.&nbsp;<\/span><\/span><\/p>\n<p><span style=\"font-size: small\"><span style=\"font-family: Verdana,sans-serif\">Medidas de la reforma del C\u00f3digo Penal <br \/>-Podr\u00eda imponer la prisi\u00f3n permanente revisable en casos de gravedad excepcional como homicidio de un funcionario de Gobierno o la monarqu\u00eda, intentos de genocidio o asesinatos en serie contra organizaciones criminales, menores de 16 a\u00f1os o personas vulnerables.  <br \/>-Castigar\u00e1 las protestas \u201cpertubadoras\u201d con penas de prisi\u00f3n y castigar\u00e1 la difusi\u00f3n de mensajes para alterar el orden p\u00fablico o convocatorias para llevar a cabo manifestaciones multitudinarias.  <br \/>-Penalizar\u00e1 con prisi\u00f3n el uso, promoci\u00f3n o labor desde una web de enlaces, por su \u201ccaracter\u00edstica de vulnerar el derecho a la propiedad intelectual\u201d, pese a que el Consejo de Estado asegura \u00abque no todas las webs de enlaces atentan contra la propiedad intelectual\u00bb. <br \/>-Castigo con penas de seis meses de prisi\u00f3n el \u201ctop manta\u201d (vender productos de inmitaci\u00f3n en las calles). Algunas de estas medidas tambi\u00e9n rigen las pol\u00edticas \u201cantiyihadistas\u201d.  <br \/>Seg\u00fan el diputado socialista, Ignacio S\u00e1nchez Amor,\u00bb la ley recuerda a la vieja legislaci\u00f3n franquista de orden p\u00fablico, y entre libertad y seguridad, opta claramente por la segunda\u00bb.  <br \/>El Partido Social Obrero Espa\u00f1ol (PSOE) considera que la nueva ley limita derechos fundamentales y constituye un ataque frontal a las libertades individuales. Mientras el partido izquierdista Podemos resalta que la ley muestra el miedo del Gobierno espa\u00f1ol al cambio. <br \/>Al repudio se suman cinco relatores de derechos humanos de Naciones Unidas, que criticaron las reformas legislativas en Espa\u00f1a, as\u00ed como el Consejo de Europa, que considera ley cercenadora de los derechos humanos.  <br \/>\u00abNos preocupa que las propuestas de reforma puedan ser una respuesta del Gobierno y del poder legislativo a las numerosas manifestaciones que en los \u00faltimos a\u00f1os se han llevado a cabo en Espa\u00f1a\u00bb, afirmaron los relatores de la ONU.<\/span><\/span><br \/><span style=\"font-size: x-small\"><b><span style=\"color: #0b5394\"><span style=\"font-family: Verdana,sans-serif\">TELESUR\/PRODUCCI\u00d3N RIACHUEL<span style=\"font-size: x-small\">O<\/span> <\/span><\/span><\/b><\/span><\/div>\n","protected":false},"excerpt":{"rendered":"<p>AMORDAZADOS: REMEMORAN LAS LEYES DEL FRANQUISMO El Partido Popular de Espa\u00f1a aprob\u00f3&nbsp; la controversial ley de Seguridad Ciudadana, conocida como ley Mordaza, pese al rechazo de la oposici\u00f3n, movimientos sociales, organismos de derechos humanos y los ciudadanos de ese pa\u00eds. Cientos de personas se han manifestado las \u00faltimas semanas contra la normativa del Gobierno de [&hellip;]<\/p>\n","protected":false},"author":4,"featured_media":0,"comment_status":"open","ping_status":"open","sticky":false,"template":"","format":"standard","meta":{"_monsterinsights_skip_tracking":false,"_monsterinsights_sitenote_active":false,"_monsterinsights_sitenote_note":"","_monsterinsights_sitenote_category":0,"jnews-multi-image_gallery":[],"jnews_single_post":{"format":"standard"},"jnews_primary_category":[],"_joinchat":[],"footnotes":""},"categories":[58],"tags":[167],"class_list":["post-268","post","type-post","status-publish","format-standard","hentry","category-noticiariachuelo","tag-politica-internacional"],"_links":{"self":[{"href":"http:\/\/fmriachuelo.it10.com.ar\/index.php\/wp-json\/wp\/v2\/posts\/268","targetHints":{"allow":["GET"]}}],"collection":[{"href":"http:\/\/fmriachuelo.it10.com.ar\/index.php\/wp-json\/wp\/v2\/posts"}],"about":[{"href":"http:\/\/fmriachuelo.it10.com.ar\/index.php\/wp-json\/wp\/v2\/types\/post"}],"author":[{"embeddable":true,"href":"http:\/\/fmriachuelo.it10.com.ar\/index.php\/wp-json\/wp\/v2\/users\/4"}],"replies":[{"embeddable":true,"href":"http:\/\/fmriachuelo.it10.com.ar\/index.php\/wp-json\/wp\/v2\/comments?post=268"}],"version-history":[{"count":1,"href":"http:\/\/fmriachuelo.it10.com.ar\/index.php\/wp-json\/wp\/v2\/posts\/268\/revisions"}],"predecessor-version":[{"id":23741,"href":"http:\/\/fmriachuelo.it10.com.ar\/index.php\/wp-json\/wp\/v2\/posts\/268\/revisions\/23741"}],"wp:attachment":[{"href":"http:\/\/fmriachuelo.it10.com.ar\/index.php\/wp-json\/wp\/v2\/media?parent=268"}],"wp:term":[{"taxonomy":"category","embeddable":true,"href":"http:\/\/fmriachuelo.it10.com.ar\/index.php\/wp-json\/wp\/v2\/categories?post=268"},{"taxonomy":"post_tag","embeddable":true,"href":"http:\/\/fmriachuelo.it10.com.ar\/index.php\/wp-json\/wp\/v2\/tags?post=268"}],"curies":[{"name":"wp","href":"https:\/\/api.w.org\/{rel}","templated":true}]}}