{"id":2675,"date":"2016-09-17T15:48:27","date_gmt":"2016-09-17T15:48:27","guid":{"rendered":"http:\/\/fmriachuelo.com.ar\/ljkjklj\/?p=2675"},"modified":"2016-09-17T15:48:27","modified_gmt":"2016-09-17T15:48:27","slug":"la-lucha-contra-el-tarifazo","status":"publish","type":"post","link":"http:\/\/fmriachuelo.it10.com.ar\/index.php\/2016\/09\/17\/la-lucha-contra-el-tarifazo\/","title":{"rendered":"LA LUCHA CONTRA EL TARIFAZO"},"content":{"rendered":"<div style=\"text-align: justify\">[FMR 17\/09\/16] No alcanz\u00f3 la militarizaci\u00f3n con todas las fuerzas de seguridad que desde el mi\u00e9rcoles se vivi\u00f3 en el barrio de La Boca, para evitar que en la jornada de ayer, un ampl\u00edsimo arco de organizaciones sociales, pol\u00edticas, sindicales y culturales movilizaran a los alrededores de la Usina del Arte para expresar el descontento. FM Riachuelo acompa\u00f1\u00f3 la movilizaci\u00f3n en La Boca y durante su programaci\u00f3n vespertina recogi\u00f3 testimonios y miradas de distintos sectores y compa\u00f1eros que denunciaron la ilegitimidad de las audiencias.<\/div>\n<div><\/div>\n<div style=\"text-align: justify\">La columna de los trabajadores de la Econom\u00eda Popular organizada por la Confederaci\u00f3n de Trabajadores de la Econom\u00eda Popular (CTEP), por la Corriente Clasista y Combativa (CCC) y por el Movimiento Barrios de Pie, fue la primera en lograr torcer el exagerado dispositivo policial para subir y cortar la autopista Buenos Aires-La Plata y llevar el reclamo contra el ajuste a la puerta de la Usina del Arte a pocos minutos de la exposici\u00f3n de Aranguren. Mientras marchaban, Luciano Alvarez, referente de la Organizaci\u00f3n Social y Pol\u00edtica Los Pibes, parte de la CTEP, explicaba la presencia de Esteban Gringo Castro, Secretario General de la CTEP, en la columna: \u00abvinimos a tratar de ingresar a la audiencia pero una vez m\u00e1s Macri prohibe la participaci\u00f3n popular. Hay miles de compa\u00f1eros en todo el pa\u00eds que se anotaron para la audiencia y les prohibieron la entrada. Entre ellos el Gringo, secretario general de la CTEP\u00bb. Esto nos dio la posibilidad de conversar con Castro: \u00abcon el tarifazo las f\u00e1bricas recuperadas de la CTEP no se pueden sostener. Quieren bajar la inflaci\u00f3n, bajando el consumo y eso afecta a nuestros trabajadores. Presentamos un proyecto para para crear un comit\u00e9 de crisis en el Ministerio de Trabajo que implemente un ingreso social complementario para todos los trabajadores de la econom\u00eda popular\u00bb.<\/div>\n<div><\/div>\n<div style=\"text-align: justify\">A medida que transcurr\u00eda el d\u00eda, y a pesar del ocultamiento medi\u00e1tico, se extend\u00eda la indignaci\u00f3n que provocaban las audiencias que, al dejar afuera y prohibir la participaci\u00f3n popular, m\u00e1s se parec\u00edan a una farsa administrativa que una instancia que verdaderamente permitiera expresar y discutir las cr\u00edticas consecuencias sociales que produce el ajuste y el tarifazo. Los estudiantes secundarios que movilizaron en la tarde de ayer, a 40 a\u00f1os de la Noche de los Lapices, pasaron por el aire de la FM Riachuelo y expresaron su mirada sobre el tarifazo en la voz de <a href=\"http:\/\/radiocut.fm\/audiocut\/antonela-c-estudiantes-esc-manuel-belgrano\/\" target=\"_blank\" rel=\"noopener\">Antonela, del Centro de Estudiantes de la Escuela Manuel Belgrano<\/a>.<\/div>\n<div><\/div>\n<div><img loading=\"lazy\" decoding=\"async\" src=\"https:\/\/mail.google.com\/mail\/u\/0\/?ui=2&amp;ik=40804ea1be&amp;view=fimg&amp;th=15738893957bddb5&amp;attid=0.1&amp;disp=emb&amp;realattid=ii_157387691628f132&amp;attbid=ANGjdJ9MAFZKP5kR3ebl_28X9qhBbPTDQw3M7Rrhmicokup0ETghCvBnO5GAA8XpIUMErjpkBw9CNB8kD2um5b6Q0LuCWSy-Po8_1N55-SA2Df0D3HjCHC5ztoDufeA&amp;sz=s0-l75&amp;ats=1474126792706&amp;rm=15738893957bddb5&amp;zw\" alt=\"Imagen integrada 6\" width=\"494\" height=\"278\" \/><\/div>\n<div><\/div>\n<div style=\"text-align: justify\">Hasta las expresiones culturales del barrio se sumaron en contra del tarifazo, y a pesar de la militarizaci\u00f3n que se mantuvo hasta altas horas de la noche, el Grupo de Teatro Catalinas Sur, ofreci\u00f3 su habitual funci\u00f3n de los viernes a la noche. En forma de protesta, y para aliviar el bolsillo de los espectadores afectados por el tarifazo, la funci\u00f3n fue gratuita. Por encontrarse a metros de la Usina del Arte, lamentablemente, tambi\u00e9n fue&#8230; vallada.<\/div>\n<div><span style=\"font-family: verdana, sans-serif\">\u00a0<\/span><\/div>\n<div style=\"text-align: justify\"><span style=\"font-family: verdana, sans-serif\"><img loading=\"lazy\" decoding=\"async\" src=\"https:\/\/mail.google.com\/mail\/u\/0\/?ui=2&amp;ik=40804ea1be&amp;view=fimg&amp;th=15738893957bddb5&amp;attid=0.4&amp;disp=emb&amp;realattid=ii_15738876c4602e97&amp;attbid=ANGjdJ-bgHQPManoOiQGu5QRRPdp9vJxND5RlsL1VUFjtJLEyKeauONlSHlcrR5dfi4L6VyRiZRAsargLkLr97GLw8XaBBsV3xnytvqtGimTUEc9mNfvkrJKJwBx920&amp;sz=s0-l75&amp;ats=1474126792706&amp;rm=15738893957bddb5&amp;zw\" alt=\"Imagen integrada 8\" width=\"494\" height=\"371\" \/>\u00a0<\/span><img loading=\"lazy\" decoding=\"async\" src=\"https:\/\/mail.google.com\/mail\/u\/0\/?ui=2&amp;ik=40804ea1be&amp;view=fimg&amp;th=15738893957bddb5&amp;attid=0.2&amp;disp=emb&amp;realattid=ii_1573887455de6795&amp;attbid=ANGjdJ9bp1WCeub11Kmff7BeoHXpH418ZsHb1V18vIDfrU-D2fxGkCRA5-Q6ek02PZFdY2w-rtplHHGOdehGj7c-FqOXngXFDsdCTb8GQSqLJt4CzI2iaDtdn1CGMfM&amp;sz=s0-l75&amp;ats=1474126792707&amp;rm=15738893957bddb5&amp;zw\" alt=\"Imagen integrada 7\" width=\"278\" height=\"371\" \/><\/div>\n","protected":false},"excerpt":{"rendered":"<p>[FMR 17\/09\/16] No alcanz\u00f3 la militarizaci\u00f3n con todas las fuerzas de seguridad que desde el mi\u00e9rcoles se vivi\u00f3 en el barrio de La Boca, para evitar que en la jornada de ayer, un ampl\u00edsimo arco de organizaciones sociales, pol\u00edticas, sindicales y culturales movilizaran a los alrededores de la Usina del Arte para expresar el descontento. [&hellip;]<\/p>\n","protected":false},"author":4,"featured_media":2677,"comment_status":"open","ping_status":"open","sticky":false,"template":"","format":"standard","meta":{"_monsterinsights_skip_tracking":false,"_monsterinsights_sitenote_active":false,"_monsterinsights_sitenote_note":"","_monsterinsights_sitenote_category":0,"jnews-multi-image_gallery":[],"jnews_single_post":[],"jnews_primary_category":[],"_joinchat":[],"footnotes":""},"categories":[76],"tags":[],"class_list":["post-2675","post","type-post","status-publish","format-standard","has-post-thumbnail","hentry","category-salud-comunitaria"],"_links":{"self":[{"href":"http:\/\/fmriachuelo.it10.com.ar\/index.php\/wp-json\/wp\/v2\/posts\/2675","targetHints":{"allow":["GET"]}}],"collection":[{"href":"http:\/\/fmriachuelo.it10.com.ar\/index.php\/wp-json\/wp\/v2\/posts"}],"about":[{"href":"http:\/\/fmriachuelo.it10.com.ar\/index.php\/wp-json\/wp\/v2\/types\/post"}],"author":[{"embeddable":true,"href":"http:\/\/fmriachuelo.it10.com.ar\/index.php\/wp-json\/wp\/v2\/users\/4"}],"replies":[{"embeddable":true,"href":"http:\/\/fmriachuelo.it10.com.ar\/index.php\/wp-json\/wp\/v2\/comments?post=2675"}],"version-history":[{"count":0,"href":"http:\/\/fmriachuelo.it10.com.ar\/index.php\/wp-json\/wp\/v2\/posts\/2675\/revisions"}],"wp:featuredmedia":[{"embeddable":true,"href":"http:\/\/fmriachuelo.it10.com.ar\/index.php\/wp-json\/"}],"wp:attachment":[{"href":"http:\/\/fmriachuelo.it10.com.ar\/index.php\/wp-json\/wp\/v2\/media?parent=2675"}],"wp:term":[{"taxonomy":"category","embeddable":true,"href":"http:\/\/fmriachuelo.it10.com.ar\/index.php\/wp-json\/wp\/v2\/categories?post=2675"},{"taxonomy":"post_tag","embeddable":true,"href":"http:\/\/fmriachuelo.it10.com.ar\/index.php\/wp-json\/wp\/v2\/tags?post=2675"}],"curies":[{"name":"wp","href":"https:\/\/api.w.org\/{rel}","templated":true}]}}