{"id":2671,"date":"2016-09-15T02:44:13","date_gmt":"2016-09-15T02:44:13","guid":{"rendered":"http:\/\/fmriachuelo.com.ar\/ljkjklj\/?p=2671"},"modified":"2016-09-15T02:44:13","modified_gmt":"2016-09-15T02:44:13","slug":"paseo-de-la-estacion-en-constitucion-protesta-de-feriantes-que-fueron-estafados","status":"publish","type":"post","link":"http:\/\/fmriachuelo.it10.com.ar\/index.php\/2016\/09\/15\/paseo-de-la-estacion-en-constitucion-protesta-de-feriantes-que-fueron-estafados\/","title":{"rendered":"PASEO DE LA ESTACI\u00d3N EN CONSTITUCI\u00d3N, PROTESTA DE FERIANTES QUE FUERON ESTAFADOS"},"content":{"rendered":"<p style=\"text-align: justify\">[FMR 14\/09\/16] Desde el domingo 14 de agosto los trabajadores del paseo de compras La Estaci\u00f3n, ubicado frente a la estaci\u00f3n Constituci\u00f3n, se encontraron sin la fuente de trabajo que les permit\u00eda el sustento diario a las 600 familias que se hallan afectadas por la situaci\u00f3n. Desde ese momento se hallan realizando una medida de protesta con un acampe que se realiza desde hace un mes, fuera de la galer\u00eda. El lunes 13 de septiembre varios de los trabajadores, que est\u00e1n haciendo el acampe se dirigieron a dialogar, \u00a0de manera pac\u00edfica, \u00a0con la\u00a0propietaria del local comercial y como respuesta\u00a0recibieron un desmedido operativo policial en donde fueron agredidos y detenidos en la Comisar\u00eda N\u00ba 16 del barrio de Constituci\u00f3n.<\/p>\n<p>Escuch\u00e1 a continuaci\u00f3n la entrevista completa:<\/p>\n<p>En un momento donde las fuentes de trabajo disminuyen diariamente, los trabajadores del paseo La Estaci\u00f3n y sus familias necesitan recuperar las\u00a0mercader\u00edas, \u00a0que les fueron retenidas de manera ilegal, \u00a0y la posibilidad de trabajar dignamente. Mientras tanto el estado se hace ausente en la funci\u00f3n de protecci\u00f3n de las personas que se hallan con el derecho al trabajo vulnerado.<\/p>\n<div class=\"truncatedAudioInfo__wrapper\">\n<div class=\"truncatedAudioInfo__content\">\n<div class=\"sc-type-small\">\n<div>\n<p>&nbsp;<\/p>\n<\/div>\n<\/div>\n<div class=\"soundTags\"><\/div>\n<div class=\"truncatedAudioInfo__metadata\"><\/div>\n<div class=\"truncatedAudioInfo__license\"><\/div>\n<\/div>\n<\/div>\n","protected":false},"excerpt":{"rendered":"<p>[FMR 14\/09\/16] Desde el domingo 14 de agosto los trabajadores del paseo de compras La Estaci\u00f3n, ubicado frente a la estaci\u00f3n Constituci\u00f3n, se encontraron sin la fuente de trabajo que les permit\u00eda el sustento diario a las 600 familias que se hallan afectadas por la situaci\u00f3n. Desde ese momento se hallan realizando una medida de [&hellip;]<\/p>\n","protected":false},"author":4,"featured_media":2672,"comment_status":"open","ping_status":"open","sticky":false,"template":"","format":"standard","meta":{"_monsterinsights_skip_tracking":false,"_monsterinsights_sitenote_active":false,"_monsterinsights_sitenote_note":"","_monsterinsights_sitenote_category":0,"jnews-multi-image_gallery":[],"jnews_single_post":[],"jnews_primary_category":[],"_joinchat":[],"footnotes":""},"categories":[1],"tags":[],"class_list":["post-2671","post","type-post","status-publish","format-standard","has-post-thumbnail","hentry","category-habitat"],"_links":{"self":[{"href":"http:\/\/fmriachuelo.it10.com.ar\/index.php\/wp-json\/wp\/v2\/posts\/2671","targetHints":{"allow":["GET"]}}],"collection":[{"href":"http:\/\/fmriachuelo.it10.com.ar\/index.php\/wp-json\/wp\/v2\/posts"}],"about":[{"href":"http:\/\/fmriachuelo.it10.com.ar\/index.php\/wp-json\/wp\/v2\/types\/post"}],"author":[{"embeddable":true,"href":"http:\/\/fmriachuelo.it10.com.ar\/index.php\/wp-json\/wp\/v2\/users\/4"}],"replies":[{"embeddable":true,"href":"http:\/\/fmriachuelo.it10.com.ar\/index.php\/wp-json\/wp\/v2\/comments?post=2671"}],"version-history":[{"count":0,"href":"http:\/\/fmriachuelo.it10.com.ar\/index.php\/wp-json\/wp\/v2\/posts\/2671\/revisions"}],"wp:featuredmedia":[{"embeddable":true,"href":"http:\/\/fmriachuelo.it10.com.ar\/index.php\/wp-json\/"}],"wp:attachment":[{"href":"http:\/\/fmriachuelo.it10.com.ar\/index.php\/wp-json\/wp\/v2\/media?parent=2671"}],"wp:term":[{"taxonomy":"category","embeddable":true,"href":"http:\/\/fmriachuelo.it10.com.ar\/index.php\/wp-json\/wp\/v2\/categories?post=2671"},{"taxonomy":"post_tag","embeddable":true,"href":"http:\/\/fmriachuelo.it10.com.ar\/index.php\/wp-json\/wp\/v2\/tags?post=2671"}],"curies":[{"name":"wp","href":"https:\/\/api.w.org\/{rel}","templated":true}]}}