{"id":2665,"date":"2016-09-15T02:26:35","date_gmt":"2016-09-15T02:26:35","guid":{"rendered":"http:\/\/fmriachuelo.com.ar\/ljkjklj\/?p=2665"},"modified":"2016-09-15T02:26:35","modified_gmt":"2016-09-15T02:26:35","slug":"verdurazo-en-plaza-de-mayo-protesta-de-productores-horticolas","status":"publish","type":"post","link":"http:\/\/fmriachuelo.it10.com.ar\/index.php\/2016\/09\/15\/verdurazo-en-plaza-de-mayo-protesta-de-productores-horticolas\/","title":{"rendered":"#VERDURAZO EN PLAZA DE MAYO: PROTESTA DE PRODUCTORES HORT\u00cdCOLAS"},"content":{"rendered":"<p style=\"text-align: justify\">[FMR 14\/09\/16] Hoy en horas del mediod\u00eda se realiz\u00f3 una nueva protesta de los productores de la tierra, nucleados en la Uni\u00f3n de Trabajadores de la Tierra, UTT, y agremiados en la Confederaci\u00f3n de Trabajadores de la Econom\u00eda Popular, CTEP. Tras presentar en el Congreso Nacional un proyecto de acceso a la tierra, se dirigieron marchando hasta Plaza de Mayo, donde entregaron 20 mil kilos de verdura, a una enorme cantidad de personas que esperaban hac\u00eda muchas horas el reparto. Luego de denunciar las precarias condiciones de vida, \u00a0la ausencia de pol\u00edticas del estado que los asistan, la falta de acceso a la tierra y la expoliaci\u00f3n a la que se ven sometidos por falta de posibilidades de distribuci\u00f3n, entregaron al p\u00fablico presente, que se abalanzaba para acceder a productos frescos y de buena calidad.<\/p>\n<p style=\"text-align: justify\">Al mismo tiempo que en el Centro Cultural Kirchner, \u00a0los representantes del gobierno nacional,\u00a0encabezados por el presidente Macri,\u00a0iniciaban\u00a0la ronda de negocios\u00a0internacionales donde se ofrece al mejor postor y\u00a0\u00a0en el idioma de los conquistadores, ingl\u00e9s, a pocos metros el pueblo se abalanzaba para acceder a los alimentos. Estuvieron acompa\u00f1ando la protesta como muestra de solidaridad otras ramas de la CTEP.<\/p>\n<p style=\"text-align: justify\"><span style=\"color: #000000\">A continuaci\u00f3n la\u00a0<\/span><strong style=\"color: #ff0000\">\u00a0NOTICIA Y COMUNICADO COMPLETO DE LA UTT<\/strong><\/p>\n<p>&nbsp;<\/p>\n<p>&nbsp;<\/p>\n","protected":false},"excerpt":{"rendered":"<p>[FMR 14\/09\/16] Hoy en horas del mediod\u00eda se realiz\u00f3 una nueva protesta de los productores de la tierra, nucleados en la Uni\u00f3n de Trabajadores de la Tierra, UTT, y agremiados en la Confederaci\u00f3n de Trabajadores de la Econom\u00eda Popular, CTEP. Tras presentar en el Congreso Nacional un proyecto de acceso a la tierra, se dirigieron [&hellip;]<\/p>\n","protected":false},"author":4,"featured_media":2666,"comment_status":"open","ping_status":"open","sticky":false,"template":"","format":"link","meta":{"_monsterinsights_skip_tracking":false,"_monsterinsights_sitenote_active":false,"_monsterinsights_sitenote_note":"","_monsterinsights_sitenote_category":0,"jnews-multi-image_gallery":[],"jnews_single_post":[],"jnews_primary_category":[],"_joinchat":[],"footnotes":""},"categories":[76,74,75],"tags":[],"class_list":["post-2665","post","type-post","status-publish","format-link","has-post-thumbnail","hentry","category-salud-comunitaria","category-san-cayetano","category-trabajo","post_format-post-format-link"],"_links":{"self":[{"href":"http:\/\/fmriachuelo.it10.com.ar\/index.php\/wp-json\/wp\/v2\/posts\/2665","targetHints":{"allow":["GET"]}}],"collection":[{"href":"http:\/\/fmriachuelo.it10.com.ar\/index.php\/wp-json\/wp\/v2\/posts"}],"about":[{"href":"http:\/\/fmriachuelo.it10.com.ar\/index.php\/wp-json\/wp\/v2\/types\/post"}],"author":[{"embeddable":true,"href":"http:\/\/fmriachuelo.it10.com.ar\/index.php\/wp-json\/wp\/v2\/users\/4"}],"replies":[{"embeddable":true,"href":"http:\/\/fmriachuelo.it10.com.ar\/index.php\/wp-json\/wp\/v2\/comments?post=2665"}],"version-history":[{"count":0,"href":"http:\/\/fmriachuelo.it10.com.ar\/index.php\/wp-json\/wp\/v2\/posts\/2665\/revisions"}],"wp:featuredmedia":[{"embeddable":true,"href":"http:\/\/fmriachuelo.it10.com.ar\/index.php\/wp-json\/"}],"wp:attachment":[{"href":"http:\/\/fmriachuelo.it10.com.ar\/index.php\/wp-json\/wp\/v2\/media?parent=2665"}],"wp:term":[{"taxonomy":"category","embeddable":true,"href":"http:\/\/fmriachuelo.it10.com.ar\/index.php\/wp-json\/wp\/v2\/categories?post=2665"},{"taxonomy":"post_tag","embeddable":true,"href":"http:\/\/fmriachuelo.it10.com.ar\/index.php\/wp-json\/wp\/v2\/tags?post=2665"}],"curies":[{"name":"wp","href":"https:\/\/api.w.org\/{rel}","templated":true}]}}