{"id":2659,"date":"2016-09-14T13:41:58","date_gmt":"2016-09-14T13:41:58","guid":{"rendered":"http:\/\/fmriachuelo.com.ar\/ljkjklj\/?p=2659"},"modified":"2016-09-14T13:41:58","modified_gmt":"2016-09-14T13:41:58","slug":"ni-un-pibe-mas-en-la-calle-instalan-un-parador-en-la-plaza-de-los-dos-congresos-para-asistir-a-familias-de-la-calle","status":"publish","type":"post","link":"http:\/\/fmriachuelo.it10.com.ar\/index.php\/2016\/09\/14\/ni-un-pibe-mas-en-la-calle-instalan-un-parador-en-la-plaza-de-los-dos-congresos-para-asistir-a-familias-de-la-calle\/","title":{"rendered":"NI UN PIBE M\u00c1S EN LA CALLE: INSTALAN UN PARADOR EN LA PLAZA DE LOS DOS CONGRESOS PARA ASISTIR A FAMILIAS DE LA CALLE"},"content":{"rendered":"<p style=\"text-align: justify\">[FMR 14\/09\/16] Desde el d\u00eda 7 de septiembre el Movimiento Popular La Dignidad puso en marcha la iniciativa de instalar un parador en la Plaza de los Dos Congresos, \u00a0frente a la pol\u00edtica del estado, de la Ciudad y la Naci\u00f3n, \u00a0que expulsa y no asiste a las familias y personas m\u00e1s carenciadas, que quedan en situaci\u00f3n de calle y en extrema situaci\u00f3n de vulnerabilidad.<\/p>\n<p><span class=\"text_exposed_show\">Difundimo comunicado:<\/span><\/p>\n<p><a class=\"_58cn\" href=\"https:\/\/www.facebook.com\/hashtag\/niunpibemasenlacalle\">#NiUnPibeMasEnLaCalle<\/a><br \/>\n<span class=\"text_exposed_show\">El Jefe de Gobierno, Horacio Rodriguez Larreta dice que son 876 las personas que viven en las calles, sin embargo los propios paradores de la ciudad reciben a m\u00e1s de 2000 a diario y las organizaciones que trabajamos con esta problem\u00e1tica, contabilizamos casi 22 mil, entre un 20 y un 40% m\u00e1s respecto de 2015.<\/span><\/p>\n<p>La situaci\u00f3n de calle es la expresi\u00f3n m\u00e1s clara de esta sociedad excluyente y de un gobierno que demuestra en cada medida que gobierna para los ricos. \u00bfQu\u00e9 se entiende por persona en situaci\u00f3n de calle? La ley 3076 es clara: son todas aquellas de cualquier origen, que habiten en la calle o espacios p\u00fablicos \u201cen forma transitoria o permanente\u201d, inclu\u00eddas las que est\u00e1n \u201cen riesgo a la situaci\u00f3n de calle\u201d. Bajo esta definici\u00f3n se agrupan los sectores m\u00e1s excluidos dentro de los excluidos: desocupados, adictos, externados de salud mental sin contenci\u00f3n, chicos que trabajan de y en la calle, recicladores urbanos. Si a esto sumamos los desalojados y quienes viven en situaci\u00f3n precaria, hacinados y pagando fortunas por un cuarto 3&#215;3 en la villa, la situaci\u00f3n se vuelve intolerable.<\/p>\n<p>Las pol\u00edticas que benefician el negocio inmobiliario necesariamente vulneran el derecho al acceso a una vivienda digna para enormes capas de nuestro pueblo. Mientras tanto, las respuestas por parte del Estado son insuficientes, fragmentadas y deficientes: paradores con reg\u00edmenes carcelarios, colapsados, desfinanciados y con trabajadores precarizados. El Operativo Frio y el Programa Buenos Aires Presentes son parches transitorios que tapan la ausencia de verdadera pol\u00edtica estatal que asegure la vivienda. Adem\u00e1s las familias y poblaci\u00f3n LGTB carecen de contenci\u00f3n.<\/p>\n<p>Somos las organizaciones sociales las que, mientras mantenemos dispositivos que con una mirada integral dan repuesta parcial a la problem\u00e1tica, tenemos que salir a exigirle al Estado que se haga cargo de esta injusticia.<\/p>\n<p>&gt; Por la declaraci\u00f3n de la emergencia social.<br \/>\n&gt; Por la construcci\u00f3n y asignaci\u00f3n de viviendas dignas.<br \/>\n&gt; Por la apertura de la Ley 341 a cargo del IVC.<br \/>\n&gt; Urbanizaci\u00f3n con radicaci\u00f3n.<br \/>\n&gt; Por la actualizaci\u00f3n del monto de los subsidios habitacionales.<br \/>\n&gt; Respuesta efectiva a las familias subsidiadas por la Senaf. Basta de desalojos.<\/p>\n<p>Contactos de Prensa:<br \/>\nRafael Klejzer 1135849597<br \/>\nVanesa Escobar 1523471834<\/p>\n","protected":false},"excerpt":{"rendered":"<p>[FMR 14\/09\/16] Desde el d\u00eda 7 de septiembre el Movimiento Popular La Dignidad puso en marcha la iniciativa de instalar un parador en la Plaza de los Dos Congresos, \u00a0frente a la pol\u00edtica del estado, de la Ciudad y la Naci\u00f3n, \u00a0que expulsa y no asiste a las familias y personas m\u00e1s carenciadas, que quedan [&hellip;]<\/p>\n","protected":false},"author":4,"featured_media":2660,"comment_status":"open","ping_status":"open","sticky":false,"template":"","format":"standard","meta":{"_monsterinsights_skip_tracking":false,"_monsterinsights_sitenote_active":false,"_monsterinsights_sitenote_note":"","_monsterinsights_sitenote_category":0,"jnews-multi-image_gallery":[],"jnews_single_post":[],"jnews_primary_category":[],"_joinchat":[],"footnotes":""},"categories":[76],"tags":[],"class_list":["post-2659","post","type-post","status-publish","format-standard","has-post-thumbnail","hentry","category-salud-comunitaria"],"_links":{"self":[{"href":"http:\/\/fmriachuelo.it10.com.ar\/index.php\/wp-json\/wp\/v2\/posts\/2659","targetHints":{"allow":["GET"]}}],"collection":[{"href":"http:\/\/fmriachuelo.it10.com.ar\/index.php\/wp-json\/wp\/v2\/posts"}],"about":[{"href":"http:\/\/fmriachuelo.it10.com.ar\/index.php\/wp-json\/wp\/v2\/types\/post"}],"author":[{"embeddable":true,"href":"http:\/\/fmriachuelo.it10.com.ar\/index.php\/wp-json\/wp\/v2\/users\/4"}],"replies":[{"embeddable":true,"href":"http:\/\/fmriachuelo.it10.com.ar\/index.php\/wp-json\/wp\/v2\/comments?post=2659"}],"version-history":[{"count":0,"href":"http:\/\/fmriachuelo.it10.com.ar\/index.php\/wp-json\/wp\/v2\/posts\/2659\/revisions"}],"wp:featuredmedia":[{"embeddable":true,"href":"http:\/\/fmriachuelo.it10.com.ar\/index.php\/wp-json\/"}],"wp:attachment":[{"href":"http:\/\/fmriachuelo.it10.com.ar\/index.php\/wp-json\/wp\/v2\/media?parent=2659"}],"wp:term":[{"taxonomy":"category","embeddable":true,"href":"http:\/\/fmriachuelo.it10.com.ar\/index.php\/wp-json\/wp\/v2\/categories?post=2659"},{"taxonomy":"post_tag","embeddable":true,"href":"http:\/\/fmriachuelo.it10.com.ar\/index.php\/wp-json\/wp\/v2\/tags?post=2659"}],"curies":[{"name":"wp","href":"https:\/\/api.w.org\/{rel}","templated":true}]}}