{"id":2655,"date":"2016-09-14T13:21:16","date_gmt":"2016-09-14T13:21:16","guid":{"rendered":"http:\/\/fmriachuelo.com.ar\/ljkjklj\/?p=2655"},"modified":"2016-09-14T13:21:16","modified_gmt":"2016-09-14T13:21:16","slug":"alerta-45-mil-pesos-de-luz-para-radio-libre-fm-99-3-mutual-sentimiento","status":"publish","type":"post","link":"http:\/\/fmriachuelo.it10.com.ar\/index.php\/2016\/09\/14\/alerta-45-mil-pesos-de-luz-para-radio-libre-fm-99-3-mutual-sentimiento\/","title":{"rendered":"#ALERTA: $45 MIL PESOS DE LUZ PARA RADIO LIBRE FM 99.3 MUTUAL SENTIMIENTO"},"content":{"rendered":"<p>[FMR 14\/09\/16]\u00a0El valor de la factura de luz, imposible de abonar para una cooperativa sin fines de lucro, pone en alerta a todas las cooperativas y medios comunitarios porque constituye una\u00a0amenazay un peligro a su sustentabilidad.<\/p>\n<p style=\"text-align: justify\"><img loading=\"lazy\" decoding=\"async\" class=\"size-thumbnail wp-image-2657 alignleft\" src=\"http:\/\/fmriachuelo.com.ar\/ljkjklj\/wp-content\/uploads\/2016\/09\/12932590_158014654593005_4383935246580631589_n-150x150.jpg\" alt=\"12932590_158014654593005_4383935246580631589_n\" width=\"150\" height=\"150\" \/>Difundimos comunicado:<\/p>\n<p><strong>La Asociaci\u00f3n\u00a0Mutual\u00a0Sentimiento<\/strong>,\u00a0<strong>ONG\u00a0social y comunitaria<\/strong> del barrio de\u00a0Chacarita\u00a0en la Ciudad de Buenos Aires, recibi\u00f3 una factura de luz que pone en serio riesgo su existencia. En esta instituci\u00f3n funcionan un amplio abanico de organizaciones civiles y cooperativas de cuyo trabajo y servicios dependen un enorme n\u00famero de personas.<\/p>\n<p><strong>Trabajan en la Asociaci\u00f3n:<\/strong><\/p>\n<p style=\"text-align: justify\"><strong>Cuatro programas educativos provenientes del Gobierno de la Ciudad, pero abandonados a su suerte econ\u00f3micamente. <\/strong><br \/>\nDos bachilleratos populares (Un bachillerato de\u00a0transg\u00e9nero, el primero de Am\u00e9rica Latina), un programa de apoyo y contenci\u00f3n escolar primaria de ni\u00f1os en situaci\u00f3n de riesgo, y un programa para adultos que no hayan finalizado sus estudios primarios.<\/p>\n<p><strong>Radio Libre\u00a0FM\u00a099.3<\/strong>, emisora social y comunitaria integrante de la red\u00a0FARCO, donde\u00a0adem\u00e1s\u00a0de una grilla diversa se brindan talleres para ni\u00f1os y programas de j\u00f3venes con capacidades especiales.<\/p>\n<p>Una <strong>farmacia social<\/strong> de medicamentos gen\u00e9ricos oncol\u00f3gicos y otros que brindan medicaci\u00f3n y tratamientos con un <strong>40 y 60% de diferencia <\/strong>con las farmacias comerciales.<\/p>\n<p><strong>Un proyecto de econom\u00eda social y\u00a0agroecol\u00f3gica\u00a0con<\/strong> <strong>huerta org\u00e1nica<\/strong> donde se trabaja con los chicos del barrio y funciona un mercado de comercio justo entre productores y consumidores.<br \/>\n<strong>Media docena de cooperativas de trabajo<\/strong> que abarcan poblaciones que provienen de sectores de suma vulnerabilidad,\u00a0ex\u00a0detenidos, mujeres\u00a0v\u00edctimas\u00a0de violencia,\u00a0v\u00edctimas\u00a0de violencia institucional, cartoneros, buscando un proceso de inserci\u00f3n social y producci\u00f3n de trabajo digno.<\/p>\n<p>Este edificio de 6 pisos en el barrio de\u00a0Chacarita\u00a0ah sido\u00a0blanco\u00a0de distintos embistes del Gobierno de la Ciudad durante la gesti\u00f3n de\u00a0Mauricio Macri\u00a0a cargo del mandato en CABA, pero hoy enfrenta un asfixiamiento econ\u00f3mico que pone en peligro su supervivencia, ya que, claramente, ninguna de las actividades mencionadas puede prestarse sin corriente el\u00e9ctrica.<br \/>\nEsta situaci\u00f3n marca un precedente sumamente\u00a0riesgoso\u00a0para el futuro econ\u00f3mico de las organizaciones sociales, culturales y pol\u00edticas de la Argentina.<br \/>\nEl cerco econ\u00f3mico, restringir el acceso a los servicios p\u00fablicos esenciales, presentan una peligrosidad equivalente o mayor a la faja de clausura o la orden de desalojo.<br \/>\n<strong>La pol\u00edtica\u00a0energ\u00e9tica-econ\u00f3mica\u00a0del Gobierno Nacional se cierne sobre las organizaciones que cumplen un rol fundamental en los vac\u00edos del Estado<\/strong>, empeorando a\u00fan m\u00e1s el sombr\u00edo panorama que arrojan las estad\u00edsticas econ\u00f3micas y sociales de todas las \u00edndoles, condenando a la desaparici\u00f3n por tornarse totalmente insostenibles dichas actividades.<br \/>\nPara consultas, adhesiones o entrevistas:<br \/>\nGraciela\u00a0Draguicevich. Presidenta.<br \/>\n011 15-6648-7320<br \/>\nface:\u00a0Mutual\u00a0Sentimiento<br \/>\nTel.: 4552-2254<br \/>\nlibreradiofm993@hotmail.com<\/p>\n","protected":false},"excerpt":{"rendered":"<p>[FMR 14\/09\/16]\u00a0El valor de la factura de luz, imposible de abonar para una cooperativa sin fines de lucro, pone en alerta a todas las cooperativas y medios comunitarios porque constituye una\u00a0amenazay un peligro a su sustentabilidad. Difundimos comunicado: La Asociaci\u00f3n\u00a0Mutual\u00a0Sentimiento,\u00a0ONG\u00a0social y comunitaria del barrio de\u00a0Chacarita\u00a0en la Ciudad de Buenos Aires, recibi\u00f3 una factura de luz [&hellip;]<\/p>\n","protected":false},"author":4,"featured_media":2656,"comment_status":"open","ping_status":"open","sticky":false,"template":"","format":"standard","meta":{"_monsterinsights_skip_tracking":false,"_monsterinsights_sitenote_active":false,"_monsterinsights_sitenote_note":"","_monsterinsights_sitenote_category":0,"jnews-multi-image_gallery":[],"jnews_single_post":[],"jnews_primary_category":[],"_joinchat":[],"footnotes":""},"categories":[76],"tags":[],"class_list":["post-2655","post","type-post","status-publish","format-standard","has-post-thumbnail","hentry","category-salud-comunitaria"],"_links":{"self":[{"href":"http:\/\/fmriachuelo.it10.com.ar\/index.php\/wp-json\/wp\/v2\/posts\/2655","targetHints":{"allow":["GET"]}}],"collection":[{"href":"http:\/\/fmriachuelo.it10.com.ar\/index.php\/wp-json\/wp\/v2\/posts"}],"about":[{"href":"http:\/\/fmriachuelo.it10.com.ar\/index.php\/wp-json\/wp\/v2\/types\/post"}],"author":[{"embeddable":true,"href":"http:\/\/fmriachuelo.it10.com.ar\/index.php\/wp-json\/wp\/v2\/users\/4"}],"replies":[{"embeddable":true,"href":"http:\/\/fmriachuelo.it10.com.ar\/index.php\/wp-json\/wp\/v2\/comments?post=2655"}],"version-history":[{"count":0,"href":"http:\/\/fmriachuelo.it10.com.ar\/index.php\/wp-json\/wp\/v2\/posts\/2655\/revisions"}],"wp:featuredmedia":[{"embeddable":true,"href":"http:\/\/fmriachuelo.it10.com.ar\/index.php\/wp-json\/"}],"wp:attachment":[{"href":"http:\/\/fmriachuelo.it10.com.ar\/index.php\/wp-json\/wp\/v2\/media?parent=2655"}],"wp:term":[{"taxonomy":"category","embeddable":true,"href":"http:\/\/fmriachuelo.it10.com.ar\/index.php\/wp-json\/wp\/v2\/categories?post=2655"},{"taxonomy":"post_tag","embeddable":true,"href":"http:\/\/fmriachuelo.it10.com.ar\/index.php\/wp-json\/wp\/v2\/tags?post=2655"}],"curies":[{"name":"wp","href":"https:\/\/api.w.org\/{rel}","templated":true}]}}