{"id":265,"date":"2015-07-11T02:00:00","date_gmt":"2015-07-11T02:00:00","guid":{"rendered":"http:\/\/fmriachuelo.observatorioess.org.ar\/index.php\/2015\/07\/11\/corresponsalia-especial-riachuelo-encuentro-mundial-de-movimientos-sociales\/"},"modified":"2025-04-17T14:42:28","modified_gmt":"2025-04-17T17:42:28","slug":"corresponsalia-especial-riachuelo-encuentro-mundial-de-movimientos-sociales","status":"publish","type":"post","link":"http:\/\/fmriachuelo.it10.com.ar\/index.php\/2015\/07\/11\/corresponsalia-especial-riachuelo-encuentro-mundial-de-movimientos-sociales\/","title":{"rendered":"CORRESPONSAL\u00cdA ESPECIAL RIACHUELO:  ENCUENTRO MUNDIAL DE MOVIMIENTOS SOCIALES"},"content":{"rendered":"<div style=\"text-align: left\"><span style=\"color: red;font-family: Verdana, sans-serif;font-size: large\"><b><span style=\"color: red;font-family: Verdana, sans-serif;font-size: large\"><b><span style=\"color: red;font-family: Verdana, sans-serif;font-size: large\"><span style=\"background-color: #38761d;color: white;font-family: Verdana, sans-serif;font-size: small\"><b>&nbsp;DIARIO DEL ENCUENTRO: JORNADA FINAL&nbsp; <\/b><\/span><\/span><\/b><\/span><\/b><\/span><br \/><span style=\"color: red;font-family: Verdana, sans-serif;font-size: large\"><b><span style=\"color: red;font-family: Verdana, sans-serif;font-size: large\"><b>POETAS SOCIALES<\/b><\/span><\/b><\/span><br \/><span style=\"font-size: small\"><span style=\"font-family: Verdana,sans-serif\"><b>UNA JORNADA HIST\u00d3RICA PARA LOS LUCHADORES POPULARES DEL PLANETA<\/b><\/span><\/span><br \/><span style=\"font-size: small\"><span style=\"font-family: Verdana,sans-serif\"><b><span style=\"font-family: verdana,sans-serif\"><span style=\"font-size: x-small\"><a href=\"http:\/\/www.mediafire.com\/listen\/hbdrp8hybc40v4c\/LITO_BORELLO.mp3\" target=\"_blank\" rel=\"noopener\"><span style=\"color: #0b5394\"><b><span style=\"font-size: x-small\">ESCUCH\u00c1 AQU\u00cd EL TESTIMONIO DE LITO BORELLO<\/span><\/b><\/span><\/a><\/span><\/span> <\/b><\/span><\/span><\/div>\n<div style=\"clear: both;text-align: center\"><span style=\"font-size: small\"><span style=\"font-family: Verdana,sans-serif\"><span style=\"color: red\"><b style=\"clear: left;float: left;margin-bottom: 1em;margin-right: 1em\"><img loading=\"lazy\" decoding=\"async\" border=\"0\" height=\"178\" src=\"http:\/\/3.bp.blogspot.com\/-2nou1XZ6QVk\/VaBNbgmvslI\/AAAAAAAAFQc\/kBVXqSja-4w\/s320\/IMG-20150709-WA0005.jpg\" width=\"320\" \/><\/b><\/span><\/span><\/span><\/div>\n<div style=\"text-align: justify\"><span style=\"font-size: small\"><span style=\"font-family: Verdana,sans-serif\"><b>[FMR Viernes <span style=\"font-size: small\">10<\/span>\/7\/15 &#8211; Santa Cruz de la Sierra, Bolivia]<\/b><\/span><\/span><br \/><span style=\"font-size: small\"><span style=\"font-family: Verdana,sans-serif\"><i>Corresponsal\u00eda Especial Riachuelo: Manuel Ferrer.<\/i><b><br \/>Luego de intensas jornadas de debate e intercambio los militantes populares reunidos en el II Encuentro Mundial de Movimientos Populares,  le entregaron al Papa Francisco y al presidente Evo Morales un documento que fue la s\u00edntesis del trabajo de representantes de m\u00e1s de 40 pa\u00edses.<\/b>  \u201cUna jornada hist\u00f3rica para los luchadores populares de todo el planeta\u201d culmin\u00f3 con los discursos, de profundo contenido pol\u00edtico,  del presidente Evo Morales y el Papa Francisco.    Las destacadas palabras de ambos mandatarios coronaron la actividad y presencia populares frente al auditorio emocionado.<\/span><\/span><br \/><a name='more'><\/a><span style=\"font-size: small\"><span style=\"font-family: Verdana,sans-serif\"> El encuentro que se produjo ayer entre Evo Morales, Francisco y los movimientos populares en la ciudad boliviana de Santa Cruz fue celebrado por los participantes como \u201cuna jornada hist\u00f3rica para los luchadores populares de todo el planeta\u201d.<br \/>La jornada comenz\u00f3 con la lectura de un documento que sintetizaba para el Papa y el Evo las conclusiones que los 1500 delegados de organizaciones sociales de todo el mundo hab\u00edan alcanzado en los d\u00edas previos. Los nutridos debates sobre los que FM Riachuelo estuvo informando se realizaron en el marco del Segundo Encuentro Mundial de Movimientos Populares recuperando los ejes discutidos el a\u00f1o anterior en Roma: <b>Tierra, Techo y Trabajo<\/b> (las tres \u201cT\u201d).<\/span><\/span><\/p>\n<div style=\"text-align: justify\"><span style=\"font-size: small\"><span style=\"font-family: Verdana,sans-serif\"><br \/><\/span><\/span><\/div>\n<p><span style=\"font-size: small\"><span style=\"font-family: Verdana,sans-serif\"><b>Lee el documento elaborado:<\/b> <a href=\"http:\/\/www.fmriachuelo.com.ar\/2015\/07\/bolivia-concluye-el-ii-encuentro.html\"><span style=\"color: red\"><b>http:\/\/www.fmriachuelo.com.ar\/2015\/07\/bolivia-concluye-el-ii-encuentro.HTML<\/b><\/span><\/a><\/span><\/span><\/p>\n<div style=\"text-align: justify\"><span style=\"font-family: Verdana, sans-serif\"><span style=\"font-size: small\">Enseguida, los m\u00e1s de 3000 asistentes en el predio ferial Expocruz escucharon admirados las intervenciones de Morales y el Papa Francisco.<br \/> El Evo fue el primer orador con c\u00e1lido recibimiento de c\u00e1nticos y consignas antiimperialistas. Sus palabras se orientaron a compartir con los militantes la experiencia hist\u00f3rica de Bolivia que permiti\u00f3 pasar \u201cde un Estado mendigo, a un Estado Plurinacional digno\u201d. Destac\u00f3 una condici\u00f3n importante para desencadenar ese proceso: \u201cen el 2005 decidimos armar un instrumento pol\u00edtico para enfrentar al imperialismo yanqui\u201d.<br \/>Otro momento significativo del discurso del  Evo record\u00f3 los episodios recientes en Grecia, felicitando a Alexis Tsipras y al pueblo griego por su valent\u00eda, para resaltar  la necesidad de \u201cindependencia econ\u00f3mica\u201d para lograr la dignidad de los pueblos del mundo.<br \/> Al cederle la palabra al \u201chermano Francisco\u201d Evo reconoci\u00f3 que \u201cpor primera vez siento que tengo un Papa\u201d.<br \/> En un gesto de humildad que fue fervorosamente valorado por la concurrencia, el Papa se puso de pie, salud\u00f3 a Evo y camin\u00f3 hasta el extremo de la mesa de representantes de las organizaciones para pronunciar, de pie, su discurso en el mismo atril que hab\u00eda utilizado Evo. (Se esperaba que lo hiciera sentado en el centro del escenario)<br \/> De esta forma, Francisco le dio curso a sus palabras que, a pesar del tono calmo y ritmo pausado, sorprendieron y conmovieron a los militantes en todos los momentos de su hora de duraci\u00f3n.<br \/>Aunque dif\u00edcil de sintetizar por la riqueza de su contenido, la intervenci\u00f3n del primer Papa latinoamericano puso r\u00e1pidamente el acento en el rol transformador que deber\u00e1n desempe\u00f1ar los trabajadores excluidos y los militantes populares. Sin demoras,  marc\u00f3 el terreno donde desarrollar la acci\u00f3n y junto con fuertes cr\u00edticas al capitalismo de exclusi\u00f3n enfatiz\u00f3: \u201ces necesario cambiar el sistema\u201d\u2026 \u201cLa globalizaci\u00f3n de la esperanza, que nace de los Pueblos y crece entre los pobres, debe sustituir esta globalizaci\u00f3n de la exclusi\u00f3n y la indiferencia\u201d.<br \/>Un fuerte reconocimiento a los trabajadores de la econom\u00eda popular  a los que les se\u00f1al\u00f3  la capacidad de transformar al mundo a partir de la organizaci\u00f3n que promueve alternativas creativas. Destacando permanentemente la importancia de la acci\u00f3n sobre las tres T (golpecitos al atril mediante).  Al mismo tiempo el Papa   barri\u00f3 con cualquier especulaci\u00f3n sobre la profundidad pol\u00edtica de su discurso , al se\u00f1alar,  sin medias tintas: \u201cnuestra Fe es revolucionaria\u201d. En el mismo sentido, con un \u00e9nfasis autocr\u00edtico y en un gesto de humildad apunt\u00f3: \u201cNi el Papa ni la Iglesia tienen el monopolio de la interpretaci\u00f3n de la realidad social ni la propuesta de soluciones a los problemas contempor\u00e1neos\u201d<br \/>Por momentos, las palabras de Francisco recuperaban las interpretaciones y consignas m\u00e1s valiosas de la militancia popular. El mandar obedeciendo  se hizo presente en el ruego que le hizo a los dirigentes para que construyan siempre involucrando a su pueblo. Del mismo modo  puntualiz\u00f3 el colonialismo al que nuestros pueblos se ven sometidos y la necesidad de completar nuestro proceso de Independencia trunco desde hace 200 a\u00f1os. <br \/> Igual que Evo, en un pasaje que transform\u00f3 e inund\u00f3 rostros por la emoci\u00f3n, el Papa asumi\u00f3 la dimensi\u00f3n hist\u00f3rica de su presencia y pidi\u00f3 perd\u00f3n a los pueblos originarios por los pecados y muerte provocada contra ellos a nombre de la Iglesia Cat\u00f3lica. Fustig\u00f3 en el mismo pasaje \u201cla alianza entre la espada y la cruz\u201d y  al mismo tiempo,  pidi\u00f3 recordar   a los miles de miembros de la Iglesia y cat\u00f3licos que predicaron y dieron la vida por la dignidad de los pueblos en todas las \u00e9pocas.&nbsp; <br \/>Antes de terminar destac\u00f3 que tal como estamos, vivimos dentro de \u201cesta tercera guerra mundial en cuotas, en donde hay  una especie de genocidio en marcha que debe cesar\u201d.<br \/> Para finalizar el Papa nombr\u00f3 a los militantes \u201cpoetas<br \/>\nsociales\u201d, destacando la creatividad de sus pr\u00e1cticas como la virtud m\u00e1s importante para el cambio.  Fueron los militantes populares presentes quienes despidieron encendidamente a un Papa Francisco que pidi\u00f3 defender a toda costa la \u201cPatria Grande\u201d.<\/span><\/span><br \/><span style=\"font-size: x-small\"><span style=\"font-family: Verdana,sans-serif\"><b><span style=\"color: #0b5394\">CORRESPONSAL\u00cdA ESPECIAL RIACHUELO: MANUEL FERRER\/PRODUCCI\u00d3N RIACHUELO<\/span><\/b><\/span><\/span><\/div>\n<\/div>\n","protected":false},"excerpt":{"rendered":"<p>&nbsp;DIARIO DEL ENCUENTRO: JORNADA FINAL&nbsp; POETAS SOCIALESUNA JORNADA HIST\u00d3RICA PARA LOS LUCHADORES POPULARES DEL PLANETAESCUCH\u00c1 AQU\u00cd EL TESTIMONIO DE LITO BORELLO [FMR Viernes 10\/7\/15 &#8211; Santa Cruz de la Sierra, Bolivia]Corresponsal\u00eda Especial Riachuelo: Manuel Ferrer.Luego de intensas jornadas de debate e intercambio los militantes populares reunidos en el II Encuentro Mundial de Movimientos Populares, le [&hellip;]<\/p>\n","protected":false},"author":4,"featured_media":0,"comment_status":"open","ping_status":"open","sticky":false,"template":"","format":"standard","meta":{"_monsterinsights_skip_tracking":false,"_monsterinsights_sitenote_active":false,"_monsterinsights_sitenote_note":"","_monsterinsights_sitenote_category":0,"jnews-multi-image_gallery":[],"jnews_single_post":{"format":"standard"},"jnews_primary_category":[],"_joinchat":[],"footnotes":""},"categories":[61],"tags":[70,103,157,156],"class_list":["post-265","post","type-post","status-publish","format-standard","hentry","category-especiales-riachuelo","tag-de-la-patria-grande","tag-movimientos-populares","tag-nadie-se-salva-solo","tag-tierra-techo-y-trabajo"],"_links":{"self":[{"href":"http:\/\/fmriachuelo.it10.com.ar\/index.php\/wp-json\/wp\/v2\/posts\/265","targetHints":{"allow":["GET"]}}],"collection":[{"href":"http:\/\/fmriachuelo.it10.com.ar\/index.php\/wp-json\/wp\/v2\/posts"}],"about":[{"href":"http:\/\/fmriachuelo.it10.com.ar\/index.php\/wp-json\/wp\/v2\/types\/post"}],"author":[{"embeddable":true,"href":"http:\/\/fmriachuelo.it10.com.ar\/index.php\/wp-json\/wp\/v2\/users\/4"}],"replies":[{"embeddable":true,"href":"http:\/\/fmriachuelo.it10.com.ar\/index.php\/wp-json\/wp\/v2\/comments?post=265"}],"version-history":[{"count":1,"href":"http:\/\/fmriachuelo.it10.com.ar\/index.php\/wp-json\/wp\/v2\/posts\/265\/revisions"}],"predecessor-version":[{"id":23750,"href":"http:\/\/fmriachuelo.it10.com.ar\/index.php\/wp-json\/wp\/v2\/posts\/265\/revisions\/23750"}],"wp:attachment":[{"href":"http:\/\/fmriachuelo.it10.com.ar\/index.php\/wp-json\/wp\/v2\/media?parent=265"}],"wp:term":[{"taxonomy":"category","embeddable":true,"href":"http:\/\/fmriachuelo.it10.com.ar\/index.php\/wp-json\/wp\/v2\/categories?post=265"},{"taxonomy":"post_tag","embeddable":true,"href":"http:\/\/fmriachuelo.it10.com.ar\/index.php\/wp-json\/wp\/v2\/tags?post=265"}],"curies":[{"name":"wp","href":"https:\/\/api.w.org\/{rel}","templated":true}]}}