{"id":2647,"date":"2016-09-14T02:30:21","date_gmt":"2016-09-14T02:30:21","guid":{"rendered":"http:\/\/fmriachuelo.com.ar\/ljkjklj\/?p=2647"},"modified":"2016-09-14T02:30:21","modified_gmt":"2016-09-14T02:30:21","slug":"la-boca-actividad-en-la-casa-popular-el-patio-juntada-de-madres-y-padres","status":"publish","type":"post","link":"http:\/\/fmriachuelo.it10.com.ar\/index.php\/2016\/09\/14\/la-boca-actividad-en-la-casa-popular-el-patio-juntada-de-madres-y-padres\/","title":{"rendered":"LA BOCA: ACTIVIDAD EN LA CASA POPULAR EL PATIO, JUNTADA DE MADRES Y PADRES"},"content":{"rendered":"<p style=\"text-align: justify\">[FMR 14\/09\/16] El proximo s\u00e1bado 17 de septiembre, a las 15 hs., \u00a0abrir\u00e1 sus puertas la Casa Cultural El Patio, del barrio de La Boca, para realizar una actividad comunitaria dirigida a madres, padres y p\u00fablico interesado. En virtud de la problem\u00e1tica que d\u00eda a d\u00eda se presentan en el barrio de La Boca, y otros barrios populares, \u00a0con los ni\u00f1os y j\u00f3venes, y la preocupaci\u00f3n de quienes los cuidan, familias, vecinos, se desarrollar\u00e1 un encuentro que tiene por finalidad un lugar para dialogar e ir encontrando entre todos, \u00a0las mejores respuestas\u00a0para cuidar a nuestros <strong>pibes<\/strong> mientras los dejamos crecer.<\/p>\n<p>&nbsp;<\/p>\n","protected":false},"excerpt":{"rendered":"<p>[FMR 14\/09\/16] El proximo s\u00e1bado 17 de septiembre, a las 15 hs., \u00a0abrir\u00e1 sus puertas la Casa Cultural El Patio, del barrio de La Boca, para realizar una actividad comunitaria dirigida a madres, padres y p\u00fablico interesado. En virtud de la problem\u00e1tica que d\u00eda a d\u00eda se presentan en el barrio de La Boca, y [&hellip;]<\/p>\n","protected":false},"author":4,"featured_media":2648,"comment_status":"open","ping_status":"open","sticky":false,"template":"","format":"standard","meta":{"_monsterinsights_skip_tracking":false,"_monsterinsights_sitenote_active":false,"_monsterinsights_sitenote_note":"","_monsterinsights_sitenote_category":0,"jnews-multi-image_gallery":[],"jnews_single_post":[],"jnews_primary_category":[],"_joinchat":[],"footnotes":""},"categories":[1],"tags":[],"class_list":["post-2647","post","type-post","status-publish","format-standard","has-post-thumbnail","hentry","category-habitat"],"_links":{"self":[{"href":"http:\/\/fmriachuelo.it10.com.ar\/index.php\/wp-json\/wp\/v2\/posts\/2647","targetHints":{"allow":["GET"]}}],"collection":[{"href":"http:\/\/fmriachuelo.it10.com.ar\/index.php\/wp-json\/wp\/v2\/posts"}],"about":[{"href":"http:\/\/fmriachuelo.it10.com.ar\/index.php\/wp-json\/wp\/v2\/types\/post"}],"author":[{"embeddable":true,"href":"http:\/\/fmriachuelo.it10.com.ar\/index.php\/wp-json\/wp\/v2\/users\/4"}],"replies":[{"embeddable":true,"href":"http:\/\/fmriachuelo.it10.com.ar\/index.php\/wp-json\/wp\/v2\/comments?post=2647"}],"version-history":[{"count":0,"href":"http:\/\/fmriachuelo.it10.com.ar\/index.php\/wp-json\/wp\/v2\/posts\/2647\/revisions"}],"wp:featuredmedia":[{"embeddable":true,"href":"http:\/\/fmriachuelo.it10.com.ar\/index.php\/wp-json\/"}],"wp:attachment":[{"href":"http:\/\/fmriachuelo.it10.com.ar\/index.php\/wp-json\/wp\/v2\/media?parent=2647"}],"wp:term":[{"taxonomy":"category","embeddable":true,"href":"http:\/\/fmriachuelo.it10.com.ar\/index.php\/wp-json\/wp\/v2\/categories?post=2647"},{"taxonomy":"post_tag","embeddable":true,"href":"http:\/\/fmriachuelo.it10.com.ar\/index.php\/wp-json\/wp\/v2\/tags?post=2647"}],"curies":[{"name":"wp","href":"https:\/\/api.w.org\/{rel}","templated":true}]}}