{"id":2637,"date":"2016-09-13T20:57:16","date_gmt":"2016-09-13T20:57:16","guid":{"rendered":"http:\/\/fmriachuelo.com.ar\/ljkjklj\/?p=2637"},"modified":"2016-09-13T20:57:16","modified_gmt":"2016-09-13T20:57:16","slug":"encuentro-metropolitano-por-una-economia-del-trabajo","status":"publish","type":"post","link":"http:\/\/fmriachuelo.it10.com.ar\/index.php\/2016\/09\/13\/encuentro-metropolitano-por-una-economia-del-trabajo\/","title":{"rendered":"ENCUENTRO METROPOLITANO POR UNA ECONOMIA DEL TRABAJO"},"content":{"rendered":"<p style=\"text-align: justify\">[FMR 13\/09\/2016] En la tarde de ayer (12\/09\/16), en la sede \u00a0Espa\u00f1a de la Univeresidad Nacional de Avellaneda U.N.D.A.V., se desarroll\u00f3 la primera edici\u00f3n del <em>Encuentro Metropolitano por una Econom\u00eda del\u00a0<\/em><em>Trabajo (EMET)<\/em>. El Encuentro fue convocado por el Municipio\u00a0de Avellaneda,\u00a0la Universidad Nacional de Avellaneda, la Universidad Tecnol\u00f3gica Nacional, UTN-FRA, y organizaciones de la econom\u00eda popular, entre las que se contaron: \u00a0cooperativa Decosur, cooperativa Aluvi\u00f3n, \u00a0Cooperativa Para Todos Todo, \u00a0Frente de Desocupados Eva Per\u00f3n-CTEP, \u00a0Paseo de la Econom\u00eda Popular Mart\u00edn Oso Cisneros y la Feria Pasame un Mate. En la ocasi\u00f3n se reunieron m\u00e1s de 100 trabajadores del sector preocupados por el contexto econ\u00f3mico que viene dise\u00f1ando el macrismo,\u00a0con la firme voluntad de construir alternativas que fortalezcan a la econom\u00eda popular con la participaci\u00f3n de la Universidad y el gobierno municipal.<\/p>\n<p style=\"text-align: justify\"><img loading=\"lazy\" decoding=\"async\" class=\"wp-image-2640 size-full aligncenter\" src=\"http:\/\/fmriachuelo.com.ar\/ljkjklj\/wp-content\/uploads\/2016\/09\/lili2-e1473800128653.gif\" alt=\"lili2\" width=\"553\" height=\"311\" \/><\/p>\n<p style=\"text-align: justify\">La actividad cont\u00f3 con la participaci\u00f3n de organizaciones de la econom\u00eda popular de La Boca como el Paseo Mart\u00edn \u00abOso\u00bb Cisneros y la Organizaci\u00f3n Social y Pol\u00edtica Los Pibes (O.S.yP.L.P.). El panel de cierre, junto con Sergio Bertini de la Federaci\u00f3n de Microcr\u00e9dito y Econom\u00eda Social (F.A.M.E.S.A.), Miguel Funes, diputado provincial por el Frente para la Victoria que apoy\u00f3 enf\u00e1ticamente las leyes de Expropiaci\u00f3n de la Provincia, y Juan Vita de la Confederaci\u00f3n de Trabajadores de la Argentina C.T.A., cont\u00f3 con la intervenci\u00f3n de Lito Borello, coordinador nacional de la O.S.y P.L os Pibes y miembro\u00a0de la Confederaci\u00f3n de Trabajadores de la Econom\u00eda Popular (CTEP) que se\u00f1al\u00f3: \u00abnuestra econom\u00eda no es solamente para zafar, estamos convencidos de que en ella germina la posibilidad de construir una sociedad que merezca ser vivida\u00bb.<\/p>\n<p style=\"text-align: justify\">El encuentro cont\u00f3 adem\u00e1s con una charla a cargo de los economistas Alejandro Barrios y Santiago Fraschina\u00a0que precisaron el contexto de la grav\u00edsima situaci\u00f3n econ\u00f3mica y social actual.\u00a0\u00a0Al finalizar la exposici\u00f3n\u00a0los participantes del Encuentro\u00a0se dividieron\u00a0en talleres\u00a0tem\u00e1ticos en los que se trat\u00f3 de alcanzar diagn\u00f3stico y estrategias para\u00a0 fortalecer al sector, \u00a0incluyendo a la universidad y al municipio.<\/p>\n<p style=\"text-align: justify\"><img loading=\"lazy\" decoding=\"async\" class=\"aligncenter wp-image-2639 size-full\" src=\"http:\/\/fmriachuelo.com.ar\/ljkjklj\/wp-content\/uploads\/2016\/09\/ronda2-e1473800050410.jpg\" alt=\"ronda2\" width=\"691\" height=\"560\" \/><\/p>\n<p style=\"text-align: justify\">Para finalizar\u00a0el Encuentro, los participantes compart\u00edan las definiciones que luego se expusieron\u00a0\u00a0en el panel de cierre: el valor del debate y los momentos de encuentro para la construcci\u00f3n de estrategias colectivas para fortalecer la econom\u00eda popular, la necesidad de darle continuidad al E.M.E.T., la articulaci\u00f3n entre universidad, estado y organizaci\u00f3n popular, y el necesidad\u00a0que los estados municipales impulsen medidas que declaren de inter\u00e9s a\u00a0las actividades de la Econom\u00eda Popular.<\/p>\n<p style=\"text-align: justify\"><img loading=\"lazy\" decoding=\"async\" class=\"alignnone size-thumbnail wp-image-2644\" src=\"http:\/\/fmriachuelo.com.ar\/ljkjklj\/wp-content\/uploads\/2016\/09\/WhatsApp-Image-2016-09-08-at-15.10.46-150x150.jpeg\" alt=\"whatsapp-image-2016-09-08-at-15-10-46\" width=\"150\" height=\"150\" \/><\/p>\n<p style=\"text-align: justify\">\n","protected":false},"excerpt":{"rendered":"<p>[FMR 13\/09\/2016] En la tarde de ayer (12\/09\/16), en la sede \u00a0Espa\u00f1a de la Univeresidad Nacional de Avellaneda U.N.D.A.V., se desarroll\u00f3 la primera edici\u00f3n del Encuentro Metropolitano por una Econom\u00eda del\u00a0Trabajo (EMET). El Encuentro fue convocado por el Municipio\u00a0de Avellaneda,\u00a0la Universidad Nacional de Avellaneda, la Universidad Tecnol\u00f3gica Nacional, UTN-FRA, y organizaciones de la econom\u00eda popular, [&hellip;]<\/p>\n","protected":false},"author":4,"featured_media":2638,"comment_status":"open","ping_status":"open","sticky":false,"template":"","format":"standard","meta":{"_monsterinsights_skip_tracking":false,"_monsterinsights_sitenote_active":false,"_monsterinsights_sitenote_note":"","_monsterinsights_sitenote_category":0,"jnews-multi-image_gallery":[],"jnews_single_post":[],"jnews_primary_category":[],"_joinchat":[],"footnotes":""},"categories":[76],"tags":[],"class_list":["post-2637","post","type-post","status-publish","format-standard","has-post-thumbnail","hentry","category-salud-comunitaria"],"_links":{"self":[{"href":"http:\/\/fmriachuelo.it10.com.ar\/index.php\/wp-json\/wp\/v2\/posts\/2637","targetHints":{"allow":["GET"]}}],"collection":[{"href":"http:\/\/fmriachuelo.it10.com.ar\/index.php\/wp-json\/wp\/v2\/posts"}],"about":[{"href":"http:\/\/fmriachuelo.it10.com.ar\/index.php\/wp-json\/wp\/v2\/types\/post"}],"author":[{"embeddable":true,"href":"http:\/\/fmriachuelo.it10.com.ar\/index.php\/wp-json\/wp\/v2\/users\/4"}],"replies":[{"embeddable":true,"href":"http:\/\/fmriachuelo.it10.com.ar\/index.php\/wp-json\/wp\/v2\/comments?post=2637"}],"version-history":[{"count":0,"href":"http:\/\/fmriachuelo.it10.com.ar\/index.php\/wp-json\/wp\/v2\/posts\/2637\/revisions"}],"wp:featuredmedia":[{"embeddable":true,"href":"http:\/\/fmriachuelo.it10.com.ar\/index.php\/wp-json\/"}],"wp:attachment":[{"href":"http:\/\/fmriachuelo.it10.com.ar\/index.php\/wp-json\/wp\/v2\/media?parent=2637"}],"wp:term":[{"taxonomy":"category","embeddable":true,"href":"http:\/\/fmriachuelo.it10.com.ar\/index.php\/wp-json\/wp\/v2\/categories?post=2637"},{"taxonomy":"post_tag","embeddable":true,"href":"http:\/\/fmriachuelo.it10.com.ar\/index.php\/wp-json\/wp\/v2\/tags?post=2637"}],"curies":[{"name":"wp","href":"https:\/\/api.w.org\/{rel}","templated":true}]}}