{"id":2632,"date":"2016-09-12T19:09:17","date_gmt":"2016-09-12T19:09:17","guid":{"rendered":"http:\/\/fmriachuelo.com.ar\/ljkjklj\/?p=2632"},"modified":"2016-09-12T19:09:17","modified_gmt":"2016-09-12T19:09:17","slug":"verdurazo-miercoles-14-de-septiembre-en-plaza-de-mayo","status":"publish","type":"post","link":"http:\/\/fmriachuelo.it10.com.ar\/index.php\/2016\/09\/12\/verdurazo-miercoles-14-de-septiembre-en-plaza-de-mayo\/","title":{"rendered":"VERDURAZO: MIERCOLES 14 DE SEPTIEMBRE EN PLAZA DE MAYO"},"content":{"rendered":"<p style=\"text-align: justify\">[FMR 12\/09\/16] El proximo miercoles 14 de septiembre en Plaza de Mayo, peque\u00f1os productores donar\u00e1n 20 mil kgs. de verdura, acompa\u00f1ando la presentaci\u00f3n de un proyecto de ley por acceso a tierras. Los productores agricolas de las agriculturas familiares, que proveen diariamente de verduras para el consumo de la poblaci\u00f3n se hallan en una grave crisis. Como producto de las actuales pol\u00edticas dejaron sin ning\u00fan tipo de asistencia, en el desamparo, \u00a0a productores y familias,\u00a0que han quedado a merced de los intermediarios y los grandes capitales concentrados que especulan con su pobreza.<\/p>\n<p>Difundimos comunicado:<\/p>\n<div class=\"text_exposed_show\">\n<p>Somos miles de familias trabajadoras de la tierra que producimos los alimentos que el pueblo consume diariamente: verduras, cerdos, leche, queso, ma\u00edz, huevos, pollos\u2026 Pero a pesar de la dignidad de nuestro trabajo, las condiciones en las que vivimos, producimos y comercializamos son muy precarias. Por un lado, una gran mayor\u00eda de los peque\u00f1os productores NO somos due\u00f1os de la tierra en la que vivimos y producimos, siendo esclavos de alquileres desregulados y de incertidumbre constante (no sabemos si en unos meses seguiremos en esa tierra). Por otro lado somos esclavos de un modelo de producci\u00f3n basado en insumos agroqu\u00edmicos a precio d\u00f3lar, y un sistema de comercializaci\u00f3n con una diferencia promedio del 400% entre lo que recibe el trabajador en su quinta o chacra y lo que paga el vecino en el barrio. Somos familias que producimos alimentos para el mercado interno, no comodities para la exportaci\u00f3n.<br \/>\nEn los \u00faltimos meses, a esta situaci\u00f3n estructural que vive el sector se le sumo la devaluaci\u00f3n y el aumento de tarifas, ambos aumentan los costos de producci\u00f3n, y la importaci\u00f3n de alimentos que compiten con nuestras producciones (como fruta o chanchos).<br \/>\nHace a\u00f1os que desde las organizaciones de productores venimos construyendo otro modelo de producci\u00f3n y comercializaci\u00f3n, y planteando la problem\u00e1tica de la tierra. En Argentina hay un gran problema de tierra y esta invisibilizado. Hay mucho territorio concentrada en pocas manos, y miles de peque\u00f1os productores sin tierra y campesinos queriendo ser desalojados. Es urgente una pol\u00edtica de colonizaci\u00f3n y reestructuraci\u00f3n de la tierra en nuestro pa\u00eds. Debemos comenzar a hablar de Reforma Agraria para llegar a una soberan\u00eda alimentaria.<br \/>\nPara avanzar en esto hemos elaborado y presentado un proyecto de Ley que crea un fondo fiduciario para el otorgamiento de cr\u00e9ditos para la compra de tierra por parte de peque\u00f1os productores. As\u00ed como pagamos el alquiler, podr\u00edamos pagar un cr\u00e9dito y avanzar en dignidad, arraigo y una mejor calidad de vida para nuestras familias.<\/p>\n<p>Por esto nos movilizamos pac\u00edficamente y exigimos:<br \/>\n&#8211; Avance de la ley recientemente presentada para el acceso a la tierra por parte de peque\u00f1os productores.<br \/>\n&#8211; Total suspensi\u00f3n desalojos de campesinos de sus tierras.<br \/>\n&#8211; Inmediata reglamentaci\u00f3n y asignaci\u00f3n de presupuesto para la Ley de Agricultura Familiar.<br \/>\n&#8211; Apoyo para el fortalecimiento de la producci\u00f3n y la comercializaci\u00f3n de los peque\u00f1os productores y las econom\u00edas regionales<\/p>\n<p>Por tierra para el que la trabaja!!!!<\/p>\n<p>Uni\u00f3n de Trabajadores de la Tierra-CTEP<\/p>\n<p>Contacto: Vicki Crisp\u00edn 0221- 156778847 \/ Franz Ortega 011-1560471013<\/p>\n<\/div>\n","protected":false},"excerpt":{"rendered":"<p>[FMR 12\/09\/16] El proximo miercoles 14 de septiembre en Plaza de Mayo, peque\u00f1os productores donar\u00e1n 20 mil kgs. de verdura, acompa\u00f1ando la presentaci\u00f3n de un proyecto de ley por acceso a tierras. Los productores agricolas de las agriculturas familiares, que proveen diariamente de verduras para el consumo de la poblaci\u00f3n se hallan en una grave [&hellip;]<\/p>\n","protected":false},"author":4,"featured_media":2633,"comment_status":"open","ping_status":"open","sticky":false,"template":"","format":"standard","meta":{"_monsterinsights_skip_tracking":false,"_monsterinsights_sitenote_active":false,"_monsterinsights_sitenote_note":"","_monsterinsights_sitenote_category":0,"jnews-multi-image_gallery":[],"jnews_single_post":[],"jnews_primary_category":[],"_joinchat":[],"footnotes":""},"categories":[76],"tags":[],"class_list":["post-2632","post","type-post","status-publish","format-standard","has-post-thumbnail","hentry","category-salud-comunitaria"],"_links":{"self":[{"href":"http:\/\/fmriachuelo.it10.com.ar\/index.php\/wp-json\/wp\/v2\/posts\/2632","targetHints":{"allow":["GET"]}}],"collection":[{"href":"http:\/\/fmriachuelo.it10.com.ar\/index.php\/wp-json\/wp\/v2\/posts"}],"about":[{"href":"http:\/\/fmriachuelo.it10.com.ar\/index.php\/wp-json\/wp\/v2\/types\/post"}],"author":[{"embeddable":true,"href":"http:\/\/fmriachuelo.it10.com.ar\/index.php\/wp-json\/wp\/v2\/users\/4"}],"replies":[{"embeddable":true,"href":"http:\/\/fmriachuelo.it10.com.ar\/index.php\/wp-json\/wp\/v2\/comments?post=2632"}],"version-history":[{"count":0,"href":"http:\/\/fmriachuelo.it10.com.ar\/index.php\/wp-json\/wp\/v2\/posts\/2632\/revisions"}],"wp:featuredmedia":[{"embeddable":true,"href":"http:\/\/fmriachuelo.it10.com.ar\/index.php\/wp-json\/"}],"wp:attachment":[{"href":"http:\/\/fmriachuelo.it10.com.ar\/index.php\/wp-json\/wp\/v2\/media?parent=2632"}],"wp:term":[{"taxonomy":"category","embeddable":true,"href":"http:\/\/fmriachuelo.it10.com.ar\/index.php\/wp-json\/wp\/v2\/categories?post=2632"},{"taxonomy":"post_tag","embeddable":true,"href":"http:\/\/fmriachuelo.it10.com.ar\/index.php\/wp-json\/wp\/v2\/tags?post=2632"}],"curies":[{"name":"wp","href":"https:\/\/api.w.org\/{rel}","templated":true}]}}