{"id":2607,"date":"2016-09-12T03:13:22","date_gmt":"2016-09-12T03:13:22","guid":{"rendered":"http:\/\/fmriachuelo.com.ar\/ljkjklj\/?p=2607"},"modified":"2016-09-12T03:13:22","modified_gmt":"2016-09-12T03:13:22","slug":"los-valores-revolucionarios","status":"publish","type":"post","link":"http:\/\/fmriachuelo.it10.com.ar\/index.php\/2016\/09\/12\/los-valores-revolucionarios\/","title":{"rendered":"LOS VALORES REVOLUCIONARIOS"},"content":{"rendered":"<p style=\"text-align: justify\"><a href=\"http:\/\/fmriachuelo.com.ar\/ljkjklj\/wp-content\/uploads\/2016\/09\/89c10815-fbeb-47cb-b521-b9c328693cf1.jpg\"><img loading=\"lazy\" decoding=\"async\" class=\"alignleft wp-image-2609 size-medium\" src=\"http:\/\/fmriachuelo.com.ar\/ljkjklj\/wp-content\/uploads\/2016\/09\/89c10815-fbeb-47cb-b521-b9c328693cf1-212x300.jpg\" alt=\"89c10815-fbeb-47cb-b521-b9c328693cf1\" width=\"212\" height=\"300\" \/><\/a>[FMR 11\/09\/2016] En la tarde del s\u00e1bado un amplio conjunto de organizaciones se dio cita en la emblem\u00e1tica esquina de Villegas y Potos\u00ed, en la localidad de William Morris, para recordar y homenajear a los militantes Montoneros, Carlos Ramus y Fernando Abal Medina, asesinados en ese mismo lugar el 6 de septiembre de 1970. La actividad comenz\u00f3 con una obra realizada por un grupo de teatro comunitario impulsado por los militantes de la OLP-Sim\u00f3n Bolivar\u00a0junto con j\u00f3venes de los barrios vecinos, que representaron el juicio popular y ajusticiamiento de Aramburu.<\/p>\n<p style=\"text-align: justify\">A continuaci\u00f3n, hicieron uso de la palabra las organizaciones presentes, poniendo en valor la vigencia y necesidad de los valores militantes y revolucionarios que los Montoneros encarnaban. A los micr\u00f3fonos se acercaron luchadores populares como Lito Borello, de la Organizaci\u00f3n Los Pibes, Chiqui Falcone, Pelusa Carrica, de ATE Nacional. Otras organizaciones como la Agrupacion Carlon Pereira Rossi, Negros de Mierda, el Centro Comunitario 27 de Octubre y la Organizaci\u00f3n para Liberaci\u00f3n Argentina tambi\u00e9n estuvieron presentes en el acto.<\/p>\n<p style=\"text-align: justify\">Adem\u00e1s del d\u00eda del Montonero, se\u00a0record\u00f3 La Noche de Los Lapices, que tuvo lugar el 16 de septiembre de 1976, poniendo en valor la militancia de los estudiantes secundarios que fueron desaparecidos durante una protesta por el boleto estudiantil en La Plata. El recordatorio de esta fecha estuvo a cargo de estudiantes secundarios que actualmente se encuentran en conflicto con el Gobierno de la Ciudad de Buenos Aires por las p\u00e9simas condiciones en que se desarrollan las clases actualmente: \u00ablos colegios que hoy se animan a alzar la voz son perseguidos por los mismos directivos\u00bb.<\/p>\n<p style=\"text-align: justify\"><img loading=\"lazy\" decoding=\"async\" class=\"aligncenter wp-image-2612 size-large\" src=\"http:\/\/fmriachuelo.com.ar\/ljkjklj\/wp-content\/uploads\/2016\/09\/negro-1024x575.jpg\" alt=\"negro\" width=\"640\" height=\"359\" \/><\/p>\n<p style=\"text-align: justify\"><img loading=\"lazy\" decoding=\"async\" class=\"size-thumbnail wp-image-2610 alignleft\" src=\"http:\/\/fmriachuelo.com.ar\/ljkjklj\/wp-content\/uploads\/2016\/09\/lito-puebla-150x150.jpg\" alt=\"lito-puebla\" width=\"150\" height=\"150\" \/>El cierre de la actividad estuvo a cargo del Negro Soares, hist\u00f3rico luchador que hoy milita en la Convocatoria Segunda Independencia, y de Roberto Perd\u00eda, de la OLP. Adem\u00e1s de reivindicar enf\u00e1ticamente su identidad Montonera y su vocaci\u00f3n revolucionaria, el Negro Soares ubic\u00f3 con precisi\u00f3n en el contexto actual la necesidad de retomar la coherencia que caracterizaba a los Montoneros: \u00ablos sectores pro-olig\u00e1rquicos y pro-imperialistas del peronismo ve\u00edan en los Montoneros a organizaciones que le iban a dar una guerra sin cuartel a la burocracia del peronismo\u00bb. El otro tema actual que se hizo presente en las intervenciones fue el de la unidad, al respecto Perd\u00eda se\u00f1al\u00f3: \u00abhoy en d\u00eda se habla mucho de unidad, pero la unidad se construye todos los d\u00edas. No alcanza con construir la unidad para derrotar a Macri, la que tenemos que construir es la unidad para hacer la revoluci\u00f3n\u00bb.<\/p>\n","protected":false},"excerpt":{"rendered":"<p>[FMR 11\/09\/2016] En la tarde del s\u00e1bado un amplio conjunto de organizaciones se dio cita en la emblem\u00e1tica esquina de Villegas y Potos\u00ed, en la localidad de William Morris, para recordar y homenajear a los militantes Montoneros, Carlos Ramus y Fernando Abal Medina, asesinados en ese mismo lugar el 6 de septiembre de 1970. La [&hellip;]<\/p>\n","protected":false},"author":4,"featured_media":2608,"comment_status":"open","ping_status":"open","sticky":false,"template":"","format":"standard","meta":{"_monsterinsights_skip_tracking":false,"_monsterinsights_sitenote_active":false,"_monsterinsights_sitenote_note":"","_monsterinsights_sitenote_category":0,"jnews-multi-image_gallery":[],"jnews_single_post":[],"jnews_primary_category":[],"_joinchat":[],"footnotes":""},"categories":[76],"tags":[],"class_list":["post-2607","post","type-post","status-publish","format-standard","has-post-thumbnail","hentry","category-salud-comunitaria"],"_links":{"self":[{"href":"http:\/\/fmriachuelo.it10.com.ar\/index.php\/wp-json\/wp\/v2\/posts\/2607","targetHints":{"allow":["GET"]}}],"collection":[{"href":"http:\/\/fmriachuelo.it10.com.ar\/index.php\/wp-json\/wp\/v2\/posts"}],"about":[{"href":"http:\/\/fmriachuelo.it10.com.ar\/index.php\/wp-json\/wp\/v2\/types\/post"}],"author":[{"embeddable":true,"href":"http:\/\/fmriachuelo.it10.com.ar\/index.php\/wp-json\/wp\/v2\/users\/4"}],"replies":[{"embeddable":true,"href":"http:\/\/fmriachuelo.it10.com.ar\/index.php\/wp-json\/wp\/v2\/comments?post=2607"}],"version-history":[{"count":0,"href":"http:\/\/fmriachuelo.it10.com.ar\/index.php\/wp-json\/wp\/v2\/posts\/2607\/revisions"}],"wp:featuredmedia":[{"embeddable":true,"href":"http:\/\/fmriachuelo.it10.com.ar\/index.php\/wp-json\/"}],"wp:attachment":[{"href":"http:\/\/fmriachuelo.it10.com.ar\/index.php\/wp-json\/wp\/v2\/media?parent=2607"}],"wp:term":[{"taxonomy":"category","embeddable":true,"href":"http:\/\/fmriachuelo.it10.com.ar\/index.php\/wp-json\/wp\/v2\/categories?post=2607"},{"taxonomy":"post_tag","embeddable":true,"href":"http:\/\/fmriachuelo.it10.com.ar\/index.php\/wp-json\/wp\/v2\/tags?post=2607"}],"curies":[{"name":"wp","href":"https:\/\/api.w.org\/{rel}","templated":true}]}}