{"id":2602,"date":"2016-09-11T14:37:08","date_gmt":"2016-09-11T14:37:08","guid":{"rendered":"http:\/\/fmriachuelo.com.ar\/ljkjklj\/?p=2602"},"modified":"2016-09-11T14:37:08","modified_gmt":"2016-09-11T14:37:08","slug":"nacionalizacion-de-la-ley-341-de-los-rincones-del-pueblo-al-congreso-nacional","status":"publish","type":"post","link":"http:\/\/fmriachuelo.it10.com.ar\/index.php\/2016\/09\/11\/nacionalizacion-de-la-ley-341-de-los-rincones-del-pueblo-al-congreso-nacional\/","title":{"rendered":"NACIONALIZACION DE LA LEY 341: DE LOS RINCONES DEL PUEBLO AL CONGRESO NACIONAL"},"content":{"rendered":"<p>[FMR 11\/09\/2016] En la tarde de ayer\u00a0numerosos cooperativistas, militantes y vecinos de la Ciudad de Buenos Aires y de diversas localidades del conurbano bonaerense se reunieron en el predio del Paseo de la Econom\u00eda Popular \u201cMart\u00edn Oso Cisneros\u201d &#8211; PEPMOC, en el barrio de La Boca, para debatir y marcar los lineamientos del proyecto de ley de \u201cProducci\u00f3n Autogestionaria del H\u00e1bitat\u201d que pretenden llevar al Congreso de la Naci\u00f3n para principios del mes de octubre coincidente con el \u201cd\u00eda mundial del H\u00e1bitat\u201d.<\/p>\n<p>Avanzado el mediod\u00eda, ya con los trabajadores del paseo finalizando su jornada, comenzaron a llegar al predio los grupos de compa\u00f1eros integrantes de diversas experiencias de vivienda y h\u00e1bitat popular, acompa\u00f1ados por dirigentes y legisladores culminando un recorrido matutino por algunas cooperativas de vivienda desarrolladas en el sur de la Ciudad y en el marco de la Ley 341 que sirven a las organizaciones pol\u00edticas y sociales de marco de referencia para impulsar una norma similar pero a nivel Nacional.<\/p>\n<p>Con el sol radiante y una temperatura ideal que acompa\u00f1aba la jornada, el encuentro comenz\u00f3 con una recorrida por la Cooperativa de Vivienda Los Pibes \u2013 Co.Vi.L.Pi. \u2013 lindera con el Paseo -, acompa\u00f1ados y guiados por integrantes de la misma, visitando algunas de las viviendas que componen el complejo de 33 unidades. Luego de la recorrida los compa\u00f1eros compartieron una choriceada ofrecida por los anfitriones de la Co.Vi.L.Pi. y el PEPMOC, junto a unas bebidas refrescantes que sirvieron de pr\u00f3logo para el comienzo de la charla.<\/p>\n<p>La apertura, luego de ubicarse los presentes en una ronda de sillas de manera que todas las caras sean visibles por igual, estuvo a cargo del Coordinador Nacional de la Organizaci\u00f3n Social y Pol\u00edtica Los Pibes \u2013 OSyPLP &#8211; , Lito Borello quien propuso como inicio un minuto de aplausos en sentido homenaje a la consecuencia, al coraje y a la voluntad inquebrantable del compa\u00f1ero Ra\u00fal \u201cBoli\u201d Lescano, fallecido pocas horas antes. Luego de un recorrido por la historia de lucha de las organizaciones emergentes de la \u201cnoche neoliberal\u201d de los \u00b490, destac\u00f3 la capacidad de organizaci\u00f3n y las conquistas obtenidas en los \u00faltimos 20 a\u00f1os de lucha organizada, para finalizar convocando a la unidad y a la lucha como \u00fanico camino hacia la definitiva independencia.<\/p>\n<p>Luego tom\u00f3 la palabra el Diputado Nacional Leonardo Groso, del Movimiento Evita quien entre otras expresiones manifest\u00f3 la necesidad de construir herramientas que permitan a los sectores vulnerados acceder, por propia gesti\u00f3n, a sus derechos. Continu\u00f3 en el uso de la palabra N\u00e9stor Jeifetz, del Movimiento de Ocupantes e Inquilinos \u2013 M.O.I. \u2013 quien critic\u00f3 en muy duros t\u00e9rminos la actual gesti\u00f3n de gobierno e inst\u00f3 a transitar el camino del socialismo como modelo de organizaci\u00f3n. Junto a \u00e9l, el Diputado Nacional del Frente para La Victoria y presidente de la Comisi\u00f3n de Vivienda, Edgardo Depetri, tom\u00f3 la posta y agradeci\u00f3 la circunstancia de encontrarse como presidente de la Comisi\u00f3n de Vivienda para poder impulsar el debate de la norma en el recinto. De la misma manera se mostr\u00f3 optimista a la hora de evaluar las posibilidades de que la norma sea debatida y aprobada en el recinto, \u201chay que trabajar\u201d exclam\u00f3. Luego, diversos referentes e integrantes de la Cooperativas y Organizaciones presentes dieron sus puntos de vista desde sus propias experiencias, como los integrantes de la Cooperativa \u201cEl surco\u201d recientemente conformada a instancias del desalojo de la casona de la calle Pav\u00f3n, en el barrio de Boedo. Tambi\u00e9n se expresaron los compa\u00f1eros del Frente Popular Dar\u00edo Santillan, de la localidad bonaerense de Merlo, desalojados a principio de este a\u00f1o luego de una toma de tierras y conformados, en consecuencia, en una cooperativa para continuar la lucha.<\/p>\n<p>Tambi\u00e9n estuvieron presentes compa\u00f1eros de la\u00a0Federaci\u00f3n de Cooperativas de Vivienda Todos Juntos, del FTV,\u00a0Cooperativa Manos Solidarias,\u00a0Cooperativa Para todos Todo,\u00a0MTL Rebelde,\u00a0Asociaci\u00f3n Civil Casita de Plata,\u00a0MTL, Jaime Sorin,\u00a0Decano del departamento de Arquitectura de la Undav, compa\u00f1eros de la Secretaria de\u00a0Extensi\u00f3n universitaria de la Undav,\u00a0Investigadores del CESO, ATE\u00a0Mercado Central,\u00a0Agrupaci\u00f3n Envar el Kadri, Movimiento Evita, Cooperativa Jos\u00e9 C Paz,\u00a0Cooperativa Independencia,\u00a0Asociaci\u00f3n Civil Argentina Puede,\u00a0Cooperativa Luj\u00e1n,\u00a0Cooperativa San Salvador,\u00a0Cooperativa Sur, y la\u00a0Cooperativa La F\u00e1brica. Las organizaciones\u00a0expresaron su visi\u00f3n sobre la situaci\u00f3n habitacional, coincidiendo todos en la gravedad de la misma y la necesidad de generar organizaci\u00f3n popular, en unidad para disputar las herramientas, como esta ley que se impulsa, para comenzar a solucionar los problemas del pueblo sin depender de favores, voluntades o d\u00e1divas de funcionarios de turno. Fuertes aplausos y abrazos entre compa\u00f1eros y compa\u00f1eras pusieron fin a la primaveral y combativa tarde en el sur de la Ciudad de Buenos Aires.<\/p>\n","protected":false},"excerpt":{"rendered":"<p>[FMR 11\/09\/2016] En la tarde de ayer\u00a0numerosos cooperativistas, militantes y vecinos de la Ciudad de Buenos Aires y de diversas localidades del conurbano bonaerense se reunieron en el predio del Paseo de la Econom\u00eda Popular \u201cMart\u00edn Oso Cisneros\u201d &#8211; PEPMOC, en el barrio de La Boca, para debatir y marcar los lineamientos del proyecto de [&hellip;]<\/p>\n","protected":false},"author":4,"featured_media":2603,"comment_status":"open","ping_status":"open","sticky":false,"template":"","format":"standard","meta":{"_monsterinsights_skip_tracking":false,"_monsterinsights_sitenote_active":false,"_monsterinsights_sitenote_note":"","_monsterinsights_sitenote_category":0,"jnews-multi-image_gallery":[],"jnews_single_post":[],"jnews_primary_category":[],"_joinchat":[],"footnotes":""},"categories":[76,74],"tags":[],"class_list":["post-2602","post","type-post","status-publish","format-standard","has-post-thumbnail","hentry","category-salud-comunitaria","category-san-cayetano"],"_links":{"self":[{"href":"http:\/\/fmriachuelo.it10.com.ar\/index.php\/wp-json\/wp\/v2\/posts\/2602","targetHints":{"allow":["GET"]}}],"collection":[{"href":"http:\/\/fmriachuelo.it10.com.ar\/index.php\/wp-json\/wp\/v2\/posts"}],"about":[{"href":"http:\/\/fmriachuelo.it10.com.ar\/index.php\/wp-json\/wp\/v2\/types\/post"}],"author":[{"embeddable":true,"href":"http:\/\/fmriachuelo.it10.com.ar\/index.php\/wp-json\/wp\/v2\/users\/4"}],"replies":[{"embeddable":true,"href":"http:\/\/fmriachuelo.it10.com.ar\/index.php\/wp-json\/wp\/v2\/comments?post=2602"}],"version-history":[{"count":0,"href":"http:\/\/fmriachuelo.it10.com.ar\/index.php\/wp-json\/wp\/v2\/posts\/2602\/revisions"}],"wp:featuredmedia":[{"embeddable":true,"href":"http:\/\/fmriachuelo.it10.com.ar\/index.php\/wp-json\/"}],"wp:attachment":[{"href":"http:\/\/fmriachuelo.it10.com.ar\/index.php\/wp-json\/wp\/v2\/media?parent=2602"}],"wp:term":[{"taxonomy":"category","embeddable":true,"href":"http:\/\/fmriachuelo.it10.com.ar\/index.php\/wp-json\/wp\/v2\/categories?post=2602"},{"taxonomy":"post_tag","embeddable":true,"href":"http:\/\/fmriachuelo.it10.com.ar\/index.php\/wp-json\/wp\/v2\/tags?post=2602"}],"curies":[{"name":"wp","href":"https:\/\/api.w.org\/{rel}","templated":true}]}}