{"id":260,"date":"2015-07-13T13:35:00","date_gmt":"2015-07-13T13:35:00","guid":{"rendered":"http:\/\/fmriachuelo.observatorioess.org.ar\/index.php\/2015\/07\/13\/justicia-para-los-responsables-politicos-e-intelectuales-de-la-masacre-de-avellaneda\/"},"modified":"2025-04-23T14:24:00","modified_gmt":"2025-04-23T17:24:00","slug":"justicia-para-los-responsables-politicos-e-intelectuales-de-la-masacre-de-avellaneda","status":"publish","type":"post","link":"http:\/\/fmriachuelo.it10.com.ar\/index.php\/2015\/07\/13\/justicia-para-los-responsables-politicos-e-intelectuales-de-la-masacre-de-avellaneda\/","title":{"rendered":"JUSTICIA PARA LOS RESPONSABLES POL\u00cdTICOS E INTELECTUALES DE LA MASACRE DE AVELLANEDA"},"content":{"rendered":"<div style=\"clear: both;text-align: left\"><span style=\"font-size: small\"><span style=\"font-family: Verdana,sans-serif\"><i>Difundimos <\/i><span style=\"color: red\"><b><br \/><\/b><\/span><\/span><\/span><\/div>\n<div style=\"clear: both;text-align: left\"><span style=\"font-size: small\"><span style=\"font-family: Verdana,sans-serif\"><span style=\"color: red\"><b><span style=\"font-size: large\">\u00a1AL BANQUILLO!<\/span><span style=\"color: black\"><br \/><span style=\"font-size: small\">LUNES 13\/07 A LAS 10 HS.<\/span><\/span><\/b><\/span><\/span><\/span><\/div>\n<div style=\"clear: both;text-align: left\"><span style=\"font-size: small\"><span style=\"font-family: Verdana,sans-serif\"><span style=\"color: red\"><span style=\"color: black\"><i>Concentraci\u00f3n en los Tribunales de Comodoro Py<\/i><\/span><b><span style=\"color: black\"><br \/> <\/span><\/b><span style=\"color: black\">JUICIO Y CASTIGO A LOS RESPONSABLES POL\u00cdTICOS E INTELECTUALES DE LA MASACRE DE AVELLANEDA<\/span><b> <\/b><\/span><\/span><\/span><\/div>\n<div style=\"text-align: justify\"><span style=\"font-size: small\"><span style=\"font-family: Verdana,sans-serif\"><a href=\"http:\/\/3.bp.blogspot.com\/-P3Bm6tO-yAo\/VaO-UdkyptI\/AAAAAAAAFXU\/Uay5DoTfuj8\/s1600\/fpds.jpg\" style=\"clear: left;float: left;margin-bottom: 1em;margin-right: 1em\"><img loading=\"lazy\" decoding=\"async\" border=\"0\" height=\"133\" src=\"http:\/\/3.bp.blogspot.com\/-P3Bm6tO-yAo\/VaO-UdkyptI\/AAAAAAAAFXU\/Uay5DoTfuj8\/s200\/fpds.jpg\" width=\"200\" \/><\/a> El pasado lunes logramos incorporar un testimonio de validez en la causa que investiga las responsabilidades pol\u00edticas de la masacre de Avellaneda.<\/span><\/span><br \/><a name='more'><\/a><span style=\"font-size: small\"><span style=\"font-family: Verdana,sans-serif\">A fin de otorgar pruebas que conduzcan a esclarecer los hechos ocurridos en aquella tr\u00e1gica jornada, la presentaci\u00f3n de nuevos testigos cobra una importante relevancia, tanto por su presencia en el d\u00eda del hecho como por los roles p\u00fablicos y particulares que desempe\u00f1aban los mismos por aquella fecha<span style=\"font-size: small\">.<\/span> <\/span><\/span><\/div>\n<p><span style=\"font-size: small\"><span style=\"font-family: Verdana,sans-serif\"> Fue el primero de muchos, es solo el comienzo, y un gran paso, producto de la lucha que venimos dando para que la justicia se haga eco y tome parte en condenar a los responsables pol\u00edticos de lo que sucedi\u00f3 aquel 26 de junio.<br \/> Un paso m\u00e1s dentro del arduo trabajo que vienen realizando los organismos de DDHH que patrocinan la causa, los familiares y los compa\u00f1eros de los militantes asesinados, por investigar a quienes ordenaron la represi\u00f3n y causaron la muerte de nuestros compa\u00f1eros.<br \/> Hoy a las 10 hs acompa\u00f1aremos a los familiares de Dar\u00edo Santill\u00e1n en el llamado por parte de la fiscal\u00eda a un nuevo testigo; para lo cual llamamos a todas las organizaciones sociales, pol\u00edticas y de ddhh a concentrar y apoyar esta nueva instancia.<a href=\"https:\/\/www.facebook.com\/hashtag\/yopidoc%C3%A1rcel\">#YOPIDOC\u00c1RCEL<\/a> PARA EDUARDO DUHALDE, FELIPE SOL\u00c1, CARLOS RUCKAUF, JUAN JOS\u00c9 ALVAREZ, JORGE VANOSSI, ALFREDO ATANASOFF, LUIS GENOUD, JORGE MATZKIN, OSCAR RODR\u00cdGUEZ Y AN\u00cdBAL FERN\u00c1NDEZ.<br \/><span style=\"color: #0b5394\"><span style=\"font-size: x-small\"><b> FRENTE POPULAR DAR\u00cdO SANTILL\u00c1N  <\/b><\/span><\/span><\/span><\/span><\/p>\n<div><\/div>\n","protected":false},"excerpt":{"rendered":"<p>Difundimos \u00a1AL BANQUILLO!LUNES 13\/07 A LAS 10 HS. Concentraci\u00f3n en los Tribunales de Comodoro Py JUICIO Y CASTIGO A LOS RESPONSABLES POL\u00cdTICOS E INTELECTUALES DE LA MASACRE DE AVELLANEDA El pasado lunes logramos incorporar un testimonio de validez en la causa que investiga las responsabilidades pol\u00edticas de la masacre de Avellaneda.A fin de otorgar pruebas [&hellip;]<\/p>\n","protected":false},"author":4,"featured_media":0,"comment_status":"open","ping_status":"open","sticky":false,"template":"","format":"standard","meta":{"_monsterinsights_skip_tracking":false,"_monsterinsights_sitenote_active":false,"_monsterinsights_sitenote_note":"","_monsterinsights_sitenote_category":0,"jnews-multi-image_gallery":[],"jnews_single_post":{"format":"standard"},"jnews_primary_category":[],"_joinchat":[],"footnotes":""},"categories":[58],"tags":[157,89],"class_list":["post-260","post","type-post","status-publish","format-standard","hentry","category-noticiariachuelo","tag-nadie-se-salva-solo","tag-violencia-institucional"],"_links":{"self":[{"href":"http:\/\/fmriachuelo.it10.com.ar\/index.php\/wp-json\/wp\/v2\/posts\/260","targetHints":{"allow":["GET"]}}],"collection":[{"href":"http:\/\/fmriachuelo.it10.com.ar\/index.php\/wp-json\/wp\/v2\/posts"}],"about":[{"href":"http:\/\/fmriachuelo.it10.com.ar\/index.php\/wp-json\/wp\/v2\/types\/post"}],"author":[{"embeddable":true,"href":"http:\/\/fmriachuelo.it10.com.ar\/index.php\/wp-json\/wp\/v2\/users\/4"}],"replies":[{"embeddable":true,"href":"http:\/\/fmriachuelo.it10.com.ar\/index.php\/wp-json\/wp\/v2\/comments?post=260"}],"version-history":[{"count":1,"href":"http:\/\/fmriachuelo.it10.com.ar\/index.php\/wp-json\/wp\/v2\/posts\/260\/revisions"}],"predecessor-version":[{"id":23758,"href":"http:\/\/fmriachuelo.it10.com.ar\/index.php\/wp-json\/wp\/v2\/posts\/260\/revisions\/23758"}],"wp:attachment":[{"href":"http:\/\/fmriachuelo.it10.com.ar\/index.php\/wp-json\/wp\/v2\/media?parent=260"}],"wp:term":[{"taxonomy":"category","embeddable":true,"href":"http:\/\/fmriachuelo.it10.com.ar\/index.php\/wp-json\/wp\/v2\/categories?post=260"},{"taxonomy":"post_tag","embeddable":true,"href":"http:\/\/fmriachuelo.it10.com.ar\/index.php\/wp-json\/wp\/v2\/tags?post=260"}],"curies":[{"name":"wp","href":"https:\/\/api.w.org\/{rel}","templated":true}]}}