{"id":259,"date":"2015-07-13T14:08:00","date_gmt":"2015-07-13T14:08:00","guid":{"rendered":"http:\/\/fmriachuelo.observatorioess.org.ar\/index.php\/2015\/07\/13\/jujuy-movimiento-nacional-campesino-indigena\/"},"modified":"2025-04-23T15:23:51","modified_gmt":"2025-04-23T18:23:51","slug":"jujuy-movimiento-nacional-campesino-indigena","status":"publish","type":"post","link":"http:\/\/fmriachuelo.it10.com.ar\/index.php\/2015\/07\/13\/jujuy-movimiento-nacional-campesino-indigena\/","title":{"rendered":"JUJUY: MOVIMIENTO NACIONAL CAMPESINO IND\u00cdGENA"},"content":{"rendered":"<p><span style=\"font-family: Verdana,sans-serif\"><span style=\"font-size: small\"><span style=\"color: red\"><span style=\"color: black\">SEMILLAS EN MANOS CAMPESINAS IND\u00cdGENAS:<\/span><\/span><\/span><\/span><br \/><span style=\"font-family: Verdana,sans-serif\"><span style=\"font-size: large\"><span style=\"color: red\"><b>\u00a1\u00a1\u00a1ALIMENTOS SANOS PARA EL PUEBLO!!!<\/b><\/span><span style=\"font-size: small\">&nbsp;<\/span><\/span><\/span><br \/><span style=\"font-family: Verdana,sans-serif\"><span style=\"font-size: small\">FERIA DE SEMILLAS EN HUMAHUACA Y JORNADAS DE TRABAJO-DEBATE <\/span><\/span><\/p>\n<div style=\"clear: both;text-align: center\"><span style=\"font-family: Verdana,sans-serif\"><span style=\"font-size: small\"><a href=\"http:\/\/1.bp.blogspot.com\/-EiSZ__PR5zM\/VaPF1yYnf7I\/AAAAAAAAFXk\/E20Vc-Uq5nE\/s1600\/mnci.png\" style=\"clear: left;float: left;margin-bottom: 1em;margin-right: 1em\"><img loading=\"lazy\" decoding=\"async\" border=\"0\" height=\"132\" src=\"http:\/\/1.bp.blogspot.com\/-EiSZ__PR5zM\/VaPF1yYnf7I\/AAAAAAAAFXk\/E20Vc-Uq5nE\/s200\/mnci.png\" width=\"200\" \/><\/a><\/span><\/span><\/div>\n<p><span style=\"font-family: Verdana,sans-serif\"><\/span> <\/p>\n<div style=\"text-align: justify\"><span style=\"font-family: Verdana,sans-serif\"><span style=\"font-size: small\">Los d\u00edas 9 a 11 de julio en la ciudad de Humahuaca, Jujuy, nos encontramos como Movimiento Nacional Campesino Ind\u00edgena para reafirmar nuestro compromiso en la lucha por la protecci\u00f3n de las semillas criollas y nativas.<\/span><\/span><br \/><a name='more'><\/a><\/div>\n<p><span style=\"font-family: Verdana,sans-serif\"><span style=\"font-size: small\"><\/span><\/span><\/p>\n<div style=\"text-align: justify\"><span style=\"font-family: Verdana,sans-serif\"><span style=\"font-size: small\">Se cont\u00f3 con la participaci\u00f3n de campesinos y campesinas organizados de Mendoza, Neuqu\u00e9n, C\u00f3rdoba, Santiago del Estero, Misiones, Buenos Aires, Salta, Jujuy adem\u00e1s de recibir los aportes de organizaciones compa\u00f1eras de esta ultima provincia.<\/span><\/span><br \/><span style=\"font-family: Verdana,sans-serif\">Los principales puntos abordados fueron:<\/span><\/div>\n<div style=\"text-align: justify\"><span style=\"font-family: Verdana,sans-serif\">\u2022 Las familias campesinas venimos mejorando y multiplicando las semillas y las razas ganaderas, los saberes y las pr\u00e1cticas culturales , desde hace mas de diez mil a\u00f1os sosteniendo y creando la diversidad de las especies que hoy alimentan el mundo.<br \/>\u2022 Este legado colectivo de la humanidad no puede ser apropiado por intereses privados que niegan e invisibilizan el trabajo y el acto creativo que cientos de miles de familias y comunidades vienen realizando en este largo camino.<br \/>\u2022 Esta lucha hist\u00f3rica tiene su reflejo en el presente a trav\u00e9s del aporte de las organizaciones campesinas ind\u00edgenas al debate y la construcci\u00f3n de pol\u00edticas p\u00fablicas y leyes que reconozcan nuestro protagonismo.<br \/>\u2022 La semilla es uno de los ejes centrales en la disputa de dos modelos. Uno que promueve la contaminaci\u00f3n, el acaparamiento de tierras, el monocultivo y la dependencia de un grupo de empresas transnacionales. Y el nuestro, promoviendo la diversidad, la producci\u00f3n sana de alimentos para el Pueblo y la vida digna en el campo y la ciudad.<br \/>\u2022 Valorar las semillas campesinas con intercambios en los distintos territorios, en donde los actores principales son el campesinado como productores de semillas criollas y nativas.<br \/> Estos tres d\u00edas de encuentro, debate e intercambio de ideas culmin\u00f3 con la 9 edici\u00f3n de la Feria de Semillas Nativas y Criollas de Quebrada, Puna y Valles donde los productores compartieron sus semillas, pr\u00e1cticas y saberes.<br \/>Reafirmamos nuestro compromiso de defensa y protecci\u00f3n de la semilla como parte fundamental de la lucha por la Soberan\u00eda Alimentaria de nuestros Pueblos.<br \/><span style=\"color: red\"><b>SEMILLAS EN MANOS CAMPESINAS IND\u00cdGENAS;<\/b><\/span><\/span><br \/><span style=\"font-family: Verdana,sans-serif\"><span style=\"color: red\"><b>ALIMENTOS SANOS PARA EL PUEBLO!!! <\/b><\/span><\/span><br \/><span style=\"font-family: Verdana,sans-serif\"><span style=\"font-size: x-small\"><span style=\"color: #0b5394\"><b>MNCI\/PRODUCCI\u00d3N RIACHUELO<\/b><\/span><\/span><\/span><\/div>\n","protected":false},"excerpt":{"rendered":"<p>SEMILLAS EN MANOS CAMPESINAS IND\u00cdGENAS:\u00a1\u00a1\u00a1ALIMENTOS SANOS PARA EL PUEBLO!!!&nbsp;FERIA DE SEMILLAS EN HUMAHUACA Y JORNADAS DE TRABAJO-DEBATE Los d\u00edas 9 a 11 de julio en la ciudad de Humahuaca, Jujuy, nos encontramos como Movimiento Nacional Campesino Ind\u00edgena para reafirmar nuestro compromiso en la lucha por la protecci\u00f3n de las semillas criollas y nativas. Se cont\u00f3 [&hellip;]<\/p>\n","protected":false},"author":4,"featured_media":0,"comment_status":"open","ping_status":"open","sticky":false,"template":"","format":"standard","meta":{"_monsterinsights_skip_tracking":false,"_monsterinsights_sitenote_active":false,"_monsterinsights_sitenote_note":"","_monsterinsights_sitenote_category":0,"jnews-multi-image_gallery":[],"jnews_single_post":{"format":"standard"},"jnews_primary_category":[],"_joinchat":[],"footnotes":""},"categories":[58],"tags":[174,71,103],"class_list":["post-259","post","type-post","status-publish","format-standard","hentry","category-noticiariachuelo","tag-cultura-originaria","tag-de-la-tierra","tag-movimientos-populares"],"_links":{"self":[{"href":"http:\/\/fmriachuelo.it10.com.ar\/index.php\/wp-json\/wp\/v2\/posts\/259","targetHints":{"allow":["GET"]}}],"collection":[{"href":"http:\/\/fmriachuelo.it10.com.ar\/index.php\/wp-json\/wp\/v2\/posts"}],"about":[{"href":"http:\/\/fmriachuelo.it10.com.ar\/index.php\/wp-json\/wp\/v2\/types\/post"}],"author":[{"embeddable":true,"href":"http:\/\/fmriachuelo.it10.com.ar\/index.php\/wp-json\/wp\/v2\/users\/4"}],"replies":[{"embeddable":true,"href":"http:\/\/fmriachuelo.it10.com.ar\/index.php\/wp-json\/wp\/v2\/comments?post=259"}],"version-history":[{"count":1,"href":"http:\/\/fmriachuelo.it10.com.ar\/index.php\/wp-json\/wp\/v2\/posts\/259\/revisions"}],"predecessor-version":[{"id":23759,"href":"http:\/\/fmriachuelo.it10.com.ar\/index.php\/wp-json\/wp\/v2\/posts\/259\/revisions\/23759"}],"wp:attachment":[{"href":"http:\/\/fmriachuelo.it10.com.ar\/index.php\/wp-json\/wp\/v2\/media?parent=259"}],"wp:term":[{"taxonomy":"category","embeddable":true,"href":"http:\/\/fmriachuelo.it10.com.ar\/index.php\/wp-json\/wp\/v2\/categories?post=259"},{"taxonomy":"post_tag","embeddable":true,"href":"http:\/\/fmriachuelo.it10.com.ar\/index.php\/wp-json\/wp\/v2\/tags?post=259"}],"curies":[{"name":"wp","href":"https:\/\/api.w.org\/{rel}","templated":true}]}}