{"id":2588,"date":"2016-09-09T14:21:17","date_gmt":"2016-09-09T14:21:17","guid":{"rendered":"http:\/\/fmriachuelo.com.ar\/ljkjklj\/?p=2588"},"modified":"2016-09-09T14:21:17","modified_gmt":"2016-09-09T14:21:17","slug":"2588","status":"publish","type":"post","link":"http:\/\/fmriachuelo.it10.com.ar\/index.php\/2016\/09\/09\/2588\/","title":{"rendered":"EL PACO, INFORME SOBRE CONSUMOS Y EFECTOS EN EL CINTUR\u00d3N SUR DE LA CABA"},"content":{"rendered":"<p style=\"text-align: justify\">[FMR 08\/09\/16] El Dr. Andres Gallardo, juez en lo Contensioso Administrativo de la Ciudad, una vez m\u00e1s se implica en las problem\u00e1ticas que afectan a los barrios populares de la Ciudad. En el programa <span style=\"color: #ff0000\"><strong>Romp\u00e9 el Cerco Informativo<\/strong><\/span>\u00a0<span style=\"color: #000000\">le\u00a0<\/span>realizaron una entrevista sobre la presentaci\u00f3n del libro <strong>El Paco. Informe sobre consumo y efectos en el cintur\u00f3n Sur de la CABA. 2016,\u00a0<\/strong>una investigaci\u00f3n multidisciplinaria, coordinada por el Dr. Gallardo. En la entrevista respondi\u00f3 interesantes cuestiones como\u00a0el rol de las organizaciones frente a la situaci\u00f3n y las conclusiones a las que arribaron. \u00a0 Destac\u00f3 que: \u00abfrente a las limitaciones del estado, se\u00a0requiere de la tarea de las organizaciones sociales y grupos organizados que estan en cada uno de los barrios\u00bb \u00abEl Paco es el sin\u00f3nimo de la desestructuraci\u00f3n social\u00bb. Fuimos y recorrimos el territorio para poder alcanzar algunas conclusiones. Gallardo afirm\u00f3 que \u00abel Paco no solo tiene que ver con los consumos problem\u00e1ticos, sino con cuestiones sociales, familiares, con problemas econ\u00f3micos, de desplazamiento, de vivienda, de salud, un gran abanico de temas est\u00e1n implicados en esta cuesti\u00f3n\u00bb.<\/p>\n<p>Escuch\u00e1 la entrevista completa al juez <strong><em>Dr. Andr\u00e9s Gallardo<\/em><\/strong> a continuaci\u00f3n:<\/p>\n","protected":false},"excerpt":{"rendered":"<p>[FMR 08\/09\/16] El Dr. Andres Gallardo, juez en lo Contensioso Administrativo de la Ciudad, una vez m\u00e1s se implica en las problem\u00e1ticas que afectan a los barrios populares de la Ciudad. En el programa Romp\u00e9 el Cerco Informativo\u00a0le\u00a0realizaron una entrevista sobre la presentaci\u00f3n del libro El Paco. Informe sobre consumo y efectos en el cintur\u00f3n [&hellip;]<\/p>\n","protected":false},"author":4,"featured_media":2589,"comment_status":"open","ping_status":"open","sticky":false,"template":"","format":"standard","meta":{"_monsterinsights_skip_tracking":false,"_monsterinsights_sitenote_active":false,"_monsterinsights_sitenote_note":"","_monsterinsights_sitenote_category":0,"jnews-multi-image_gallery":[],"jnews_single_post":[],"jnews_primary_category":[],"_joinchat":[],"footnotes":""},"categories":[76],"tags":[],"class_list":["post-2588","post","type-post","status-publish","format-standard","has-post-thumbnail","hentry","category-salud-comunitaria"],"_links":{"self":[{"href":"http:\/\/fmriachuelo.it10.com.ar\/index.php\/wp-json\/wp\/v2\/posts\/2588","targetHints":{"allow":["GET"]}}],"collection":[{"href":"http:\/\/fmriachuelo.it10.com.ar\/index.php\/wp-json\/wp\/v2\/posts"}],"about":[{"href":"http:\/\/fmriachuelo.it10.com.ar\/index.php\/wp-json\/wp\/v2\/types\/post"}],"author":[{"embeddable":true,"href":"http:\/\/fmriachuelo.it10.com.ar\/index.php\/wp-json\/wp\/v2\/users\/4"}],"replies":[{"embeddable":true,"href":"http:\/\/fmriachuelo.it10.com.ar\/index.php\/wp-json\/wp\/v2\/comments?post=2588"}],"version-history":[{"count":0,"href":"http:\/\/fmriachuelo.it10.com.ar\/index.php\/wp-json\/wp\/v2\/posts\/2588\/revisions"}],"wp:featuredmedia":[{"embeddable":true,"href":"http:\/\/fmriachuelo.it10.com.ar\/index.php\/wp-json\/"}],"wp:attachment":[{"href":"http:\/\/fmriachuelo.it10.com.ar\/index.php\/wp-json\/wp\/v2\/media?parent=2588"}],"wp:term":[{"taxonomy":"category","embeddable":true,"href":"http:\/\/fmriachuelo.it10.com.ar\/index.php\/wp-json\/wp\/v2\/categories?post=2588"},{"taxonomy":"post_tag","embeddable":true,"href":"http:\/\/fmriachuelo.it10.com.ar\/index.php\/wp-json\/wp\/v2\/tags?post=2588"}],"curies":[{"name":"wp","href":"https:\/\/api.w.org\/{rel}","templated":true}]}}