{"id":2579,"date":"2016-09-08T02:06:27","date_gmt":"2016-09-08T02:06:27","guid":{"rendered":"http:\/\/fmriachuelo.com.ar\/ljkjklj\/?p=2579"},"modified":"2016-09-08T02:06:27","modified_gmt":"2016-09-08T02:06:27","slug":"brasil-grito-de-los-excluidos-fuera-temer","status":"publish","type":"post","link":"http:\/\/fmriachuelo.it10.com.ar\/index.php\/2016\/09\/08\/brasil-grito-de-los-excluidos-fuera-temer\/","title":{"rendered":"BRASIL, GRITO DE LOS EXCLUIDOS: \u00abFUERA TEMER\u00bb"},"content":{"rendered":"<div class=\"place-and-time\">\n<div class=\"content\">\n<div class=\"text-content\">\n<p style=\"text-align: justify\">[FMR 07\/09\/16] Cada a\u00f1o se celebra en Brasil el \u00abGrito de los Excluidos\u00bb una \u00a0jornada de lucha que se realiza historicamente el mismo d\u00eda que se conmemora la independencia de Brasil. Hoy en el d\u00eda de la celebraci\u00f3n de la independencia de Brasil, el Grito de los Excluidos grit\u00f3 \u00abFuera Temer\u00bb.<\/p>\n<p style=\"text-align: justify\"><span class=\"author\">[Luiz Felipe Albuquerque<\/span> \/Resumen Latinoamericano\/ 7 de septiembre 2016] \u00a0Bajo el lema \u201cFuera Temer, ning\u00fan derecho menos\u201d, hombre y mujeres marcharon en todo el pais en el marco de la jornada conocido con el nombre \u201cGrito dos Excluidos\u201d que tiene lugar el 7 de septiembre, dia en que se conmemora la independencia del Brasil. Ciudades del Sur, Sudeste, Noroeste, Centro y Norte de Brasil, juntaron miles de personas: alrededor de 20 mil en Rio de Janeiro, 10 mil en Belo Horizonte, 5 mil em Macrei\u00f3, 15 mil en S\u00e3o Paulo, por mencionar algunos puntos de mayor concentraci\u00f3n.<\/p>\n<p style=\"text-align: justify\">Historicamente constru\u00edda como uma jornada de lucha de los movimientos populares, entidades sindicales y pastorales\u00a0 para exigir en los marcos democr\u00e1ticos la ampliaci\u00f3n de derechos y el freno a la violencia contra los m\u00e1s pobre, en esta vig\u00e9sima segunda edici\u00f3n no qued\u00f3 afuera las denuncias del golpe parlamentario consumado hace exactamente una semana tras la votaci\u00f3n en el Senado que finalmente apart\u00f3 a Dilma Rousseff del cargo de presidenta, el dia 31 de agosto pasado.<\/p>\n<p>Las amenazas a las conquistas sociales anunciadas por el gobierno del presidente no electo Michel Temer fue lo que hizo que la funcionaria de la guarder\u00eda infantil de la Zona Sur de S\u00e3o Paulo, Dalva Reais (59) saliese a las calles en pleno feriado nacional para participar de la protesta. Para ella esa disposici\u00f3n \u201chace parte del brasile\u00f1o, que tiene que correr [todos los d\u00edas]\u201d. Tenemos que luchar, ir a las calles. Sino vamos, nada va a cambiar, hay que persistir para ver si cambia alguna cosa\u201d, explic\u00f3.<\/p>\n<p>As\u00ed como Dalva, la estudiante Gleich Kelli (18), vecina de Guarulhos (SP), dijo estar convencida de la necesidad de luchar en este actual momento por el que pasa el pa\u00eds. \u201cTenemos que mostrar que todos los dias acontecen golpes, como la violencia en las favelas, las dificultades que tenemos de entrar en las universidades y la falta de inversi\u00f3n en educaci\u00f3n. Tenemos que mostrar que no estamos durmiendo y que vamos a luchar por nuestros derechos que est\u00e1n siendo quitados\u201d, agreg\u00f3.<\/p>\n<p>Segue Raimundo Bonfim, de la Central de Movimentos pPopulares (CMP), esta edici\u00f3n acontece en un momento muy particular del pais, \u201csobre la \u00e9gida de un golpe\u201d. \u201cEllos cre\u00edan que pasado el impeachment el pa\u00eds ser\u00eda pacificado, pero estamos viendo una reacci\u00f3n contestataria muy importante frente al golpe\u201d, marc\u00f3.<\/p>\n<p>El militante de la CMP, alert\u00f3 ademas sobre las diversas amenazas de quita de derechos sociales conquistados en las \u00faltimas d\u00e9cadas, como el desmembramiento del Sistema de Seguridad Social, la flexibilizaci\u00f3n de las leyes laborales y la entrega de las riquezas naturales del pa\u00eds, como las reservas de petr\u00f3leo del pr\u00e9-sal.<\/p>\n<p>Sobre la reforma de la Previsi\u00f3n Social que actualmente esta siendo debatida por el gobierno Temer, por ejemplo, se proyecta una perdida de R$ 6,3 mil millones anuales a costa de la disminuci\u00f3n de beneficios de los trabajadores.<\/p>\n<p>Para Kelli Mafort, de la direcci\u00f3n nacional del Movimiento de los Trabajadores Rurales Sin Tierra (MST), las movilizaciones est\u00e1n tomando mucha fuerza, especialmente en S\u00e3o Paulo, que ha sido uno de los focos de la retomada de este proceso de lucha. \u201cEste movimiento no tiene como parar, son muchas pautas que nos mueven a todos los movimientos populares y a la sociedad a desarrollar el proceso de lucha\u201d, manifest\u00f3.<\/p>\n<p>El presidente de la Central Unica de los Trabajadores (CUT), Vagner Freitas, comparte la impresi\u00f3n de Kelli, e insisti\u00f3 en la necesidad de realizar una huelga general en el pa\u00eds.<\/p>\n<p>\u201cEllos tienen los medios de comunicaci\u00f3n, el Poder judicial, el poder financiero y el Congreso Nacional. Pero ellos no tienen al pueblo brasile\u00f1o. El mundo entreo\u00eda dijo que es golpe, y ellos no quieren admitir. Tenemos que organizar a todos los trabajadores para una huelga genera par hacer con que ellos entienda que es golpe y que no nos quitaran nuestros derechos\u201d, apunt\u00f3.<\/p>\n<p>La pr\u00f3xima movilizaci\u00f3n ya tiene dia y hora maraca en la ciudad de S\u00e3o Paulo. Convocadas por el Frente Brasil Popular y Frente Pueblo Sin miedo, millones de personas deben reunirse el pr\u00f3ximo mi\u00e9rcoles (14), en el Largo da Batata \u2013 zona oeste de S\u00e3o Paulo- para reivindicar la salida de Michel Temer de la presidencia y mostrar el descontento frente a las medidas anunciadas por el gobierno no electo.<\/p>\n<p>\u2014<\/p>\n<p>Traducci\u00f3n Maria Julia Gim\u00e9nez<\/p>\n<\/div>\n<\/div>\n<\/div>\n<p>Foto: M\u00eddia Ninja<\/p>\n","protected":false},"excerpt":{"rendered":"<p>[FMR 07\/09\/16] Cada a\u00f1o se celebra en Brasil el \u00abGrito de los Excluidos\u00bb una \u00a0jornada de lucha que se realiza historicamente el mismo d\u00eda que se conmemora la independencia de Brasil. Hoy en el d\u00eda de la celebraci\u00f3n de la independencia de Brasil, el Grito de los Excluidos grit\u00f3 \u00abFuera Temer\u00bb. [Luiz Felipe Albuquerque \/Resumen [&hellip;]<\/p>\n","protected":false},"author":4,"featured_media":2580,"comment_status":"open","ping_status":"open","sticky":false,"template":"","format":"standard","meta":{"_monsterinsights_skip_tracking":false,"_monsterinsights_sitenote_active":false,"_monsterinsights_sitenote_note":"","_monsterinsights_sitenote_category":0,"jnews-multi-image_gallery":[],"jnews_single_post":[],"jnews_primary_category":[],"_joinchat":[],"footnotes":""},"categories":[76],"tags":[],"class_list":["post-2579","post","type-post","status-publish","format-standard","has-post-thumbnail","hentry","category-salud-comunitaria"],"_links":{"self":[{"href":"http:\/\/fmriachuelo.it10.com.ar\/index.php\/wp-json\/wp\/v2\/posts\/2579","targetHints":{"allow":["GET"]}}],"collection":[{"href":"http:\/\/fmriachuelo.it10.com.ar\/index.php\/wp-json\/wp\/v2\/posts"}],"about":[{"href":"http:\/\/fmriachuelo.it10.com.ar\/index.php\/wp-json\/wp\/v2\/types\/post"}],"author":[{"embeddable":true,"href":"http:\/\/fmriachuelo.it10.com.ar\/index.php\/wp-json\/wp\/v2\/users\/4"}],"replies":[{"embeddable":true,"href":"http:\/\/fmriachuelo.it10.com.ar\/index.php\/wp-json\/wp\/v2\/comments?post=2579"}],"version-history":[{"count":0,"href":"http:\/\/fmriachuelo.it10.com.ar\/index.php\/wp-json\/wp\/v2\/posts\/2579\/revisions"}],"wp:featuredmedia":[{"embeddable":true,"href":"http:\/\/fmriachuelo.it10.com.ar\/index.php\/wp-json\/"}],"wp:attachment":[{"href":"http:\/\/fmriachuelo.it10.com.ar\/index.php\/wp-json\/wp\/v2\/media?parent=2579"}],"wp:term":[{"taxonomy":"category","embeddable":true,"href":"http:\/\/fmriachuelo.it10.com.ar\/index.php\/wp-json\/wp\/v2\/categories?post=2579"},{"taxonomy":"post_tag","embeddable":true,"href":"http:\/\/fmriachuelo.it10.com.ar\/index.php\/wp-json\/wp\/v2\/tags?post=2579"}],"curies":[{"name":"wp","href":"https:\/\/api.w.org\/{rel}","templated":true}]}}