{"id":2568,"date":"2016-09-07T02:28:46","date_gmt":"2016-09-07T02:28:46","guid":{"rendered":"http:\/\/fmriachuelo.com.ar\/ljkjklj\/?p=2568"},"modified":"2016-09-07T02:28:46","modified_gmt":"2016-09-07T02:28:46","slug":"escuela-manuel-belgrano-de-bellas-artes-en-lucha","status":"publish","type":"post","link":"http:\/\/fmriachuelo.it10.com.ar\/index.php\/2016\/09\/07\/escuela-manuel-belgrano-de-bellas-artes-en-lucha\/","title":{"rendered":"ESCUELA MANUEL BELGRANO DE BELLAS ARTES, ESTUDIANTES EN LUCHA"},"content":{"rendered":"<p style=\"text-align: justify\">[FMR 06\/09\/16] En la Escuela Manuel Belgrano, en una asamblea de alumnos se decidi\u00f3 votar en mayor\u00eda la toma de la escuela. Una vez m\u00e1s el estado pone en riesgo la vida de los j\u00f3venes estudiantes que denuncian las p\u00e9simas condiciones edilicias, las viandas en mal estado, la falta de salubridad y medidas de higiene. Esta\u00a0ma\u00f1ana en el programa \u00a0<span style=\"color: #ff0000\"><strong>Mateando en el Riachuelo<\/strong><\/span>\u00a0(L a V 10 a 12 hs.) hablamos con Antonella, vocera del centro de estudiantes de la escuela Manuel Belgrano y militante de la agrupaci\u00f3n Sim\u00f3n Bol\u00edvar , ella nos nos cont\u00f3 que en la asamblea de ayer se voto por mayor\u00eda el comienzo de la toma.<\/p>\n<p style=\"text-align: justify\">Los alumnos elevaron en\u00a0varias oportunidades\u00a0sus peticiones frente a las cuales \u00a0no hubo\u00a0respuestas concretas de parte de las autoridades. Entre los principales reclamos se halla: el\u00a0boleto educativo gratuito ,mayor presupuesto para las escuelas p\u00fablicas en general y de ser necesario dejar de subsidiar colegios privados, \u00a0falta de salubridad , para poder realizar reformas edilicias integrales , desinfecci\u00f3n , mayor cantidad de comedores, viandas dignas y comestibles.<\/p>\n","protected":false},"excerpt":{"rendered":"<p>[FMR 06\/09\/16] En la Escuela Manuel Belgrano, en una asamblea de alumnos se decidi\u00f3 votar en mayor\u00eda la toma de la escuela. Una vez m\u00e1s el estado pone en riesgo la vida de los j\u00f3venes estudiantes que denuncian las p\u00e9simas condiciones edilicias, las viandas en mal estado, la falta de salubridad y medidas de higiene. [&hellip;]<\/p>\n","protected":false},"author":4,"featured_media":2569,"comment_status":"open","ping_status":"open","sticky":false,"template":"","format":"standard","meta":{"_monsterinsights_skip_tracking":false,"_monsterinsights_sitenote_active":false,"_monsterinsights_sitenote_note":"","_monsterinsights_sitenote_category":0,"jnews-multi-image_gallery":[],"jnews_single_post":[],"jnews_primary_category":[],"_joinchat":[],"footnotes":""},"categories":[76,77],"tags":[],"class_list":["post-2568","post","type-post","status-publish","format-standard","has-post-thumbnail","hentry","category-salud-comunitaria","category-soberania"],"_links":{"self":[{"href":"http:\/\/fmriachuelo.it10.com.ar\/index.php\/wp-json\/wp\/v2\/posts\/2568","targetHints":{"allow":["GET"]}}],"collection":[{"href":"http:\/\/fmriachuelo.it10.com.ar\/index.php\/wp-json\/wp\/v2\/posts"}],"about":[{"href":"http:\/\/fmriachuelo.it10.com.ar\/index.php\/wp-json\/wp\/v2\/types\/post"}],"author":[{"embeddable":true,"href":"http:\/\/fmriachuelo.it10.com.ar\/index.php\/wp-json\/wp\/v2\/users\/4"}],"replies":[{"embeddable":true,"href":"http:\/\/fmriachuelo.it10.com.ar\/index.php\/wp-json\/wp\/v2\/comments?post=2568"}],"version-history":[{"count":0,"href":"http:\/\/fmriachuelo.it10.com.ar\/index.php\/wp-json\/wp\/v2\/posts\/2568\/revisions"}],"wp:featuredmedia":[{"embeddable":true,"href":"http:\/\/fmriachuelo.it10.com.ar\/index.php\/wp-json\/"}],"wp:attachment":[{"href":"http:\/\/fmriachuelo.it10.com.ar\/index.php\/wp-json\/wp\/v2\/media?parent=2568"}],"wp:term":[{"taxonomy":"category","embeddable":true,"href":"http:\/\/fmriachuelo.it10.com.ar\/index.php\/wp-json\/wp\/v2\/categories?post=2568"},{"taxonomy":"post_tag","embeddable":true,"href":"http:\/\/fmriachuelo.it10.com.ar\/index.php\/wp-json\/wp\/v2\/tags?post=2568"}],"curies":[{"name":"wp","href":"https:\/\/api.w.org\/{rel}","templated":true}]}}