{"id":2562,"date":"2016-09-05T16:18:55","date_gmt":"2016-09-05T16:18:55","guid":{"rendered":"http:\/\/fmriachuelo.com.ar\/ljkjklj\/?p=2562"},"modified":"2016-09-05T16:18:55","modified_gmt":"2016-09-05T16:18:55","slug":"2562","status":"publish","type":"post","link":"http:\/\/fmriachuelo.it10.com.ar\/index.php\/2016\/09\/05\/2562\/","title":{"rendered":"\u00abEL PACO ES UNA FORMA DE VIOLENCIA CONTRA LOS PIBES\u00bb"},"content":{"rendered":"<p style=\"text-align: justify\">[FMR 05\/09\/2016] Durante la emisi\u00f3n de la \u00abEscuelita Radial de Justicia\u00bb de este lunes, el juez Andr\u00e9s Gallardo convoc\u00f3 a vecinos y organizaciones de los barrios de la CABA a participar de la presentaci\u00f3n del Informe realizado por un equipo de investigadores coordinados por Gallardo sobre la problem\u00e1tica del consumo de paco. La actividad tendr\u00e1 lugar en la sede de la editorial Jusbaires, ubicada en Av. Roca (Diagonal Sur, CABA) 534, el 22 de septiembre a las 15 horas.<\/p>\n<p>\u00abEsto no forma parte de la agenda de los multimedios. Todos los d\u00edas tenemos un pibe menos por el tema de las adicciones. Esto expresa una forma m\u00e1s de la violencia contra los pibes\u00bb, se\u00f1al\u00f3 Gallardo. El padre Charly, que participa habitualmente del programa y viene realizando un importante trabajo combatiendo los consumos problem\u00e1ticos en la villa 21-24, agreg\u00f3 sobre la presentaci\u00f3n del libro: \u00abEntendemos el tema del paco como lo entienden organizaciones como la CTEP o la CCC: ni un pibe menos por la droga. Por eso las organizaciones que estamos en esta lucha vamos a respaldar la presentaci\u00f3n del libro. Para se\u00f1alar lo que tiene que hacer el Estado\u00bb.<\/p>\n","protected":false},"excerpt":{"rendered":"<p>[FMR 05\/09\/2016] Durante la emisi\u00f3n de la \u00abEscuelita Radial de Justicia\u00bb de este lunes, el juez Andr\u00e9s Gallardo convoc\u00f3 a vecinos y organizaciones de los barrios de la CABA a participar de la presentaci\u00f3n del Informe realizado por un equipo de investigadores coordinados por Gallardo sobre la problem\u00e1tica del consumo de paco. La actividad tendr\u00e1 [&hellip;]<\/p>\n","protected":false},"author":4,"featured_media":2563,"comment_status":"open","ping_status":"open","sticky":false,"template":"","format":"standard","meta":{"_monsterinsights_skip_tracking":false,"_monsterinsights_sitenote_active":false,"_monsterinsights_sitenote_note":"","_monsterinsights_sitenote_category":0,"jnews-multi-image_gallery":[],"jnews_single_post":[],"jnews_primary_category":[],"_joinchat":[],"footnotes":""},"categories":[76],"tags":[],"class_list":["post-2562","post","type-post","status-publish","format-standard","has-post-thumbnail","hentry","category-salud-comunitaria"],"_links":{"self":[{"href":"http:\/\/fmriachuelo.it10.com.ar\/index.php\/wp-json\/wp\/v2\/posts\/2562","targetHints":{"allow":["GET"]}}],"collection":[{"href":"http:\/\/fmriachuelo.it10.com.ar\/index.php\/wp-json\/wp\/v2\/posts"}],"about":[{"href":"http:\/\/fmriachuelo.it10.com.ar\/index.php\/wp-json\/wp\/v2\/types\/post"}],"author":[{"embeddable":true,"href":"http:\/\/fmriachuelo.it10.com.ar\/index.php\/wp-json\/wp\/v2\/users\/4"}],"replies":[{"embeddable":true,"href":"http:\/\/fmriachuelo.it10.com.ar\/index.php\/wp-json\/wp\/v2\/comments?post=2562"}],"version-history":[{"count":0,"href":"http:\/\/fmriachuelo.it10.com.ar\/index.php\/wp-json\/wp\/v2\/posts\/2562\/revisions"}],"wp:featuredmedia":[{"embeddable":true,"href":"http:\/\/fmriachuelo.it10.com.ar\/index.php\/wp-json\/"}],"wp:attachment":[{"href":"http:\/\/fmriachuelo.it10.com.ar\/index.php\/wp-json\/wp\/v2\/media?parent=2562"}],"wp:term":[{"taxonomy":"category","embeddable":true,"href":"http:\/\/fmriachuelo.it10.com.ar\/index.php\/wp-json\/wp\/v2\/categories?post=2562"},{"taxonomy":"post_tag","embeddable":true,"href":"http:\/\/fmriachuelo.it10.com.ar\/index.php\/wp-json\/wp\/v2\/tags?post=2562"}],"curies":[{"name":"wp","href":"https:\/\/api.w.org\/{rel}","templated":true}]}}