{"id":256,"date":"2015-07-13T22:15:00","date_gmt":"2015-07-13T22:15:00","guid":{"rendered":"http:\/\/fmriachuelo.observatorioess.org.ar\/index.php\/2015\/07\/13\/rosario-la-economia-popular-ya-tiene-su-propio-supermercado\/"},"modified":"2025-04-23T15:35:02","modified_gmt":"2025-04-23T18:35:02","slug":"rosario-la-economia-popular-ya-tiene-su-propio-supermercado","status":"publish","type":"post","link":"http:\/\/fmriachuelo.it10.com.ar\/index.php\/2015\/07\/13\/rosario-la-economia-popular-ya-tiene-su-propio-supermercado\/","title":{"rendered":"ROSARIO: LA ECONOM\u00cdA POPULAR YA TIENE SU PROPIO SUPERMERCADO"},"content":{"rendered":"<p><span style=\"font-family: Verdana,sans-serif\"><span style=\"color: red;font-size: large\"><b>DEL PRODUCTOR AL TRABAJADOR<\/b><\/span><\/span><\/p>\n<div style=\"clear: both;text-align: center\"><span style=\"font-family: Verdana,sans-serif\"><a href=\"http:\/\/3.bp.blogspot.com\/-K6gwnuPftQE\/VaQ30V5w_RI\/AAAAAAAAFYI\/4TNg--vKsHE\/s1600\/EC%2BPOPO.png\" style=\"clear: left;float: left;margin-bottom: 1em;margin-right: 1em\"><img loading=\"lazy\" decoding=\"async\" border=\"0\" height=\"124\" src=\"http:\/\/3.bp.blogspot.com\/-K6gwnuPftQE\/VaQ30V5w_RI\/AAAAAAAAFYI\/4TNg--vKsHE\/s200\/EC%2BPOPO.png\" width=\"200\" \/><\/a><\/span><\/div>\n<div style=\"text-align: justify\"><span style=\"font-family: Verdana,sans-serif\">La Confederaci\u00f3n de Trabajadores de la Econom\u00eda Popular (Ctep) inaugur\u00f3 este lunes un establecimiento en el Centro Cultural La Toma (Tucum\u00e1n 1348) en el que se venden distintos productos a precios m\u00e1s que accesibles.<\/span><br \/><a name='more'><\/a><span style=\"font-family: Verdana,sans-serif\">\u201cSe trata de materializar lo que venimos haciendo desde hace m\u00e1s de dos a\u00f1os con los camiones de la econom\u00eda popular\u201d, se\u00f1al\u00f3 al ser consultado por Redacci\u00f3n Rosario Celcio Molin\u00e9, referente de la Ctep y coordinador de esta iniciativa que ahora cuenta con un punto fijo de venta de los productos que hasta aqu\u00ed eran comercializados en puestos m\u00f3viles, y agreg\u00f3: \u201cEl objetivo es que el vecino, que por ah\u00ed no se pod\u00eda acercar a los camiones o no sab\u00eda los lugares y horarios de los mismos, pueda venir al mercado y tenga un lugar de referencia para acercarse a la econom\u00eda popular\u201d.<br \/>El primer mercado popular de Rosario funcionar\u00e1 en un emblema de las empresas recuperadas locales, como lo es el Centro Cultural La Toma, y abrir\u00e1 sus puertas de lunes a viernes de 8 a 21.<\/span><br \/><span style=\"font-family: Verdana,sans-serif\">\u201cA partir del \u00e9xito que tuvo la iniciativa de los camiones, en los que comercializ\u00e1bamos pescados y mariscos, panificados, fiambres y l\u00e1cteos; surgi\u00f3 la idea de conformar una feria y as\u00ed fue que se convoc\u00f3 \u2013desde el Movimiento Evita y la Ctep\u2013 a productores y vendedores para que se sumaran al cronograma de esos camiones, con el fin de que no fuera s\u00f3lo el laburo de una agrupaci\u00f3n pol\u00edtica y para darle, adem\u00e1s, un entramado y un ingreso m\u00e1s concreto a la econom\u00eda social en rosario y sus alrededores\u201d, continu\u00f3 el coordinador del proyecto, y a\u00f1adi\u00f3: \u201cDe a poco se fueron acercando productores de verdura, que en ese momento estaban asociados con la sub secretaria de Agricultura Familiar y que empezaron a vender sus bolsones a un costado del cami\u00f3n, y despu\u00e9s se agregaron las pastas, panificados, vinos, y eso se transform\u00f3 en una feria que con el tiempo se volvi\u00f3 estable. Y a partir de ah\u00ed comenzamos a so\u00f1ar con tener un mercado propio y como pudimos encontrar con los compa\u00f1eros de la cooperativa La Toma y su centro cultural un mont\u00f3n de puntos en com\u00fan, hoy estamos concretando todo eso en la inauguraci\u00f3n de este primer mercado popular en serio en la ciudad de Rosario, con los productos de los camiones, con todos los productores que formaron parte de esa feria y otros que se acercaron por la posibilidad de tener un punto fijo de venta\u201d.<br \/>Sin intermediarios<br \/>\u201cNuestro eslogan es \u00abdel productor al consumidor\u00bb y es ah\u00ed donde se notan las grandes diferencias con las tradicionales cadenas de supermercados, que tienen una serie de eslabones y cada producci\u00f3n va pasando por intermediarios que obviamente le agregan valor a los productos haciendo que se encarezcan\u201d, indic\u00f3 Molin\u00e9 durante la presentaci\u00f3n en sociedad del Mercado Popular, y se\u00f1al\u00f3 que \u201clo que hacemos es darle la oportunidad a los productores, de manera directa, de estar ah\u00ed y que sus productos lleguen a las g\u00f3ndolas y a las mesas de los consumidores sin nadie en el medio que se lleve un pedazo de la torta\u201d.<br \/>Tras aclarar que \u201clos camiones van a continuar con sus cronogramas habituales, porque son espacios conquistados con mucho esfuerzo, laburo y mucha organizaci\u00f3n\u201d, y concluy\u00f3 enumerando: \u201cEn este momento hay cuatro camiones funcionando: dos de pastas y dos de pescados y mariscos; m\u00e1s el camioncito de panificados que va los mi\u00e9rcoles a la tarde a la Siberia\u201d.<br \/>Algunos de los productos que se pueden adquirir a precios populares en el flamante emprendimiento son: Panificados, verduras de huerta, frutas de estaci\u00f3n, huevos frescos, pizzas y pastas caseras, productos diet\u00e9ticos, aceite de oliva, aceitunas y vinos.<\/span><\/p>\n<div style=\"text-align: justify\"><span style=\"font-family: Verdana,sans-serif\"><span style=\"font-size: x-small\"><span style=\"color: #0b5394\"><b>REDACCI\u00d3N ROSARIO\/PRODUCCI\u00d3N RIACHUELO<\/b><\/span><\/span><\/span><\/div>\n<\/div>\n","protected":false},"excerpt":{"rendered":"<p>DEL PRODUCTOR AL TRABAJADOR La Confederaci\u00f3n de Trabajadores de la Econom\u00eda Popular (Ctep) inaugur\u00f3 este lunes un establecimiento en el Centro Cultural La Toma (Tucum\u00e1n 1348) en el que se venden distintos productos a precios m\u00e1s que accesibles.\u201cSe trata de materializar lo que venimos haciendo desde hace m\u00e1s de dos a\u00f1os con los camiones de [&hellip;]<\/p>\n","protected":false},"author":4,"featured_media":0,"comment_status":"open","ping_status":"open","sticky":false,"template":"","format":"standard","meta":{"_monsterinsights_skip_tracking":false,"_monsterinsights_sitenote_active":false,"_monsterinsights_sitenote_note":"","_monsterinsights_sitenote_category":0,"jnews-multi-image_gallery":[],"jnews_single_post":{"format":"standard"},"jnews_primary_category":[],"_joinchat":[],"footnotes":""},"categories":[58],"tags":[64,94],"class_list":["post-256","post","type-post","status-publish","format-standard","hentry","category-noticiariachuelo","tag-economia-popular","tag-soberania-alimentaria"],"_links":{"self":[{"href":"http:\/\/fmriachuelo.it10.com.ar\/index.php\/wp-json\/wp\/v2\/posts\/256","targetHints":{"allow":["GET"]}}],"collection":[{"href":"http:\/\/fmriachuelo.it10.com.ar\/index.php\/wp-json\/wp\/v2\/posts"}],"about":[{"href":"http:\/\/fmriachuelo.it10.com.ar\/index.php\/wp-json\/wp\/v2\/types\/post"}],"author":[{"embeddable":true,"href":"http:\/\/fmriachuelo.it10.com.ar\/index.php\/wp-json\/wp\/v2\/users\/4"}],"replies":[{"embeddable":true,"href":"http:\/\/fmriachuelo.it10.com.ar\/index.php\/wp-json\/wp\/v2\/comments?post=256"}],"version-history":[{"count":1,"href":"http:\/\/fmriachuelo.it10.com.ar\/index.php\/wp-json\/wp\/v2\/posts\/256\/revisions"}],"predecessor-version":[{"id":23763,"href":"http:\/\/fmriachuelo.it10.com.ar\/index.php\/wp-json\/wp\/v2\/posts\/256\/revisions\/23763"}],"wp:attachment":[{"href":"http:\/\/fmriachuelo.it10.com.ar\/index.php\/wp-json\/wp\/v2\/media?parent=256"}],"wp:term":[{"taxonomy":"category","embeddable":true,"href":"http:\/\/fmriachuelo.it10.com.ar\/index.php\/wp-json\/wp\/v2\/categories?post=256"},{"taxonomy":"post_tag","embeddable":true,"href":"http:\/\/fmriachuelo.it10.com.ar\/index.php\/wp-json\/wp\/v2\/tags?post=256"}],"curies":[{"name":"wp","href":"https:\/\/api.w.org\/{rel}","templated":true}]}}