{"id":2555,"date":"2016-09-05T01:47:57","date_gmt":"2016-09-05T01:47:57","guid":{"rendered":"http:\/\/fmriachuelo.com.ar\/ljkjklj\/?p=2555"},"modified":"2016-09-05T01:47:57","modified_gmt":"2016-09-05T01:47:57","slug":"justiciaparaberta-se-cumplen-6-meses-del-asesinato-de-berta-caceres-sin-esclarecer","status":"publish","type":"post","link":"http:\/\/fmriachuelo.it10.com.ar\/index.php\/2016\/09\/05\/justiciaparaberta-se-cumplen-6-meses-del-asesinato-de-berta-caceres-sin-esclarecer\/","title":{"rendered":"#JUSTICIAPARABERTA SE CUMPLEN 6 MESES DEL ASESINATO DE BERTA C\u00c1CERES: SIN ESCLARECER"},"content":{"rendered":"<p style=\"text-align: justify\">Difundimos Comunicado:<\/p>\n<p style=\"text-align: justify\">El Consejo C\u00edvico de Organizaciones Populares e Ind\u00edgenas de Honduras a 6 meses del asesinato de la Coordinadora General de <span class=\"caps\">COPINH<\/span>comunica lo siguiente:<\/p>\n<p style=\"text-align: justify\">\u00b7 Con el asesinato de quien fung\u00eda como Coordinadora General de <span class=\"caps\">COPINH<\/span>, miembra fundadora de esta organizaci\u00f3n, se ha cometido un crimen contra todo el pueblo Lenca que lucha por la construcci\u00f3n de su autonom\u00eda, por la defensa de la Madre Tierra, los bienes comunes de la naturaleza y por el respeto de nuestros derechos como pueblos ind\u00edgenas.<\/p>\n<p style=\"text-align: justify\">\u00b7 Ante este crimen hemos reafirmado que continuaremos en la lucha beligerante contra los proyectos de muerte que de forma inconsulta se han instalado desde el Golpe militar del a\u00f1o 2009 y por ende sabemos que la compa\u00f1era Berta C\u00e1ceres Flores no ha muerto, mientras no muera su lucha ni su proyecto pol\u00edtico, que es esta organizaci\u00f3n.<\/p>\n<p style=\"text-align: justify\">\u00b7 La compa\u00f1era Berta C\u00e1ceres, nuestra hermana, ha sido v\u00edctima de un Crimen de Estado ya que ella sufri\u00f3 durante todo su ejercicio pol\u00edtico la persecuci\u00f3n de las autoridades hondure\u00f1as como fuerzas de seguridad y tribunales de justicia, la criminalizaci\u00f3n de su labor en la que tambi\u00e9n participaron empresas, como <span class=\"caps\">DESA<\/span>, y bancos internacionales como <span class=\"caps\">FMO<\/span>, <span class=\"caps\">BCIE<\/span> y <span class=\"caps\">FINNFUND<\/span> interesados en saquear nuestros Bienes Comunes y convertirlos en ganancia.<\/p>\n<p>\u00b7 En estos 23 a\u00f1os de existencia de nuestra organizaci\u00f3n, este crimen ha significado el golpe m\u00e1s grande para nuestro pueblo y es un intento para acabar con la lucha de <span class=\"caps\">COPINH<\/span> que sigue sufriendo la estigmatizaci\u00f3n y criminalizaci\u00f3n por parte del Gobierno, las empresas nacionales y trasnacionales y las instituciones financieras internacionales.<\/p>\n<p>Habiendo acompa\u00f1ado a Berta en su lucha, que es la de este pueblo, tenemos plena claridad en que la justicia no va a llegar por medio de esta institucionalidad corrupta, ineficiente y promotora del exterminio de los pueblos en resistencia, que esas detenciones no significan la justicia por su asesinato y que son un claro ejemplo de c\u00f3mo se fabrica la impunidad en este pa\u00eds.<\/p>\n<p>\u00b7 <span class=\"caps\">COPINH<\/span> sigue demandando la creaci\u00f3n de una Comisi\u00f3n Independiente de Investigaci\u00f3n que nos permita conocer la verdad de este crimen y de la que el gobierno ha hecho o\u00eddos sordos.<\/p>\n<p>\u00b7 Que <span class=\"caps\">COPINH<\/span> desde hace varios a\u00f1os est\u00e1 exigiendo la salida del Proyecto Hidroel\u00e9ctrico \u201cAgua Zarca\u201d del territorio Lenca que se instal\u00f3 de manera inconsulta, al igual que 50 concesiones para hidroel\u00e9ctricas y otros tantos megraproyectos e\u00f3licos que pretenden instalarse en nuestro territorio.<br \/>\n\u00b7 El pueblo Lenca lucha por una vida de paz por eso exigimos la desmilitarizaci\u00f3n de nuestros territorios ya que los militares, polic\u00edas y fuerzas privadas de seguridad son los garantes de las inversiones privadas a trav\u00e9s de la violaci\u00f3n a los derechos m\u00e1s elementales y de la siembra del miedo, el terror y la muerte.<br \/>\n\u00b7 Ante este asesinato el gobierno, las empresas y los bancos financiadores del terror y la muerte deben saber que <span class=\"caps\">COPINH<\/span> va a hacer un esfuerzo permanente por saber qui\u00e9nes participaron en el hecho, que no crean los perpetradores que descansaremos en la b\u00fasqueda de Justica por nuestra hermana y que todos los atropellos que suframos por ejercer nuestra labor van a ser denunciados antes las autoridades internacionales.<br \/>\n\u00b7 El <span class=\"caps\">COPINH<\/span> sabe que antes y despu\u00e9s del Golpe de Estado de 2009 la violencia y atrocidades suceden gracias a la injerencia gringa, con su dinero e intervenci\u00f3n como el mismo Golpe de Estado. La implantaci\u00f3n del modelo extractivista se da por el empuje de la doctrina capitalista gringa y el asesinato de Berta hace parte de una estrategia clara de eliminar por la fuerza a cualquier tipo de oposici\u00f3n a ese modelo econ\u00f3mico del que los gringos son el centro.<br \/>\n\u00b7 Denunciamos las campa\u00f1as de criminalizaci\u00f3n a nuestra organizaci\u00f3n financiadas por <span class=\"caps\">DESA<\/span> en la televisi\u00f3n nacional a la que se presenta a Gloria L\u00f3pez, persona que no representa a las mujeres lencas, que es un remedo de ind\u00edgena digna y que estamos seguros est\u00e1 siendo utilizada por los empresarios hondure\u00f1os para manipular la opini\u00f3n p\u00fablica y crear m\u00e1s conflictividades.<br \/>\n\u00b7 <span class=\"caps\">COPINH<\/span> deja bien claro que justica ante esta enorme p\u00e9rdida significa: encontrar a quienes la asesinaron, a quienes mandaron a asesinarla y denunciar la estructura criminal que permiti\u00f3 su asesinato. Significa que la labor de resistencia, de emancipaci\u00f3n, de rebeld\u00eda del <span class=\"caps\">COPINH<\/span> y del pueblo lenca se mantenga. Significa esa lucha incansable en contra de este sistema econ\u00f3mico pol\u00edtico, cultural que busca la eliminaci\u00f3n de las comunidades, de su resistencias ancestrales y alternativas al despojo, explotaci\u00f3n, racismo y exclusi\u00f3n.<br \/>\n\u00b7 Justicia es mantener viva la memoria de la vida de Berta, de sus convicciones, de lo que la llev\u00f3 a ser la m\u00e1s grande lideresa del pueblo lenca y que es la historia de resistencia de pueblo lenca. Justicia es decirles claramente a las empresas, a los representantes del Estado y a todos los que entren a este territorio lenca que no se va a permitir el desarrollo de ning\u00fan tipo de proyecto, ni de acci\u00f3n, ni de actividad que pase por encima de la gente o que supongan la eliminaci\u00f3n de nuestras voces. Es buscar el desarrollo de las comunidades y NO de empresas que se aprovechan de las comunidades, del desarrollo basado en las propuestas que surja desde nuestras necesidades.<\/p>\n<p>A 6 meses de este vil crimen el pueblo lenca sigue llorando esta p\u00e9rdida para la lucha social en Honduras, sin embargo no olvidamos que su esp\u00edritu nos acompa\u00f1a como una ancestra m\u00e1s que se suma a la resistencia milenaria del pueblo Lenca. A 6 meses de este asesinato miles de voces se han alzado para exigir Justicia Para Berta y respaldar nuestras demandas, gesto que <span class=\"caps\">COPINH<\/span> agradece profundamente a las comunidades, los movimientos sociales y populares y a la sociedad civil de todas la regiones del continente y del mundo. Como pueblo de lucha sabemos que la justicia llegar\u00e1 solamente por los esfuerzos del movimiento social y popular, y de la poblaci\u00f3n consciente.<\/p>\n<p>\u00a1Berta no muri\u00f3, se multiplic\u00f3!<br \/>\n\u00a1Con la fuerza ancestral de Berta, Lempira, Mota, Iselaca y Etempica se levantan nuestras voces llenas de vida, justicia, libertad, dignidad y paz!<\/p>\n<p>Dado en la Ciudad de La Esperanza a los 2 d\u00edas del mes de septiembre del a\u00f1o 2016.<\/p>\n","protected":false},"excerpt":{"rendered":"<p>Difundimos Comunicado: El Consejo C\u00edvico de Organizaciones Populares e Ind\u00edgenas de Honduras a 6 meses del asesinato de la Coordinadora General de COPINHcomunica lo siguiente: \u00b7 Con el asesinato de quien fung\u00eda como Coordinadora General de COPINH, miembra fundadora de esta organizaci\u00f3n, se ha cometido un crimen contra todo el pueblo Lenca que lucha por [&hellip;]<\/p>\n","protected":false},"author":4,"featured_media":2556,"comment_status":"open","ping_status":"open","sticky":false,"template":"","format":"standard","meta":{"_monsterinsights_skip_tracking":false,"_monsterinsights_sitenote_active":false,"_monsterinsights_sitenote_note":"","_monsterinsights_sitenote_category":0,"jnews-multi-image_gallery":[],"jnews_single_post":[],"jnews_primary_category":[],"_joinchat":[],"footnotes":""},"categories":[76],"tags":[],"class_list":["post-2555","post","type-post","status-publish","format-standard","has-post-thumbnail","hentry","category-salud-comunitaria"],"_links":{"self":[{"href":"http:\/\/fmriachuelo.it10.com.ar\/index.php\/wp-json\/wp\/v2\/posts\/2555","targetHints":{"allow":["GET"]}}],"collection":[{"href":"http:\/\/fmriachuelo.it10.com.ar\/index.php\/wp-json\/wp\/v2\/posts"}],"about":[{"href":"http:\/\/fmriachuelo.it10.com.ar\/index.php\/wp-json\/wp\/v2\/types\/post"}],"author":[{"embeddable":true,"href":"http:\/\/fmriachuelo.it10.com.ar\/index.php\/wp-json\/wp\/v2\/users\/4"}],"replies":[{"embeddable":true,"href":"http:\/\/fmriachuelo.it10.com.ar\/index.php\/wp-json\/wp\/v2\/comments?post=2555"}],"version-history":[{"count":0,"href":"http:\/\/fmriachuelo.it10.com.ar\/index.php\/wp-json\/wp\/v2\/posts\/2555\/revisions"}],"wp:featuredmedia":[{"embeddable":true,"href":"http:\/\/fmriachuelo.it10.com.ar\/index.php\/wp-json\/"}],"wp:attachment":[{"href":"http:\/\/fmriachuelo.it10.com.ar\/index.php\/wp-json\/wp\/v2\/media?parent=2555"}],"wp:term":[{"taxonomy":"category","embeddable":true,"href":"http:\/\/fmriachuelo.it10.com.ar\/index.php\/wp-json\/wp\/v2\/categories?post=2555"},{"taxonomy":"post_tag","embeddable":true,"href":"http:\/\/fmriachuelo.it10.com.ar\/index.php\/wp-json\/wp\/v2\/tags?post=2555"}],"curies":[{"name":"wp","href":"https:\/\/api.w.org\/{rel}","templated":true}]}}