{"id":2541,"date":"2016-09-03T13:17:41","date_gmt":"2016-09-03T13:17:41","guid":{"rendered":"http:\/\/fmriachuelo.com.ar\/ljkjklj\/?p=2541"},"modified":"2016-09-03T13:17:41","modified_gmt":"2016-09-03T13:17:41","slug":"marcha-federal-contra-el-ajuste","status":"publish","type":"post","link":"http:\/\/fmriachuelo.it10.com.ar\/index.php\/2016\/09\/03\/marcha-federal-contra-el-ajuste\/","title":{"rendered":"MARCHA FEDERAL CONTRA EL AJUSTE"},"content":{"rendered":"<p style=\"text-align: justify\">[FMR 03\/09\/16] Ayer por la tarde, un Pueblo movilizado eligi\u00f3 el cierre de la Marcha Federal en Plaza de Mayo para expresar con contundencia y masividad el rechazo a las pol\u00edticas de ajuste de Macri y la necesidad de avanzar urgente en un proceso de unidad del campo popular. <span style=\"color: #ff0000\"><strong>FM Riachuelo<\/strong> <\/span>acompa\u00f1\u00f3 la convocatoria, desde la columna de la Confederaci\u00f3n de Trabajadores de la Econom\u00eda Popular (CTEP), \u00a0que sum\u00f3 a la plaza miles de trabajadores de la Econom\u00eda Popular que vienen siendo duramente afectados por medidas como: \u00a0el tarifazo, la persecuci\u00f3n y represi\u00f3n a los trabajadores de la v\u00eda p\u00fablica, y la baja de la actividad econ\u00f3mica en general. La convocatoria tambi\u00e9n cont\u00f3 con un diverso y activo apoyo de sindicatos de las centrales sindicales: de la Confederaci\u00f3n de Trabajadores de la Argenitna, CTA, \u00a0Aut\u00f3noma y de Los Trabajadores. Se destac\u00f3 la amplia participaci\u00f3n de los trabajadores docentes, una decidida participaci\u00f3n de los gremios de la Corriente Federal de los Trabajadores y de varios sindicatos de la CGT.<\/p>\n<p style=\"text-align: justify\"><img loading=\"lazy\" decoding=\"async\" class=\"size-thumbnail wp-image-2547 alignright\" src=\"http:\/\/fmriachuelo.com.ar\/ljkjklj\/wp-content\/uploads\/2016\/09\/WhatsApp-Image-2016-09-03-at-12.06.31-150x150.jpeg\" alt=\"WhatsApp Image 2016-09-03 at 12.06.31\" width=\"150\" height=\"150\" \/><\/p>\n<div style=\"text-align: justify\"><a href=\"https:\/\/soundcloud.com\/prensa-fm-riachuelo\/20160902-gringo-castro-porque-marcha-hoy-la-ctep-1?in=prensa-fm-riachuelo\/sets\/20160902-marcha-federal\">Esteban Gringo Castro, Secretario General de la CTEP<\/a>, fue preciso al se\u00f1alar el compromiso de los trabajadores de la Econom\u00eda Popular y su organizaci\u00f3n: \u00abvamos a estar en todas las luchas, de todos los trabajadores, contra los procesos de concentraci\u00f3n econ\u00f3mica que nos dejan afuera\u00bb. En el mismo sentido\u00a0<a href=\"https:\/\/soundcloud.com\/prensa-fm-riachuelo\/20160902-jaquelina-flores-mte-ctep-1?in=prensa-fm-riachuelo\/sets\/20160902-marcha-federal\">Jacquelina Flores, referente del Movimiento de Trabajadores Excluidos<\/a> que organiza a los trabajadores cartoneros, expres\u00f3: \u00abnos organizamos y construimos la CTEP justamente para poder plantarnos y decirle a los poderosos que no queremos ser mano de obra barata de nadie, para eso estamos ac\u00e1 hoy tambi\u00e9n\u00bb.<\/div>\n<div style=\"text-align: justify\"><\/div>\n<div style=\"text-align: justify\">La preocupaci\u00f3n por el trabajo y la situaci\u00f3n econ\u00f3mica desatada por el macrismo no es el \u00fanico aspecto presente en la agenda de la CTEP, sino tambi\u00e9n la vocaci\u00f3n de aportar a un proceso de unidad del campo popular \u00a0necesario para poder torcer el rumbo de crisis social que el gobierno est\u00e1 decidido a emprender. Al respecto, <a href=\"https:\/\/soundcloud.com\/prensa-fm-riachuelo\/20160902-lito-borello-osplp-1?in=prensa-fm-riachuelo\/sets\/20160902-marcha-federal\">Lito Borello, Coordinador Nacional de la Organizaci\u00f3n Social y Pol\u00edtica Los Pibes<\/a>, se\u00f1al\u00f3: \u00abHoy m\u00e1s que nunca reafirmamos que la unidad es urgente. Requiere la actitud y la generosidad de entender que no necesitamos lograr un denominador com\u00fan sino lograr entender que tenemos que estar todos juntos y que cada uno de nuestros matices aportan y hacen crecer el movimiento. Ser\u00e1 la lucha la que determine luego el rol que nos tocar\u00e1 a cada uno.\u00bb<\/div>\n<div style=\"text-align: justify\">\u00a0<img loading=\"lazy\" decoding=\"async\" class=\" wp-image-2543 alignleft\" src=\"http:\/\/fmriachuelo.com.ar\/ljkjklj\/wp-content\/uploads\/2016\/09\/46c0e825-7468-4cfd-8ced-e44163bae0f1-150x150.jpg\" alt=\"46c0e825-7468-4cfd-8ced-e44163bae0f1\" width=\"151\" height=\"151\" \/><\/div>\n<div>\n<div style=\"text-align: justify\">Otro tema que se destac\u00f3 en la agenda de la CTEP fue el de la vivienda, a partir de la inminente presentaci\u00f3n en el Congreso de un proyecto de nacionalizaci\u00f3n de la Ley 341 de \u00abConstrucci\u00f3n de Vivienda por Autogesti\u00f3n y Ayuda Mutua\u00bb de la C.A.B.A.. <strong><span style=\"color: #ff0000\">FM Riachuelo<\/span><\/strong> pudo conversar con <a href=\"https:\/\/soundcloud.com\/prensa-fm-riachuelo\/20160902-rafael-klezjer-mpld-shv-ctep-vivienda-1?in=prensa-fm-riachuelo\/sets\/20160902-marcha-federal\">Rafael Klejzer, Secretario de Vivienda y Habitat Popular de la CTEP<\/a> quien afirm\u00f3 que \u00absi los\u00a0compa\u00f1eros y trabajadores de la Econom\u00eda Popular nos movilizamos y presionamos al Congreso lograr\u00edamos una Ley muy importante para el pa\u00eds\u00bb. Sobre el tema tambi\u00e9n acot\u00f3 <a href=\"https:\/\/soundcloud.com\/prensa-fm-riachuelo\/20160902-leo-groso-dipnac-mov-evita-sobre-vivienda-1?in=prensa-fm-riachuelo\/sets\/20160902-marcha-federal\">Leonardo Grosso, Diputado Nacional por el Movimiento Evita<\/a>, quien tendr\u00e1 junto con otros legisladores la responsabilidad de pelear por la Ley en el recinto: \u00abvamos a militar y a convencer a los legisladores para que la Ley salga. La alianza de gobierno deja afuera los intereses de las mayor\u00edas populares y el tema de la vivienda es uno central\u00bb.<\/div>\n<div style=\"text-align: justify\"><\/div>\n<div style=\"text-align: justify\">El cierre de la movilizaci\u00f3n estuvo a cargo de los secretarios generales de las dos centrales de la Confederaci\u00f3n de Trabajadores de la Argentina, CTA:\u00a0\u00a0Pablo Miceli, por la Aut\u00f3noma, y Hugo Yasky, \u00a0de los Trabajadores. Ambos coincidieron en sus intervenciones en\u00a0destacar la alusi\u00f3n \u00a0a una demanda en com\u00fan, que tambi\u00e9n circulaba entre los c\u00e1nticos y consignas que merodeaban por la Plaza de Mayo, \u00a0que marcar\u00eda el pr\u00f3ximo escal\u00f3n en la lucha de todos los trabajadores: <strong>\u00ab\u00a1Paro Nacional Ya!\u00bb<\/strong><\/div>\n<\/div>\n","protected":false},"excerpt":{"rendered":"<p>[FMR 03\/09\/16] Ayer por la tarde, un Pueblo movilizado eligi\u00f3 el cierre de la Marcha Federal en Plaza de Mayo para expresar con contundencia y masividad el rechazo a las pol\u00edticas de ajuste de Macri y la necesidad de avanzar urgente en un proceso de unidad del campo popular. FM Riachuelo acompa\u00f1\u00f3 la convocatoria, desde [&hellip;]<\/p>\n","protected":false},"author":4,"featured_media":2544,"comment_status":"open","ping_status":"open","sticky":false,"template":"","format":"standard","meta":{"_monsterinsights_skip_tracking":false,"_monsterinsights_sitenote_active":false,"_monsterinsights_sitenote_note":"","_monsterinsights_sitenote_category":0,"jnews-multi-image_gallery":[],"jnews_single_post":[],"jnews_primary_category":[],"_joinchat":[],"footnotes":""},"categories":[76],"tags":[],"class_list":["post-2541","post","type-post","status-publish","format-standard","has-post-thumbnail","hentry","category-salud-comunitaria"],"_links":{"self":[{"href":"http:\/\/fmriachuelo.it10.com.ar\/index.php\/wp-json\/wp\/v2\/posts\/2541","targetHints":{"allow":["GET"]}}],"collection":[{"href":"http:\/\/fmriachuelo.it10.com.ar\/index.php\/wp-json\/wp\/v2\/posts"}],"about":[{"href":"http:\/\/fmriachuelo.it10.com.ar\/index.php\/wp-json\/wp\/v2\/types\/post"}],"author":[{"embeddable":true,"href":"http:\/\/fmriachuelo.it10.com.ar\/index.php\/wp-json\/wp\/v2\/users\/4"}],"replies":[{"embeddable":true,"href":"http:\/\/fmriachuelo.it10.com.ar\/index.php\/wp-json\/wp\/v2\/comments?post=2541"}],"version-history":[{"count":0,"href":"http:\/\/fmriachuelo.it10.com.ar\/index.php\/wp-json\/wp\/v2\/posts\/2541\/revisions"}],"wp:featuredmedia":[{"embeddable":true,"href":"http:\/\/fmriachuelo.it10.com.ar\/index.php\/wp-json\/"}],"wp:attachment":[{"href":"http:\/\/fmriachuelo.it10.com.ar\/index.php\/wp-json\/wp\/v2\/media?parent=2541"}],"wp:term":[{"taxonomy":"category","embeddable":true,"href":"http:\/\/fmriachuelo.it10.com.ar\/index.php\/wp-json\/wp\/v2\/categories?post=2541"},{"taxonomy":"post_tag","embeddable":true,"href":"http:\/\/fmriachuelo.it10.com.ar\/index.php\/wp-json\/wp\/v2\/tags?post=2541"}],"curies":[{"name":"wp","href":"https:\/\/api.w.org\/{rel}","templated":true}]}}