{"id":254,"date":"2015-07-14T13:00:00","date_gmt":"2015-07-14T13:00:00","guid":{"rendered":"http:\/\/fmriachuelo.observatorioess.org.ar\/index.php\/2015\/07\/14\/solidaridad-con-los-lideres-y-liderezas-de-las-organizaciones-populares-en-colombia\/"},"modified":"2025-04-23T15:40:31","modified_gmt":"2025-04-23T18:40:31","slug":"solidaridad-con-los-lideres-y-liderezas-de-las-organizaciones-populares-en-colombia","status":"publish","type":"post","link":"http:\/\/fmriachuelo.it10.com.ar\/index.php\/2015\/07\/14\/solidaridad-con-los-lideres-y-liderezas-de-las-organizaciones-populares-en-colombia\/","title":{"rendered":"SOLIDARIDAD CON LOS L\u00cdDERES Y LIDEREZAS DE LAS ORGANIZACIONES POPULARES EN COLOMBIA"},"content":{"rendered":"<p><span style=\"color: red;font-family: Verdana, sans-serif;font-size: large\"><b>PAZ CON JUSTICIA SOCIAL PARA COLOMBIA Y AM\u00c9RICA LATINA<\/b><\/span><\/p>\n<div style=\"clear: both;text-align: center\"><a href=\"http:\/\/2.bp.blogspot.com\/-okvxpX4PtnY\/VaO71G_iSuI\/AAAAAAAAFXI\/DwvdcICjQZk\/s1600\/solidaridad-con-lideres-sociales-620x400.jpg\" style=\"clear: left;float: left;margin-bottom: 1em;margin-right: 1em\"><img loading=\"lazy\" decoding=\"async\" border=\"0\" height=\"128\" src=\"http:\/\/2.bp.blogspot.com\/-okvxpX4PtnY\/VaO71G_iSuI\/AAAAAAAAFXI\/DwvdcICjQZk\/s200\/solidaridad-con-lideres-sociales-620x400.jpg\" width=\"200\" \/><\/a><\/div>\n<div style=\"text-align: justify\"><span style=\"font-family: Verdana, sans-serif\">Difundimos comunicado:<\/span><br \/><span style=\"font-family: Verdana, sans-serif\">Las organizaciones de Argentina abajo firmantes queremos expresar nuestro m\u00e1s en\u00e9rgico repudio a las detenciones de 13 compa\u00f1eros y compa\u00f1eras que hacen parte del movimiento social Congreso de los Pueblos en la hermana Rep\u00fablica de Colombia.<\/span><br \/><a name='more'><\/a><span style=\"font-family: Verdana, sans-serif\"> Ocurridos el d\u00eda 8 de Julio en distintos puntos de la ciudad de Bogot\u00e1 de manera simult\u00e1nea en un operativo policial, acusados de tener relaci\u00f3n con los atentados ocurridos en la semana anterior.Las declaraciones del Gobierno Nacional, de la Fiscal\u00eda General de la Naci\u00f3n y de distintas autoridades de distrito imputando a los detenidos como culpables, constituyen una violaci\u00f3n al derecho del debido proceso, desconociendo la presunci\u00f3n de inocencia que prima en cualquier circunstancia jur\u00eddica como lo establecen m\u00faltiples Tratados Internaciones de Derechos Humanos.<\/span><br \/><span style=\"font-family: Verdana, sans-serif\">La ausencia de debido proceso, los falsos positivos judiciales (montajes judiciales) y las constantes detenciones ilegales son s\u00f3lo algunos de los ejemplos de la reiterada persecuci\u00f3n pol\u00edtica y criminalizaci\u00f3n que sufren las organizaciones populares en Colombia, pa\u00eds que cuenta con 9500 presos pol\u00edticos.&nbsp; <br \/>Estos hechos, junto a los recientes asesinatos de 26 personas en la zona del Cauca y las amenazas a estudiantes de la Universidad Nacional y miembros de medios de comunicaci\u00f3n alternativa, entre otras situaciones, constituyen inaceptables violaciones a los derechos humanos y al derecho democr\u00e1tico de participaci\u00f3n pol\u00edtica que dificultan el avance del Proceso de Paz para terminar con el conflicto armado, pol\u00edtico, econ\u00f3mico y social que hace m\u00e1s de 50 a\u00f1os existe en Colombia.<\/span><br \/><span style=\"font-family: Verdana, sans-serif\">La solidaridad entre los pueblos de Am\u00e9rica Latina es siempre la prioridad en la construcci\u00f3n de nuestra patria grande, y en esta oportunidad queremos expresar nuestra m\u00e1s profunda solidaridad desde Argentina con los compa\u00f1eros y las compa\u00f1eras detenidas en Colombia, que son importantes referentes de las organizaciones sociales, periodistas, estudiantes y hasta contratistas del Gobierno en Bogot\u00e1, y con la lucha incansable de su pueblo para lograr la paz con justicia social.<br \/>Convocamos a todos y todas a concentrarnos el Martes 14 de Julio a las 12 hs. en la Embajada de la Rep\u00fablica de Colombia (Carlos Pellegrini 1363).<br \/><span style=\"color: red\"><b>SOLIDARIDAD CON LOS L\u00cdDERES Y LIDEREZAS DE LAS ORGANIZACIONES POPULARES EN COLOMBIA<br \/>BASTA DE PERSECUCI\u00d3N POL\u00cdTICA Y DE FALSOS POSITIVOS JUDICIALES<\/b><\/span><\/span><\/p>\n<p><span style=\"font-family: Verdana\"><\/span><br \/><span style=\"font-family: Verdana, sans-serif\"><span style=\"font-size: x-small\">Primeras firmas:<br \/> Movimiento Popular Seamos Libres<br \/> Frente Popular Dar\u00edo Santill\u00e1n<br \/> Equipo de Educaci\u00f3n Popular Pa\u00f1uelos en Rebeld\u00eda<br \/>Resumen Latinoamericano<br \/> MPR Quebracho<br \/> Movimiento Popular Patria Grande<br \/>Congreso de los Pueblos cap\u00edtulo Argentina<br \/>Marcha patri\u00f3tica cap\u00edtulo Argentina<br \/> Centro de Investigaci\u00f3n y Formaci\u00f3n de Movimientos Sociales Latinoamericanos (CIFMSL)<br \/> OLP &#8211; La Sim\u00f3n Bol\u00edvar<br \/>Tinto, mate y resistencia<br \/> Movimiento por la Unidad Latinoamericana y el Cambio Social (MULCS)<br \/>Movimiento Popular La Dignidad MPLD<br \/>Organizaci\u00f3n Social y Pol\u00edtica Los Pibes<br \/>FM Riachuelo.<\/p>\n<p><span style=\"color: #0b5394\"><b>PRODUCCI\u00d3N RIACHUELO<\/b><\/span><\/span><\/span><\/div>\n","protected":false},"excerpt":{"rendered":"<p>PAZ CON JUSTICIA SOCIAL PARA COLOMBIA Y AM\u00c9RICA LATINA Difundimos comunicado:Las organizaciones de Argentina abajo firmantes queremos expresar nuestro m\u00e1s en\u00e9rgico repudio a las detenciones de 13 compa\u00f1eros y compa\u00f1eras que hacen parte del movimiento social Congreso de los Pueblos en la hermana Rep\u00fablica de Colombia. Ocurridos el d\u00eda 8 de Julio en distintos puntos [&hellip;]<\/p>\n","protected":false},"author":4,"featured_media":0,"comment_status":"open","ping_status":"open","sticky":false,"template":"","format":"standard","meta":{"_monsterinsights_skip_tracking":false,"_monsterinsights_sitenote_active":false,"_monsterinsights_sitenote_note":"","_monsterinsights_sitenote_category":0,"jnews-multi-image_gallery":[],"jnews_single_post":{"format":"standard"},"jnews_primary_category":[],"_joinchat":[],"footnotes":""},"categories":[58],"tags":[70],"class_list":["post-254","post","type-post","status-publish","format-standard","hentry","category-noticiariachuelo","tag-de-la-patria-grande"],"_links":{"self":[{"href":"http:\/\/fmriachuelo.it10.com.ar\/index.php\/wp-json\/wp\/v2\/posts\/254","targetHints":{"allow":["GET"]}}],"collection":[{"href":"http:\/\/fmriachuelo.it10.com.ar\/index.php\/wp-json\/wp\/v2\/posts"}],"about":[{"href":"http:\/\/fmriachuelo.it10.com.ar\/index.php\/wp-json\/wp\/v2\/types\/post"}],"author":[{"embeddable":true,"href":"http:\/\/fmriachuelo.it10.com.ar\/index.php\/wp-json\/wp\/v2\/users\/4"}],"replies":[{"embeddable":true,"href":"http:\/\/fmriachuelo.it10.com.ar\/index.php\/wp-json\/wp\/v2\/comments?post=254"}],"version-history":[{"count":1,"href":"http:\/\/fmriachuelo.it10.com.ar\/index.php\/wp-json\/wp\/v2\/posts\/254\/revisions"}],"predecessor-version":[{"id":23766,"href":"http:\/\/fmriachuelo.it10.com.ar\/index.php\/wp-json\/wp\/v2\/posts\/254\/revisions\/23766"}],"wp:attachment":[{"href":"http:\/\/fmriachuelo.it10.com.ar\/index.php\/wp-json\/wp\/v2\/media?parent=254"}],"wp:term":[{"taxonomy":"category","embeddable":true,"href":"http:\/\/fmriachuelo.it10.com.ar\/index.php\/wp-json\/wp\/v2\/categories?post=254"},{"taxonomy":"post_tag","embeddable":true,"href":"http:\/\/fmriachuelo.it10.com.ar\/index.php\/wp-json\/wp\/v2\/tags?post=254"}],"curies":[{"name":"wp","href":"https:\/\/api.w.org\/{rel}","templated":true}]}}