{"id":2538,"date":"2016-09-02T12:58:07","date_gmt":"2016-09-02T12:58:07","guid":{"rendered":"http:\/\/fmriachuelo.com.ar\/ljkjklj\/?p=2538"},"modified":"2016-09-02T12:58:07","modified_gmt":"2016-09-02T12:58:07","slug":"movimientos-sociales-en-brasil-llaman-a-condenar-el-golpe-en-latinoamerica","status":"publish","type":"post","link":"http:\/\/fmriachuelo.it10.com.ar\/index.php\/2016\/09\/02\/movimientos-sociales-en-brasil-llaman-a-condenar-el-golpe-en-latinoamerica\/","title":{"rendered":"MOVIMIENTOS SOCIALES EN BRASIL LLAMAN A CONDENAR EL GOLPE EN LATINOAMERICA"},"content":{"rendered":"<p style=\"text-align: justify\">[Resumen Latinoamericano\/La Radio del Sur \/ Aporrea.org <small>|Jueves, 01\/09\/2016 ]\u00a0<\/small>El abogado del Movimiento de los Trabajadores Rurales Sin Tierra (MST), Nei Strozake, rechaz\u00f3 este mi\u00e9rcoles la decisi\u00f3n del Senado brasile\u00f1o y explic\u00f3 que se trata de un golpe contra un proyecto por lo que llam\u00f3 a la unidad y a la movilizaci\u00f3n latinoamericana.<\/p>\n<p style=\"text-align: justify\">\u201cEn este momento es necesaria una llamada latinoamericana, para una movilizaci\u00f3n latinoamericana contra esta iniciativa que se dio en Honduras, luego en Paraguay y ahora en Brasil\u201d, opin\u00f3 el abogado tras indicar que el Senado rompi\u00f3 con los pactos internacionales y \u201crompi\u00f3 con la democracia en Brasil\u201d.<\/p>\n<div>\n<p style=\"text-align: justify\">Se trata de un golpe de Estado con implicaciones internacionales, mencion\u00f3 el entrevistado, al se\u00f1alar que el imperio tiene influencia en la votaci\u00f3n de este mi\u00e9rcoles en el Senado, donde con 61 votos se decidi\u00f3 las destituci\u00f3n de Dilma Rousseff, presidenta constitucional y electa con m\u00e1s de 54 millones de votos en 2014.<\/p>\n<p>\u201cTenemos la certeza de que el golpe \u2026 es una iniciativa internacional, del imperio, para colocar fin al proyecto en la sociedad brasilera como la distribuci\u00f3n de la riqueza en los pobres\u201d, enfatiz\u00f3 el abogado.<\/p>\n<p>Asimismo, se\u00f1al\u00f3 que los movimientos sociales, incluido en el que milita, se han organizado \u201cpara reclamar la democracia porque el d\u00eda de hoy es un d\u00eda hist\u00f3rico\u201d.<\/p>\n<p>Alert\u00f3 Nei de la posible ola de represi\u00f3n que puede haber en la naci\u00f3n, porque \u201cnosotros sabemos que despu\u00e9s de todos los golpes hay una represi\u00f3n contra grupos, movimientos sociales\u201d por la resistencia que puedan hacer en defensa de la democracia.<\/p>\n<p>\u201cA partir de hoy, con Michel Temer (de facto) tenemos en Gobierno golpista, un gobierno antidemocr\u00e1tico, un gobierno que no fue electo por el pueblo brasilero y que no merece reconocimiento de todos los pa\u00edses democr\u00e1ticos del mundo, merece un repudio\u201d, puntualiz\u00f3.<\/p>\n<\/div>\n<p>&nbsp;<\/p>\n","protected":false},"excerpt":{"rendered":"<p>[Resumen Latinoamericano\/La Radio del Sur \/ Aporrea.org |Jueves, 01\/09\/2016 ]\u00a0El abogado del Movimiento de los Trabajadores Rurales Sin Tierra (MST), Nei Strozake, rechaz\u00f3 este mi\u00e9rcoles la decisi\u00f3n del Senado brasile\u00f1o y explic\u00f3 que se trata de un golpe contra un proyecto por lo que llam\u00f3 a la unidad y a la movilizaci\u00f3n latinoamericana. \u201cEn este [&hellip;]<\/p>\n","protected":false},"author":4,"featured_media":2539,"comment_status":"open","ping_status":"open","sticky":false,"template":"","format":"standard","meta":{"_monsterinsights_skip_tracking":false,"_monsterinsights_sitenote_active":false,"_monsterinsights_sitenote_note":"","_monsterinsights_sitenote_category":0,"jnews-multi-image_gallery":[],"jnews_single_post":[],"jnews_primary_category":[],"_joinchat":[],"footnotes":""},"categories":[76],"tags":[],"class_list":["post-2538","post","type-post","status-publish","format-standard","has-post-thumbnail","hentry","category-salud-comunitaria"],"_links":{"self":[{"href":"http:\/\/fmriachuelo.it10.com.ar\/index.php\/wp-json\/wp\/v2\/posts\/2538","targetHints":{"allow":["GET"]}}],"collection":[{"href":"http:\/\/fmriachuelo.it10.com.ar\/index.php\/wp-json\/wp\/v2\/posts"}],"about":[{"href":"http:\/\/fmriachuelo.it10.com.ar\/index.php\/wp-json\/wp\/v2\/types\/post"}],"author":[{"embeddable":true,"href":"http:\/\/fmriachuelo.it10.com.ar\/index.php\/wp-json\/wp\/v2\/users\/4"}],"replies":[{"embeddable":true,"href":"http:\/\/fmriachuelo.it10.com.ar\/index.php\/wp-json\/wp\/v2\/comments?post=2538"}],"version-history":[{"count":0,"href":"http:\/\/fmriachuelo.it10.com.ar\/index.php\/wp-json\/wp\/v2\/posts\/2538\/revisions"}],"wp:featuredmedia":[{"embeddable":true,"href":"http:\/\/fmriachuelo.it10.com.ar\/index.php\/wp-json\/"}],"wp:attachment":[{"href":"http:\/\/fmriachuelo.it10.com.ar\/index.php\/wp-json\/wp\/v2\/media?parent=2538"}],"wp:term":[{"taxonomy":"category","embeddable":true,"href":"http:\/\/fmriachuelo.it10.com.ar\/index.php\/wp-json\/wp\/v2\/categories?post=2538"},{"taxonomy":"post_tag","embeddable":true,"href":"http:\/\/fmriachuelo.it10.com.ar\/index.php\/wp-json\/wp\/v2\/tags?post=2538"}],"curies":[{"name":"wp","href":"https:\/\/api.w.org\/{rel}","templated":true}]}}