{"id":2535,"date":"2016-09-01T13:20:53","date_gmt":"2016-09-01T13:20:53","guid":{"rendered":"http:\/\/fmriachuelo.com.ar\/ljkjklj\/?p=2535"},"modified":"2016-09-01T13:20:53","modified_gmt":"2016-09-01T13:20:53","slug":"marcha-federal-contra-los-despidos-los-tarifazos-y-el-ajuste","status":"publish","type":"post","link":"http:\/\/fmriachuelo.it10.com.ar\/index.php\/2016\/09\/01\/marcha-federal-contra-los-despidos-los-tarifazos-y-el-ajuste\/","title":{"rendered":"MARCHA FEDERAL, CONTRA LOS DESPIDOS, LOS TARIFAZOS Y EL AJUSTE"},"content":{"rendered":"<p>[Marcha, Por Demi\u00e1n Garc\u00eda]<i>\u00a0Frente al ajuste macrista, trabajadores y trabajdoras de todo el pa\u00eds se congregan en la Marcha Federal.<\/i><\/p>\n<p style=\"text-align: justify\">Mientras escribimos estas l\u00edneas se estar\u00e1 desarrollando una nueva movilizaci\u00f3n contra el plan de ajuste del Gobierno. Esta vez, es el turno de la Marcha Federal, convocada por la CTA de los Trabajadores (Hugo Yasky), un sector de la CTA Aut\u00f3noma (el que se encolumna detr\u00e1s de Pablo Micheli), la Corriente Sindical Federal (que agrupa a algunos sindicatos de la CGT), y la Bancaria. El momento de mayor masividad de esta convocatoria ser\u00e1 la movilizaci\u00f3n del viernes 2 de septiembre en la Plaza de Mayo, que espera aglutinar miles de trabajadores y trabajadoras estatales, docentes, docentes universitarios, y tambi\u00e9n del sector privado (bancarios, trabajadores\/as del neum\u00e1tico, trabajadores\/as de prensa, incluso desde Camioneros confirmaron que participar\u00e1n con una delegaci\u00f3n).<\/p>\n<p style=\"text-align: justify\">La movilizaci\u00f3n ha comenzado el mi\u00e9rcoles 31 de agosto con concentraciones y actos en Mendoza, San Salvador de Jujuy, Comodoro Rivadavia y otras ciudades de varias provincias del pa\u00eds. Hoy se realizar\u00e1n nuevos actos en el trayecto de esas columnas hacia la Ciudad Aut\u00f3noma de Buenos Aires, en C\u00f3rdoba (las columnas del Oeste), Rosario (las columnas del Norte) y Mar del Plata (aquellas provenientes del Sur).<\/p>\n<p>Este despliegue lleva la impronta de la movilizaci\u00f3n que en 1994 realizaron tambi\u00e9n desde la CTA frente al gobierno de Menem y su plan de ajuste neoliberal, tambi\u00e9n con el aditamento de algunos sindicatos de la CGT enrolados en el MTA.<\/p>\n<p>Esta movilizaci\u00f3n llega en un momento donde el macrismo viene de recibir una zancadilla en una ficha clave en su plan de ajuste, con el fallo de la Corte contra el tarifazo del gas. Abonar\u00e1 a debilitar a\u00fan m\u00e1s esa estrategia de ajuste.<\/p>\n<p>Adem\u00e1s, el gobierno tambi\u00e9n acusa el desgaste producido por las movilizaciones multitudinarias que han tomado las calles de la CABA al menos una vez por mes desde febrero, resistiendo distintas pol\u00edticas antipopulares. En esas convocatorias, las expresiones de las organizaciones de las y los trabajadores han sido centrales, sea para movilizar contra los despidos de estatales como el 24 de febrero (con ATE a la cabeza), o contra el ajuste en la Educaci\u00f3n p\u00fablica el 12 de mayo (con la CONADU Hist\u00f3rica como promotor principal junto a otros sindicatos universitarios). Una menci\u00f3n especial merece la convocatoria de las 3 CGTs y las CTAs del 29 de abril, donde se expidieron en una jornada de lucha hist\u00f3rica a favor de la ley antidespidos, que luego fue vetada sin pena ni gloria, exceptuando una movilizaci\u00f3n de la CTA en rechazo al veto. Ese silencio c\u00f3mplice al ajuste de las direcciones de la CGT contrasta con la actividad que trabajadores y trabajadoras vienen desplegando por la base en distintos sectores de trabajo, sindicatos, comisiones internas, agrupamientos sindicales diversos.<\/p>\n<p>La convocatoria de la CTA va a expresar en la calle la resistencia al ajuste, desde las diferentes perspectivas pol\u00edticas en las que se agrupan hoy en d\u00eda los trabajadores\/as, que proyectan tambi\u00e9n diferentes estrategias a futuro. As\u00ed, un sector de los convocantes pretende hacer bandera de una resistencia pol\u00edtica al ajuste en pos de un retorno de Cristina Kirchner en el 2019, mientras que el grueso principal de los trabajadores\/as que se movilicen lo har\u00e1n por sus propias reivindicaciones en la lucha.<\/p>\n<p><b>De ausencias y matices<\/b><\/p>\n<p>Algunos sectores que se encuentran en disputa por el aparato pol\u00edtico sindical de la CTA Aut\u00f3noma, aquellos que responden a Victor Degenaro y Cachorro Godoy han hecho silencio ante esta convocatoria, sumando un elemento de disgregaci\u00f3n a un panorama donde la necesidad de movilizar est\u00e1 m\u00e1s presente que nunca.<\/p>\n<p>Por otro lado, habr\u00e1 distintas iniciativas de diferenciaci\u00f3n -sin abandonar la calle- por parte de otros sectores combativos, sea confluyendo en una columna autodenominada independiente (SUTNA, AGD UBA, SUTEBAs Combativos, partidos que componen el FIT, etc.) o con consignas propias en las columnas de cada sindicato, expresando la necesidad de un plan de lucha, salario m\u00ednimo igual a la canasta familiar, y la necesidad de bregar por la mayor unidad posible (como solo es posible planteando la independencia pol\u00edtica de las organizaciones sindicales convocantes). Algunas expresiones sindicales combativas no alineadas a partidos del FIT expresan esta tendencia, como Rompiendo Cadenas, o las conducciones de sindicatos o Comisiones Internas que le dar\u00e1n el mayor valor a expresar el rechazo al ajuste antes que a la diferenciaci\u00f3n pol\u00edtica.<\/p>\n<p>En este marco, la convocatoria por parte de los organizadores (CTA-T) a que haya actos regionales donde funcionarios pol\u00edticos del PJ tengan tribuna, o darle micr\u00f3fono a sectores de la iglesia cat\u00f3lica, aparece casi como una provocaci\u00f3n atentando contra una mayor unidad, del mismo modo que las convocatorias a sectores patronales nacionales. Esa articulaci\u00f3n parece expresar con claridad el plan pol\u00edtico de reagrupamiento de un sector del peronismo. A\u00fan as\u00ed, no evitar\u00e1n que se hagan presentes en la movilizaci\u00f3n otras tendencias con otros proyectos peronistas como el Movimiento Evita.<\/p>\n<p>Ser\u00e1 sin duda una jornada importante para volver a expresar esa fuerza con la que contamos los trabajadores y trabajadoras, que si se pudiera desplegar podr\u00eda hacer posible la derrota de este ajuste brutal, y por qu\u00e9 no, el avance de un proyecto pol\u00edtico propio de los trabajadores\/as.<\/p>\n<p><i>*Militante de la Corriente Politico-Sindical Rompiendo Cadenas<\/i><\/p>\n","protected":false},"excerpt":{"rendered":"<p>[Marcha, Por Demi\u00e1n Garc\u00eda]\u00a0Frente al ajuste macrista, trabajadores y trabajdoras de todo el pa\u00eds se congregan en la Marcha Federal. Mientras escribimos estas l\u00edneas se estar\u00e1 desarrollando una nueva movilizaci\u00f3n contra el plan de ajuste del Gobierno. Esta vez, es el turno de la Marcha Federal, convocada por la CTA de los Trabajadores (Hugo Yasky), [&hellip;]<\/p>\n","protected":false},"author":4,"featured_media":2536,"comment_status":"open","ping_status":"open","sticky":false,"template":"","format":"standard","meta":{"_monsterinsights_skip_tracking":false,"_monsterinsights_sitenote_active":false,"_monsterinsights_sitenote_note":"","_monsterinsights_sitenote_category":0,"jnews-multi-image_gallery":[],"jnews_single_post":[],"jnews_primary_category":[],"_joinchat":[],"footnotes":""},"categories":[76],"tags":[],"class_list":["post-2535","post","type-post","status-publish","format-standard","has-post-thumbnail","hentry","category-salud-comunitaria"],"_links":{"self":[{"href":"http:\/\/fmriachuelo.it10.com.ar\/index.php\/wp-json\/wp\/v2\/posts\/2535","targetHints":{"allow":["GET"]}}],"collection":[{"href":"http:\/\/fmriachuelo.it10.com.ar\/index.php\/wp-json\/wp\/v2\/posts"}],"about":[{"href":"http:\/\/fmriachuelo.it10.com.ar\/index.php\/wp-json\/wp\/v2\/types\/post"}],"author":[{"embeddable":true,"href":"http:\/\/fmriachuelo.it10.com.ar\/index.php\/wp-json\/wp\/v2\/users\/4"}],"replies":[{"embeddable":true,"href":"http:\/\/fmriachuelo.it10.com.ar\/index.php\/wp-json\/wp\/v2\/comments?post=2535"}],"version-history":[{"count":0,"href":"http:\/\/fmriachuelo.it10.com.ar\/index.php\/wp-json\/wp\/v2\/posts\/2535\/revisions"}],"wp:featuredmedia":[{"embeddable":true,"href":"http:\/\/fmriachuelo.it10.com.ar\/index.php\/wp-json\/"}],"wp:attachment":[{"href":"http:\/\/fmriachuelo.it10.com.ar\/index.php\/wp-json\/wp\/v2\/media?parent=2535"}],"wp:term":[{"taxonomy":"category","embeddable":true,"href":"http:\/\/fmriachuelo.it10.com.ar\/index.php\/wp-json\/wp\/v2\/categories?post=2535"},{"taxonomy":"post_tag","embeddable":true,"href":"http:\/\/fmriachuelo.it10.com.ar\/index.php\/wp-json\/wp\/v2\/tags?post=2535"}],"curies":[{"name":"wp","href":"https:\/\/api.w.org\/{rel}","templated":true}]}}