{"id":2531,"date":"2016-09-03T02:50:07","date_gmt":"2016-09-03T02:50:07","guid":{"rendered":"http:\/\/fmriachuelo.com.ar\/ljkjklj\/?p=2531"},"modified":"2016-09-03T02:50:07","modified_gmt":"2016-09-03T02:50:07","slug":"toma-de-caracas-solidaridad-de-los-movimientos-populares","status":"publish","type":"post","link":"http:\/\/fmriachuelo.it10.com.ar\/index.php\/2016\/09\/03\/toma-de-caracas-solidaridad-de-los-movimientos-populares\/","title":{"rendered":"\u00abTOMA DE CARACAS\u00bb: SOLIDARIDAD DE LOS MOVIMIENTOS POPULARES FRENTE A LA AMENAZA GOLPISTA"},"content":{"rendered":"<p style=\"text-align: justify\">Organizaciones sociales y pol\u00edticas en Argentina se autoconvocaron este Jueves 1\u00b0 de Septiembre a las 11 hs. a concentrarse en la Embajada para solidarizarse con el Bravo Pueblo venezolano y con el Gobierno del Presidente Maduro frente a la arremetida de la oposici\u00f3n escu\u00e1lida que pretende TOMAR CARACAS.<\/p>\n<p style=\"text-align: justify\">Entrevistamos, en el programa <span style=\"color: #ff0000\"><strong>Romp\u00e9 el Cerco Informativo<\/strong><\/span>, \u00a0a la periodista, escritora e investigadora <strong><span style=\"color: #000000\">STELLA CALLONI<\/span><\/strong> que nos traz\u00f3 un panorama sobre\u00a0la situaci\u00f3n actual en Venezuela y el orquestado avance de la derecha colonialista sobre Am\u00e9rica Latina.<\/p>\n<p style=\"text-align: justify\">Venezolanos residentes en Buenos Aires, contrarevolucionarios, amenazaron con TOMAR LA EMBAJADA.<\/p>\n<p>Por ello nos convocamos a solidarizarnos con el proceso revolucionario que lleva adelante el Presidente Nicol\u00e1s Maduro y les decimos NI LO INTENTEN<\/p>\n<p>Recordamos que ante el anuncio del CNE, sobre la inviabilidad de que se realice el revocatorio en 2016, la oposici\u00f3n se propuso convocar a una gran \u201cToma de Caracas\u201d \u00a0el 1ero de septiembre. Esta convocatoria tiene\u00a0intenciones golpistas.\u00a0El gobernador del estado Miranda, Henrique Capriles, asegur\u00f3 que el objetivo de la \u2018Toma de Caracas\u2019 es exigir el Cronograma Electoral, que incluye la recolecci\u00f3n del 20% y la realizaci\u00f3n del referendo revocatorio contra Nicol\u00e1s Maduro.<\/p>\n<p>Los pa\u00edses de la Alianza Bolivariana para los Pueblos de Nuestra Am\u00e9rica \u2013 Tratado de Comercio de los Pueblos (ALBA-TCP), expres\u00f3\u00a0por medio de\u00a0un comunicado su solidaridad con Venezuela,\u00a0ante las pretensiones de la oposici\u00f3n de derrocar al Gobierno leg\u00edtimo del presidente Nicol\u00e1s Maduro.<\/p>\n","protected":false},"excerpt":{"rendered":"<p>Organizaciones sociales y pol\u00edticas en Argentina se autoconvocaron este Jueves 1\u00b0 de Septiembre a las 11 hs. a concentrarse en la Embajada para solidarizarse con el Bravo Pueblo venezolano y con el Gobierno del Presidente Maduro frente a la arremetida de la oposici\u00f3n escu\u00e1lida que pretende TOMAR CARACAS. Entrevistamos, en el programa Romp\u00e9 el Cerco [&hellip;]<\/p>\n","protected":false},"author":4,"featured_media":2532,"comment_status":"open","ping_status":"open","sticky":false,"template":"","format":"standard","meta":{"_monsterinsights_skip_tracking":false,"_monsterinsights_sitenote_active":false,"_monsterinsights_sitenote_note":"","_monsterinsights_sitenote_category":0,"jnews-multi-image_gallery":[],"jnews_single_post":[],"jnews_primary_category":[],"_joinchat":[],"footnotes":""},"categories":[76],"tags":[],"class_list":["post-2531","post","type-post","status-publish","format-standard","has-post-thumbnail","hentry","category-salud-comunitaria"],"_links":{"self":[{"href":"http:\/\/fmriachuelo.it10.com.ar\/index.php\/wp-json\/wp\/v2\/posts\/2531","targetHints":{"allow":["GET"]}}],"collection":[{"href":"http:\/\/fmriachuelo.it10.com.ar\/index.php\/wp-json\/wp\/v2\/posts"}],"about":[{"href":"http:\/\/fmriachuelo.it10.com.ar\/index.php\/wp-json\/wp\/v2\/types\/post"}],"author":[{"embeddable":true,"href":"http:\/\/fmriachuelo.it10.com.ar\/index.php\/wp-json\/wp\/v2\/users\/4"}],"replies":[{"embeddable":true,"href":"http:\/\/fmriachuelo.it10.com.ar\/index.php\/wp-json\/wp\/v2\/comments?post=2531"}],"version-history":[{"count":0,"href":"http:\/\/fmriachuelo.it10.com.ar\/index.php\/wp-json\/wp\/v2\/posts\/2531\/revisions"}],"wp:featuredmedia":[{"embeddable":true,"href":"http:\/\/fmriachuelo.it10.com.ar\/index.php\/wp-json\/"}],"wp:attachment":[{"href":"http:\/\/fmriachuelo.it10.com.ar\/index.php\/wp-json\/wp\/v2\/media?parent=2531"}],"wp:term":[{"taxonomy":"category","embeddable":true,"href":"http:\/\/fmriachuelo.it10.com.ar\/index.php\/wp-json\/wp\/v2\/categories?post=2531"},{"taxonomy":"post_tag","embeddable":true,"href":"http:\/\/fmriachuelo.it10.com.ar\/index.php\/wp-json\/wp\/v2\/tags?post=2531"}],"curies":[{"name":"wp","href":"https:\/\/api.w.org\/{rel}","templated":true}]}}