{"id":253,"date":"2015-07-14T13:40:00","date_gmt":"2015-07-14T13:40:00","guid":{"rendered":"http:\/\/fmriachuelo.observatorioess.org.ar\/index.php\/2015\/07\/14\/colombia-libertad-amenazada\/"},"modified":"2025-04-23T15:43:31","modified_gmt":"2025-04-23T18:43:31","slug":"colombia-libertad-amenazada","status":"publish","type":"post","link":"http:\/\/fmriachuelo.it10.com.ar\/index.php\/2015\/07\/14\/colombia-libertad-amenazada\/","title":{"rendered":"COLOMBIA:  LIBERTAD AMENAZADA"},"content":{"rendered":"<div style=\"text-align: justify\"><span style=\"font-family: Verdana,sans-serif\"><span style=\"font-size: large\"><span style=\"color: red\"><b>\u00a1NO MAS FALSOS JUDICIALES!<\/b><\/span><\/span><\/span><\/div>\n<div style=\"text-align: justify\"><span style=\"font-family: Verdana,sans-serif\">EL ESTADO COLOMBIANO Y LA VIEJA COSTUMBRE DE LAS CAUSAS ARMADAS<\/span><\/div>\n<div style=\"clear: both;text-align: justify\"><span style=\"font-family: Verdana,sans-serif\"><span style=\"font-size: small\"><a href=\"http:\/\/3.bp.blogspot.com\/-yfd77nEBpBc\/VaUSCY6Iw9I\/AAAAAAAAFYo\/opvaIq0FqPk\/s1600\/COLOMBIA.png\" style=\"clear: left;float: left;margin-bottom: 1em;margin-right: 1em\"><img loading=\"lazy\" decoding=\"async\" border=\"0\" height=\"105\" src=\"http:\/\/3.bp.blogspot.com\/-yfd77nEBpBc\/VaUSCY6Iw9I\/AAAAAAAAFYo\/opvaIq0FqPk\/s200\/COLOMBIA.png\" width=\"200\" \/><\/a><\/span><\/span><\/div>\n<div style=\"text-align: justify\">\n<div><span style=\"font-family: Verdana,sans-serif\"><span style=\"font-size: small\">Autobombas del Ej\u00e9rcito, j\u00f3venes de barrios marginales presentados como guerrilleros, intelectuales apresados como supuestos subversivos sin pruebas. La historia de Colombia ya cuenta con suficientes casos como para saber que la detenci\u00f3n del periodista de la agencia Colombia Informa (junto a otros 14 l\u00edderes sociales) el mi\u00e9rcoles pasado es una nueva escalada contra los movimientos populares.<\/span><\/span><br \/><a name='more'><\/a><\/div>\n<p><span style=\"font-family: Verdana,sans-serif\"><span style=\"font-size: small\">El 31 de julio de 2006, poco despu\u00e9s de la reelecci\u00f3n de \u00c1lvaro Uribe (que hab\u00eda sido recibido en su primer mandato de 2002 con una ola de bombas adjudicadas a las FARC), estallaron varios artefactos explosivos en Bogot\u00e1. Un ciudadano, Jos\u00e9 Antonio Vargas, muri\u00f3 en el atentado, tambi\u00e9n adjudicado a las FARC. Pocos meses despu\u00e9s, ante las torpezas realizadas en el operativo y las evidencias irrefutables de una comisi\u00f3n investigadora, el General Mario Montoya tuvo que reconocer que las bombas hab\u00edan sido detonadas por el mismo Ej\u00e9rcito.<\/span><\/span><\/div>\n<div style=\"text-align: justify\"><span style=\"font-family: Verdana,sans-serif\"><span style=\"font-size: small\">Vargas fue reconocido por varios vecinos como un conocido indigente que hab\u00eda sido puesto en el lugar de los hechos por los militares. No era noticia nueva para Colombia, un pa\u00eds cuyos habitantes se enorgullecen de fabricar los mejores d\u00f3lares \u201cchimbos\u201d (truchos). Entre las estafas m\u00e1s conocidas del Ej\u00e9rcito colombiano est\u00e1 la bomba cluster que estall\u00f3 el 13 de diciembre de 1998 en la vereda de Santo Domingo, en la sede de las organizaciones sociales de Arauca, provocando 17 muertos (entre ellos siete ni\u00f1os) y 25 heridos. El atentado, en principio adjudicado a las FARC, luego se demostr\u00f3 que hab\u00eda sido realizado por el mismo Ej\u00e9rcito con la asesor\u00eda de un avi\u00f3n Skymaster contratado por la multinacional petrolera Oxy Petroleum, con fuertes inversiones en la regi\u00f3n.<br \/>Tambi\u00e9n en 2006, la ONU y otros organismos hab\u00edan denunciado que la Cuarta Brigada del Ej\u00e9rcito, con sede en Medell\u00edn, hab\u00eda presentado los cad\u00e1veres de 30 civiles como guerrilleros \u201cdados de baja\u201d. Es lo que los colombianos comenzar\u00edan a llamar \u201cfalsos positivos\u201d y que se incrementar\u00edan de manera escalofriante durante el gobierno de Uribe.<br \/>En 2008, 17 j\u00f3venes de Soacha (un barrio perif\u00e9rico y pobre de Bogot\u00e1) ser\u00edan presentados por el Ejercito en Oca\u00f1a, Santander (nororiente del pa\u00eds, cerca de la frontera con Venezuela) como guerrilleros ca\u00eddos en combate. El escandaloso operativo le costar\u00eda el puesto al General Mario Montoya (luego nombrado embajador en Rep\u00fablica Dominicana). \u201cYo no soy una persona estudiada ni nada por el estilo. He aprendido que nos violan nuestros derechos. Les doy este testimonio para que sepan que no es como dice el presidente que no pasa nada. Pasa mucho, pero habemos mucha gente cobarde que no nos atrevemos a hablar. Hoy estoy y estamos viviendo esto. Estamos amenazadas. Nos amenazan todo el tiempo. Ya dimos un paso adelante y no vamos a marchar atr\u00e1s\u201d, asegur\u00f3 recientemente en una entrevista a Pueblos en Camino, Cecilia Arenas, hermana de Mario Alexander, uno de los j\u00f3venes v\u00edctimas de ese operativo que todav\u00eda no se ha esclarecido (48 de los 49 militares procesados por los cr\u00edmenes de Soacha han sido liberados). Como tampoco las innumerables masacres paramilitares llevadas a cabo durante los a\u00f1os de Uribe, y la complicidad de estos grupos armados con el gobierno, el Plan Colombia, empresarios nacionales y empresas multinacionales.<\/p>\n<p>Todo preso es pol\u00edtico<br \/>Marco Romero, director de la Consultor\u00eda para los Derechos Humanos y el Desplazamiento (Cohdes), denunci\u00f3 en su momento: \u201cEl presidente Uribe ha decidido vincular cerca de un 1,5 mill\u00f3n de personas a lo que llama la red de informantes, que nadie sabe c\u00f3mo opera, que no tiene control civil y que proporciona informaciones a las Fuerzas Armadas y a la Fiscal\u00eda que se han utilizado para hacer detenciones masivas de personas acusadas por supuestamente colaborar con la guerrilla. Los estudios de la Defensor\u00eda del Pueblo y las organizaciones de derechos humanos han demostrado que m\u00e1s del 95% de los casos han sido fallidos. Pero estas detenciones arbitrarias hacen que mucha gente sea estigmatizada en las regiones, y la gran mayor\u00eda son desplazados o asesinados\u201d.<br \/>El Cohdes estima en m\u00e1s de cinco millones los desplazados por la violencia en Colombia. Seg\u00fan el Comit\u00e9 Permanente por la Defensa de los Derechos Humanos, durante el gobierno del Uribe hubo 8.000 detenciones masivas y arbitrarias. Acusados de \u201crebeli\u00f3n\u201d, fueron a parar a la c\u00e1rcel Freddy Mu\u00f1oz, corresponsal de Telesur en Cartagena, la poetisa Angie Cepeda, organizadora del Festival de Poes\u00eda de Medell\u00edn o Nicol\u00e1s Castro, un estudiante de Bellas Artes de 23 a\u00f1os acusado de organizar el grupo de Facebook \u201cMe comprometo a matar a Jer\u00f3nimo Alberto Uribe\u201d, hijo de \u00c1lvaro Uribe.<br \/>En 2003, en la poblaci\u00f3n cafetera de Quinch\u00eda, fueron capturadas 117 personas acusadas de ser auxiliadores de la guerrilla. Entre los detenidos estaban el alcalde en ejercicio, el alcalde electo, concejales, comerciantes, campesinos, el tonto del pueblo y hasta un anciano de 76 a\u00f1os, ciego de nacimiento, sindicado como jefe de explosivos de la guerrilla. A la par, comenzaban a brotar las denuncias de la vinculaci\u00f3n de Uribe y sus colaboradores con los grupos paramilitares, responsables de la mayor escalada de asesinatos y desplazamiento masivo que halla visto el pa\u00eds. 80 congresistas fueron arrestados por estos v\u00ednculos y cientos de fosas comunes encontradas en todo el territorio.<br \/>En otro caso emblem\u00e1tico, el 22 de mayo de 2009, el prestigioso soci\u00f3logo colombiano Miguel \u00c1ngel Beltr\u00e1n se dirig\u00eda con su mujer y un abogado al Instituto Nacional de Migraci\u00f3n de M\u00e9xico para certificar una visa de estudios. Pocas horas despu\u00e9s, las agencias internacionales de noticias anunciaban con j\u00fabilo la captura de alias Jaime Cienfuegos, miembro del Comit\u00e9 Internacional de las FARC. En los noticieros, Uribe agradec\u00eda a las autoridades mexicanas y particularmente al presidente Felipe Calder\u00f3n por la captura del acad\u00e9mico, a quien calific\u00f3 de ser \u201cuno de los terroristas m\u00e1s peligrosos\u201d. El caso tom\u00f3 resonancia no s\u00f3lo por la reconocida trayectoria humana y acad\u00e9mica de Beltr\u00e1n sino por la participaci\u00f3n de otro gobierno latinoamericano en la pol\u00edtica de \u201cSeguridad Democr\u00e1tica\u201d de Uribe en el marco de la lucha global contra el \u201cterrorismo\u201d.<br \/>\u201cEn mi expediente no se me acusa de despedazar campesinos con motosierra, ni se me atribuye el asesinato de j\u00f3venes provenientes de sectores populares que luego son presentados como falsos positivos; tampoco se me imputan tratos crueles, inhumanos y degradantes contra persona alguna; mucho menos se me inculpa de delitos de lesa humanidad: contrario a ello, se me acusa de instigaci\u00f3n al terrorismo por denunciar estos hechos y evidenciar la responsabilidad del Estado y las fuerzas militares en estos cr\u00edmenes. Se me acusa de ser un terrorista por sustent<br \/>\nar en mis escritos en los foros p\u00fablicos que las FARC son una respuesta hist\u00f3rica a las m\u00faltiples violencias del Estado\u201d, escribir\u00eda Beltr\u00e1n desde la c\u00e1rcel. Dos a\u00f1os despu\u00e9s, ser\u00eda liberado ante la falta de pruebas y obligado a dejar el pa\u00eds por las constantes amenazas de los paramilitares a su familia.<br \/>Seg\u00fan las cifras recientes de las organizaciones defensoras de derechos humanos, entre 2009 y 2012 el gobierno colombiano, con el Ministerio de Defensa a la cabeza, report\u00f3 m\u00e1s de 8.600 personas capturadas por el delito de rebeli\u00f3n, de las cuales s\u00f3lo 2.058 quedaron efectivamente privadas de la libertad. Es decir, el 75% de las personas detenidas bajo ese delito recuperaron su libertad al ser demostrada su inocencia. Un ejemplo de estas situaciones es el que plantea la Fundaci\u00f3n Comit\u00e9 de Solidaridad con los Presos Pol\u00edticos (FCSPP), seg\u00fan la cual en el pasado paro agrario el gobierno se\u00f1al\u00f3 esta movilizaci\u00f3n de estar infiltrada por el terrorismo y la insurgencia. En esas jornadas fueron detenidas 816 personas, pero s\u00f3lo 180 fueron enviadas a procesos penales. Hoy ninguna de ellas se encuentra privada de la libertad: la Justicia las hall\u00f3 inocentes.<br \/>El pasado 8 de julio, a las 6 de la ma\u00f1ana, como parte de otras 14 \u00f3rdenes de captura llevadas a cabo por la Justicia colombiana que involucran a referentes sociales, estudiantiles y feministas, en el marco de las investigaciones por las explosiones ocurridas el 2 de julio en Bogot\u00e1, fue detenido el periodista colombiano Sergio Segura, miembro de la agencia Colombia Informa.<\/span><\/span><br \/><span style=\"font-family: Verdana,sans-serif;font-size: x-small\"><i>Tom\u00e1s Astelarra\/Resumen Latinoamericano\/Marcha, 14 de julio de 2015<\/i><\/span><\/div>\n<div style=\"text-align: justify\"><span style=\"font-family: Verdana,sans-serif\"><\/span><\/div>\n<div style=\"text-align: justify\"><span style=\"font-family: Verdana,sans-serif\"><span style=\"font-size: small\"><span style=\"color: #0b5394\"><span style=\"font-size: x-small\"><b>RESUMEN LATINOAMERICANO\/PRODUCCI\u00d3N RIACHUELO<\/b><\/span><\/span><\/span><\/span><\/div>\n","protected":false},"excerpt":{"rendered":"<p>\u00a1NO MAS FALSOS JUDICIALES! EL ESTADO COLOMBIANO Y LA VIEJA COSTUMBRE DE LAS CAUSAS ARMADAS Autobombas del Ej\u00e9rcito, j\u00f3venes de barrios marginales presentados como guerrilleros, intelectuales apresados como supuestos subversivos sin pruebas. La historia de Colombia ya cuenta con suficientes casos como para saber que la detenci\u00f3n del periodista de la agencia Colombia Informa (junto [&hellip;]<\/p>\n","protected":false},"author":4,"featured_media":0,"comment_status":"open","ping_status":"open","sticky":false,"template":"","format":"standard","meta":{"_monsterinsights_skip_tracking":false,"_monsterinsights_sitenote_active":false,"_monsterinsights_sitenote_note":"","_monsterinsights_sitenote_category":0,"jnews-multi-image_gallery":[],"jnews_single_post":{"format":"standard"},"jnews_primary_category":[],"_joinchat":[],"footnotes":""},"categories":[58],"tags":[70],"class_list":["post-253","post","type-post","status-publish","format-standard","hentry","category-noticiariachuelo","tag-de-la-patria-grande"],"_links":{"self":[{"href":"http:\/\/fmriachuelo.it10.com.ar\/index.php\/wp-json\/wp\/v2\/posts\/253","targetHints":{"allow":["GET"]}}],"collection":[{"href":"http:\/\/fmriachuelo.it10.com.ar\/index.php\/wp-json\/wp\/v2\/posts"}],"about":[{"href":"http:\/\/fmriachuelo.it10.com.ar\/index.php\/wp-json\/wp\/v2\/types\/post"}],"author":[{"embeddable":true,"href":"http:\/\/fmriachuelo.it10.com.ar\/index.php\/wp-json\/wp\/v2\/users\/4"}],"replies":[{"embeddable":true,"href":"http:\/\/fmriachuelo.it10.com.ar\/index.php\/wp-json\/wp\/v2\/comments?post=253"}],"version-history":[{"count":1,"href":"http:\/\/fmriachuelo.it10.com.ar\/index.php\/wp-json\/wp\/v2\/posts\/253\/revisions"}],"predecessor-version":[{"id":23767,"href":"http:\/\/fmriachuelo.it10.com.ar\/index.php\/wp-json\/wp\/v2\/posts\/253\/revisions\/23767"}],"wp:attachment":[{"href":"http:\/\/fmriachuelo.it10.com.ar\/index.php\/wp-json\/wp\/v2\/media?parent=253"}],"wp:term":[{"taxonomy":"category","embeddable":true,"href":"http:\/\/fmriachuelo.it10.com.ar\/index.php\/wp-json\/wp\/v2\/categories?post=253"},{"taxonomy":"post_tag","embeddable":true,"href":"http:\/\/fmriachuelo.it10.com.ar\/index.php\/wp-json\/wp\/v2\/tags?post=253"}],"curies":[{"name":"wp","href":"https:\/\/api.w.org\/{rel}","templated":true}]}}