{"id":2528,"date":"2016-09-01T02:23:57","date_gmt":"2016-09-01T02:23:57","guid":{"rendered":"http:\/\/fmriachuelo.com.ar\/ljkjklj\/?p=2528"},"modified":"2016-09-01T02:23:57","modified_gmt":"2016-09-01T02:23:57","slug":"golpe-a-la-democracia-en-brasil","status":"publish","type":"post","link":"http:\/\/fmriachuelo.it10.com.ar\/index.php\/2016\/09\/01\/golpe-a-la-democracia-en-brasil\/","title":{"rendered":"GOLPE A LA DEMOCRACIA EN BRASIL"},"content":{"rendered":"<p style=\"text-align: justify\"><strong>[Por Eric Nepomuceno <\/strong>\u00a0P\u00e1gina12\/ 31 de Agosto 2016].-<\/p>\n<p style=\"text-align: justify\"><strong>Tiempo de brumas. Tiempo de infamias. Tiempo de verg\u00fcenza.\u00a0<\/strong><strong>Tiempo de canallas.<\/strong><\/p>\n<div class=\"botones\" style=\"text-align: justify\">El jueves dos de abril de 1964 se consumaba otro golpe de Estado, un golpe c\u00edvico-militar, liquidando un gobierno elegido por el voto popular y soberano. En aquella ocasi\u00f3n, las mismas fuerzas que hoy triunfaron recurrieron a los cuarteles. Ahora, las tropas no fueron necesarias.<\/div>\n<div id=\"cuerpo\">\n<p style=\"text-align: justify\">Hace 52 a\u00f1os, presidiendo una sesi\u00f3n extraordinaria del Congreso que reun\u00eda a diputados y senadores, el conspirador derechista Auro de Moura Andrade decret\u00f3 vacante la presidencia, afirmando que el presidente constitucional, Jo\u00e3o Goulart, hab\u00eda abandonado el pa\u00eds.<\/p>\n<p style=\"text-align: justify\">Era mentira. Goulart estaba en Porto Alegre, capital de Rio Grande do Sul, intentando reunir fuerza suficiente para resistir. Moura Andrade lo sab\u00eda. Todos sab\u00edan.<\/p>\n<p>El entonces diputado Tancredo Neves, conocido por sus maneras suaves y cordiales, apunt\u00f3 el dedo al rostro de Moura Andrade y dispar\u00f3, con insospechada voz de trueno: \u201c\u00a1Canalla! \u00a1Canalla! \u00a1Canalla!\u201d<\/p>\n<p>Pasados los a\u00f1os, hace dos d\u00edas toc\u00f3 al nieto de Tancredo, el senador A\u00e9cio Neves,uno de los art\u00edfices del golpe contra Dilma Rousseff, ver como su colega Roberto Requi\u00e3o, del mismo PMDB de Michel Temer, lo miraba a los ojos y disparaba, a \u00e9l y a su pupilo Antonio Anastas\u00eda, las mismas palabras: \u201c\u00a1Canallas! \u00a1Canallas! \u00a1Canallas!\u201d<\/p>\n<p>Hoy la palabra qued\u00f3 estampada, de una vez y para siempre, en la frente de A\u00e9cio, Anastas\u00eda y otros 59 senadores. Siete m\u00e1s que lo que ser\u00eda necesario para fulminar un mandato popular.<\/p>\n<p>Muchos de los 61 votos que destituyeron a la presidenta fueron emitidos por senadores que hasta hace algunos meses eran ministros del gobierno ahora liquidado.<\/p>\n<p>En los largos e intensos debates de los \u00faltimos d\u00edas se ha visto de todo: cinismo, farsa, hipocres\u00eda, cobard\u00eda, traici\u00f3n.<\/p>\n<p>Canalladas.<\/p>\n<p>No hubo una \u00fanica prueba concreta que justificase la fulminaci\u00f3n de los 54 millones de votos soberanos logrados por Dilma Rousseff en octubre de 2014. Bajo el manto de las formalidades, se consum\u00f3 la indignidad.<\/p>\n<p>Lejos del pleno del Senado, lo que se ha visto fue la reiteraci\u00f3n de los viejos h\u00e1bitos de la m\u00e1s baja pol\u00edtica brasile\u00f1a: Michel Temer y sus c\u00f3mplices ofreciendo el oro y el moro para asegurar votos suficientes para legitimarlo legalmente en el puesto que usurp\u00f3 a base de traici\u00f3n. Legalmente: moralmente, imposible.<\/p>\n<p>Sobran ejemplos de ese comercio de intereses. Menciono dos.<\/p>\n<p>A las tres de la ma\u00f1ana, frente a un pleno casi vac\u00edo y a una audiencia \u00ednfima, el ex jugador Romario ley\u00f3, con evidente dificultad, el texto escrito por alg\u00fan asesor justificando su voto favorable a la destituci\u00f3n de Dilma Rousseff.<\/p>\n<p>Dijo que se convenci\u00f3 gracias a las razones expuestas por los acusadores de la mandataria.<\/p>\n<p>Mentira: se convenci\u00f3 al lograr el nombramiento de algunos de sus apaniguados en el gobierno de Temer.<\/p>\n<p>Id\u00e9ntica suerte tuvo el senador Cristovam Buarque, ex ministro de Educaci\u00f3n del primero mandato de Lula da Silva: a cambio de su voto, se le prometi\u00f3 el luminoso puesto de embajador brasile\u00f1o en la UNESCO. Cambi\u00f3 una biograf\u00eda por Par\u00eds.<\/p>\n<p>Ese ha sido el precio de su dignidad, suponiendo que Temer cumpla lo pactado. Y suponiendo que esa dignidad alguna vez existi\u00f3.<\/p>\n<p>\u00a1Canallas! \u00a1Canallas infames! \u00a1Un aquelarre de 61 canallas!<\/p>\n<p>\u00bfPor qu\u00e9? Por haber asumido una farsa. Por imponer a los brasile\u00f1os un programa pol\u00edtico y econ\u00f3mico que fue rechazado con vehemencia por las urnas electorales en las cuatro \u00faltimas elecciones. Por entregar el pa\u00eds a una pandilla. Por condenar el futuro. Por haber permitido que una mujer honesta sea sustituida por un bando de corruptos.<\/p>\n<p>Por defender la traici\u00f3n.<\/p>\n<p>La historia sabr\u00e1 juzgarlos. Lo que cometieron hoy, sin embargo, es irreversible. El precio ser\u00e1 pagado por los humildes, como siempre.<\/p>\n<p>Empieza ahora un tiempo de incertidumbre. De expoliaci\u00f3n de derechos alcanzados en los \u00faltimos trece a\u00f1os.<\/p>\n<p>Tiempo de brumas. Tiempo de infamias. Tiempo de verg\u00fcenza.<\/p>\n<p>Tiempo de canallas.<\/p>\n<\/div>\n","protected":false},"excerpt":{"rendered":"<p>[Por Eric Nepomuceno \u00a0P\u00e1gina12\/ 31 de Agosto 2016].- Tiempo de brumas. Tiempo de infamias. Tiempo de verg\u00fcenza.\u00a0Tiempo de canallas. El jueves dos de abril de 1964 se consumaba otro golpe de Estado, un golpe c\u00edvico-militar, liquidando un gobierno elegido por el voto popular y soberano. En aquella ocasi\u00f3n, las mismas fuerzas que hoy triunfaron recurrieron [&hellip;]<\/p>\n","protected":false},"author":4,"featured_media":2529,"comment_status":"open","ping_status":"open","sticky":false,"template":"","format":"standard","meta":{"_monsterinsights_skip_tracking":false,"_monsterinsights_sitenote_active":false,"_monsterinsights_sitenote_note":"","_monsterinsights_sitenote_category":0,"jnews-multi-image_gallery":[],"jnews_single_post":[],"jnews_primary_category":[],"_joinchat":[],"footnotes":""},"categories":[76],"tags":[],"class_list":["post-2528","post","type-post","status-publish","format-standard","has-post-thumbnail","hentry","category-salud-comunitaria"],"_links":{"self":[{"href":"http:\/\/fmriachuelo.it10.com.ar\/index.php\/wp-json\/wp\/v2\/posts\/2528","targetHints":{"allow":["GET"]}}],"collection":[{"href":"http:\/\/fmriachuelo.it10.com.ar\/index.php\/wp-json\/wp\/v2\/posts"}],"about":[{"href":"http:\/\/fmriachuelo.it10.com.ar\/index.php\/wp-json\/wp\/v2\/types\/post"}],"author":[{"embeddable":true,"href":"http:\/\/fmriachuelo.it10.com.ar\/index.php\/wp-json\/wp\/v2\/users\/4"}],"replies":[{"embeddable":true,"href":"http:\/\/fmriachuelo.it10.com.ar\/index.php\/wp-json\/wp\/v2\/comments?post=2528"}],"version-history":[{"count":0,"href":"http:\/\/fmriachuelo.it10.com.ar\/index.php\/wp-json\/wp\/v2\/posts\/2528\/revisions"}],"wp:featuredmedia":[{"embeddable":true,"href":"http:\/\/fmriachuelo.it10.com.ar\/index.php\/wp-json\/"}],"wp:attachment":[{"href":"http:\/\/fmriachuelo.it10.com.ar\/index.php\/wp-json\/wp\/v2\/media?parent=2528"}],"wp:term":[{"taxonomy":"category","embeddable":true,"href":"http:\/\/fmriachuelo.it10.com.ar\/index.php\/wp-json\/wp\/v2\/categories?post=2528"},{"taxonomy":"post_tag","embeddable":true,"href":"http:\/\/fmriachuelo.it10.com.ar\/index.php\/wp-json\/wp\/v2\/tags?post=2528"}],"curies":[{"name":"wp","href":"https:\/\/api.w.org\/{rel}","templated":true}]}}