{"id":252,"date":"2015-07-14T13:53:00","date_gmt":"2015-07-14T13:53:00","guid":{"rendered":"http:\/\/fmriachuelo.observatorioess.org.ar\/index.php\/2015\/07\/14\/ecuador-atentado-contra-la-sede-del-partido-de-gobierno\/"},"modified":"2025-04-23T15:44:04","modified_gmt":"2025-04-23T18:44:04","slug":"ecuador-atentado-contra-la-sede-del-partido-de-gobierno","status":"publish","type":"post","link":"http:\/\/fmriachuelo.it10.com.ar\/index.php\/2015\/07\/14\/ecuador-atentado-contra-la-sede-del-partido-de-gobierno\/","title":{"rendered":"ECUADOR: ATENTADO CONTRA LA SEDE DEL PARTIDO DE GOBIERNO"},"content":{"rendered":"<p><span style=\"font-family: Verdana,sans-serif\"><span style=\"color: red;font-size: large\"><b>\u00a1CONSPIRACI\u00d3N OPOSITORA!<\/b><\/span><\/span><\/p>\n<div style=\"clear: both;text-align: center\"><span style=\"font-family: Verdana,sans-serif\"><a href=\"http:\/\/2.bp.blogspot.com\/-X9D7LiQBvnI\/VaUTWUB9fAI\/AAAAAAAAFY0\/8ZSFWdCvRQE\/s1600\/ECUADOR.png\" style=\"clear: left;float: left;margin-bottom: 1em;margin-right: 1em\"><img loading=\"lazy\" decoding=\"async\" border=\"0\" height=\"181\" src=\"http:\/\/2.bp.blogspot.com\/-X9D7LiQBvnI\/VaUTWUB9fAI\/AAAAAAAAFY0\/8ZSFWdCvRQE\/s320\/ECUADOR.png\" width=\"320\" \/><\/a><\/span><\/div>\n<div><span style=\"font-family: Verdana,sans-serif\">La madrugada de este martes se registr\u00f3 un explosi\u00f3n en la sede del partido Alianza Pa\u00eds en la ciudad de Guayaquil, al centro de Ecuador.  <br \/>Un atentado con explosivos se registr\u00f3 la madrugada de este martes en la sede del movimiento Alianza Pa\u00eds, del presidente ecuatoriano Rafael Correa, en la ciudad de Guayaquil, en el centro del pa\u00eds suramericano.<\/span><br \/><a name='more'><\/a><\/div>\n<p><span style=\"font-family: Verdana,sans-serif\">La asamble\u00edsta por el Movimiento Alianza Pa\u00eds, Mar\u00eda Augusta Calle opin\u00f3 que se trata de un atentado terrorista por parte de la derecha extrema que se niega a unirse al llamado a di\u00e1logo de la Revoluci\u00f3n Ciudadana.  <\/span><br \/><span style=\"font-family: Verdana,sans-serif\">\u201cEsta explosi\u00f3n es parte de todas las conspiraciones contra el Gobierno democr\u00e1tico del Presidente Rafael Correa, esperemos que se ubiquen a los culpables y que entiendan que Ecuador es un pa\u00eds de paz; un pueblo que rechaza la violencia\u201d, apunt\u00f3.&nbsp;<\/span><\/p>\n<div style=\"text-align: justify\"><span style=\"font-family: Verdana,sans-serif\">La explosi\u00f3n caus\u00f3 s\u00f3lo da\u00f1os materiales, no hubo personas heridas. Las inmediaciones permanecen cercadas hasta que los bomberos y la Polic\u00eda Nacional realicen los debidos procedimientos.  <br \/>La secretaria Nacional de Gesti\u00f3n Pol\u00edtica, Viviana Bonilla, expres\u00f3 que fue una detonaci\u00f3n panfletaria y rechaz\u00f3 esta acci\u00f3n. \u201cPor la v\u00eda del di\u00e1logo todo, a trav\u00e9s de la fuerza nada. Todos debemos rechazar la violencia\u201d, dijo.   <br \/>El personal de Criminal\u00edstica realiz\u00f3 las recolecci\u00f3n de las evidencias. Se tiene previsto un pronunciamiento oficial en las pr\u00f3ximas horas.<\/span> <\/div>\n<div style=\"text-align: justify\"><span style=\"font-family: Verdana,sans-serif\"><span style=\"font-size: x-small\"><span style=\"color: #0b5394\"><b>TELESUR\/PRODUCCI\u00d3N RIACHUELO<\/b><\/span><\/span><\/span><\/div>\n","protected":false},"excerpt":{"rendered":"<p>\u00a1CONSPIRACI\u00d3N OPOSITORA! La madrugada de este martes se registr\u00f3 un explosi\u00f3n en la sede del partido Alianza Pa\u00eds en la ciudad de Guayaquil, al centro de Ecuador. Un atentado con explosivos se registr\u00f3 la madrugada de este martes en la sede del movimiento Alianza Pa\u00eds, del presidente ecuatoriano Rafael Correa, en la ciudad de Guayaquil, [&hellip;]<\/p>\n","protected":false},"author":4,"featured_media":0,"comment_status":"open","ping_status":"open","sticky":false,"template":"","format":"standard","meta":{"_monsterinsights_skip_tracking":false,"_monsterinsights_sitenote_active":false,"_monsterinsights_sitenote_note":"","_monsterinsights_sitenote_category":0,"jnews-multi-image_gallery":[],"jnews_single_post":{"format":"standard"},"jnews_primary_category":[],"_joinchat":[],"footnotes":""},"categories":[58],"tags":[70],"class_list":["post-252","post","type-post","status-publish","format-standard","hentry","category-noticiariachuelo","tag-de-la-patria-grande"],"_links":{"self":[{"href":"http:\/\/fmriachuelo.it10.com.ar\/index.php\/wp-json\/wp\/v2\/posts\/252","targetHints":{"allow":["GET"]}}],"collection":[{"href":"http:\/\/fmriachuelo.it10.com.ar\/index.php\/wp-json\/wp\/v2\/posts"}],"about":[{"href":"http:\/\/fmriachuelo.it10.com.ar\/index.php\/wp-json\/wp\/v2\/types\/post"}],"author":[{"embeddable":true,"href":"http:\/\/fmriachuelo.it10.com.ar\/index.php\/wp-json\/wp\/v2\/users\/4"}],"replies":[{"embeddable":true,"href":"http:\/\/fmriachuelo.it10.com.ar\/index.php\/wp-json\/wp\/v2\/comments?post=252"}],"version-history":[{"count":1,"href":"http:\/\/fmriachuelo.it10.com.ar\/index.php\/wp-json\/wp\/v2\/posts\/252\/revisions"}],"predecessor-version":[{"id":23768,"href":"http:\/\/fmriachuelo.it10.com.ar\/index.php\/wp-json\/wp\/v2\/posts\/252\/revisions\/23768"}],"wp:attachment":[{"href":"http:\/\/fmriachuelo.it10.com.ar\/index.php\/wp-json\/wp\/v2\/media?parent=252"}],"wp:term":[{"taxonomy":"category","embeddable":true,"href":"http:\/\/fmriachuelo.it10.com.ar\/index.php\/wp-json\/wp\/v2\/categories?post=252"},{"taxonomy":"post_tag","embeddable":true,"href":"http:\/\/fmriachuelo.it10.com.ar\/index.php\/wp-json\/wp\/v2\/tags?post=252"}],"curies":[{"name":"wp","href":"https:\/\/api.w.org\/{rel}","templated":true}]}}