{"id":2518,"date":"2016-08-31T16:30:59","date_gmt":"2016-08-31T16:30:59","guid":{"rendered":"http:\/\/fmriachuelo.com.ar\/ljkjklj\/?p=2518"},"modified":"2016-08-31T16:30:59","modified_gmt":"2016-08-31T16:30:59","slug":"unasur-exhorta-a-los-actores-politicos-en-venezuela-a-la-manifestacion-pacifica","status":"publish","type":"post","link":"http:\/\/fmriachuelo.it10.com.ar\/index.php\/2016\/08\/31\/unasur-exhorta-a-los-actores-politicos-en-venezuela-a-la-manifestacion-pacifica\/","title":{"rendered":"UNASUR EXHORTA A LOS ACTORES POL\u00cdTICOS EN VENEZUELA A LA MANIFESTACI\u00d3N PAC\u00cdFICA"},"content":{"rendered":"<p style=\"text-align: justify\">El secretario general de la Uni\u00f3n de Naciones Suramericanas (Unasur), Ernesto Samper, y los expresidentes Jos\u00e9 Luis Rodr\u00edguez Zapatero (Espa\u00f1a), Leonel Fern\u00e1ndez (Rep\u00fablica Dominicana) y Martin Torrijos (Panam\u00e1) hicieron un llamamiento a la manifestaci\u00f3n pacifica para el jueves en Venezuela.<\/p>\n<p style=\"text-align: justify\">En un comunicado oficial difundido por el organismo, hacen \u201cun enf\u00e1tico llamamiento para que los distintos actores pol\u00edticos y sociales ejerzan de manera pac\u00edfica su derecho de manifestaci\u00f3n durante las movilizaciones convocadas para el pr\u00f3ximo 1 de septiembre\u201d.<\/p>\n<p style=\"text-align: justify\">La Unasur y los expresidentes, que ejercen un papel de mediadores en el conflicto entre el Gobierno y la oposici\u00f3n en el pa\u00eds, se\u00f1alan que el di\u00e1logo es el modo adecuado para solucionar las diferencias.<\/p>\n<p>\u201cInsistimos en utilizar el camino del di\u00e1logo para resolver las leg\u00edtimas diferencias existentes, y as\u00ed alcanzar el bienestar de todos los ciudadanos, la paz, la justicia, la verdad, la convivencia institucional, el fortalecimiento de la econom\u00eda, la preservaci\u00f3n del Estado de Derecho y la democracia, concluye el comunicado.<\/p>\n<p><strong>A continuaci\u00f3n el texto \u00edntegro:<\/strong><\/p>\n<p>El Secretario General de UNASUR, ex Presidente Ernesto Samper Pizano y los ex Presidentes Jos\u00e9 Luis Rodr\u00edguez Zapatero de Espa\u00f1a, Leonel Fern\u00e1ndez de Rep\u00fablica Dominicana y Martin Torrijos de Panam\u00e1, quienes por invitaci\u00f3n del Presidente de la Rep\u00fablica Bolivariana de Venezuela, D. Nicol\u00e1s Maduro, vienen explorando con el Gobierno y la Oposici\u00f3n el marco para iniciar un di\u00e1logo, hacen un enf\u00e1tico llamamiento para que los distintos actores pol\u00edticos y sociales ejerzan de manera pac\u00edfica su derecho de manifestaci\u00f3n durante las movilizaciones convocadas para el pr\u00f3ximo 1 de septiembre.<\/p>\n<p>A partir de esta fecha insistimos en utilizar el camino del di\u00e1logo para resolver las leg\u00edtimas diferencias existentes, y as\u00ed alcanzar el bienestar de todos los ciudadanos, la paz, la justicia, la verdad, la convivencia institucional, el fortalecimiento de la econom\u00eda, la preservaci\u00f3n del Estado de Derecho y la democracia.<\/p>\n<p>Quito, Mitad del Mundo, 30 de agosto del 2016<\/p>\n","protected":false},"excerpt":{"rendered":"<p>El secretario general de la Uni\u00f3n de Naciones Suramericanas (Unasur), Ernesto Samper, y los expresidentes Jos\u00e9 Luis Rodr\u00edguez Zapatero (Espa\u00f1a), Leonel Fern\u00e1ndez (Rep\u00fablica Dominicana) y Martin Torrijos (Panam\u00e1) hicieron un llamamiento a la manifestaci\u00f3n pacifica para el jueves en Venezuela. En un comunicado oficial difundido por el organismo, hacen \u201cun enf\u00e1tico llamamiento para que los [&hellip;]<\/p>\n","protected":false},"author":4,"featured_media":2519,"comment_status":"open","ping_status":"open","sticky":false,"template":"","format":"standard","meta":{"_monsterinsights_skip_tracking":false,"_monsterinsights_sitenote_active":false,"_monsterinsights_sitenote_note":"","_monsterinsights_sitenote_category":0,"jnews-multi-image_gallery":[],"jnews_single_post":[],"jnews_primary_category":[],"_joinchat":[],"footnotes":""},"categories":[76],"tags":[],"class_list":["post-2518","post","type-post","status-publish","format-standard","has-post-thumbnail","hentry","category-salud-comunitaria"],"_links":{"self":[{"href":"http:\/\/fmriachuelo.it10.com.ar\/index.php\/wp-json\/wp\/v2\/posts\/2518","targetHints":{"allow":["GET"]}}],"collection":[{"href":"http:\/\/fmriachuelo.it10.com.ar\/index.php\/wp-json\/wp\/v2\/posts"}],"about":[{"href":"http:\/\/fmriachuelo.it10.com.ar\/index.php\/wp-json\/wp\/v2\/types\/post"}],"author":[{"embeddable":true,"href":"http:\/\/fmriachuelo.it10.com.ar\/index.php\/wp-json\/wp\/v2\/users\/4"}],"replies":[{"embeddable":true,"href":"http:\/\/fmriachuelo.it10.com.ar\/index.php\/wp-json\/wp\/v2\/comments?post=2518"}],"version-history":[{"count":0,"href":"http:\/\/fmriachuelo.it10.com.ar\/index.php\/wp-json\/wp\/v2\/posts\/2518\/revisions"}],"wp:featuredmedia":[{"embeddable":true,"href":"http:\/\/fmriachuelo.it10.com.ar\/index.php\/wp-json\/"}],"wp:attachment":[{"href":"http:\/\/fmriachuelo.it10.com.ar\/index.php\/wp-json\/wp\/v2\/media?parent=2518"}],"wp:term":[{"taxonomy":"category","embeddable":true,"href":"http:\/\/fmriachuelo.it10.com.ar\/index.php\/wp-json\/wp\/v2\/categories?post=2518"},{"taxonomy":"post_tag","embeddable":true,"href":"http:\/\/fmriachuelo.it10.com.ar\/index.php\/wp-json\/wp\/v2\/tags?post=2518"}],"curies":[{"name":"wp","href":"https:\/\/api.w.org\/{rel}","templated":true}]}}