{"id":251,"date":"2015-07-14T16:35:00","date_gmt":"2015-07-14T16:35:00","guid":{"rendered":"http:\/\/fmriachuelo.observatorioess.org.ar\/index.php\/2015\/07\/14\/caba-paro-docente\/"},"modified":"2025-04-23T15:45:37","modified_gmt":"2025-04-23T18:45:37","slug":"caba-paro-docente","status":"publish","type":"post","link":"http:\/\/fmriachuelo.it10.com.ar\/index.php\/2015\/07\/14\/caba-paro-docente\/","title":{"rendered":"CABA: PARO DOCENTE"},"content":{"rendered":"<p><span style=\"font-family: Verdana,sans-serif\"><span style=\"color: red;font-size: large\"><b>EDUCACI\u00d3N AMENAZADA<\/b><\/span><\/span><\/p>\n<div style=\"clear: both;text-align: center\"><span style=\"font-family: Verdana,sans-serif\"><a href=\"http:\/\/4.bp.blogspot.com\/-OjW6Mk83OoA\/VaU3-ee19GI\/AAAAAAAAFZE\/eynZCrNPUw4\/s1600\/paro-corregido.jpg\" style=\"clear: left;float: left;margin-bottom: 1em;margin-right: 1em\"><img loading=\"lazy\" decoding=\"async\" border=\"0\" height=\"200\" src=\"http:\/\/4.bp.blogspot.com\/-OjW6Mk83OoA\/VaU3-ee19GI\/AAAAAAAAFZE\/eynZCrNPUw4\/s200\/paro-corregido.jpg\" width=\"141\" \/><\/a><\/span><\/div>\n<div style=\"text-align: justify\"><span style=\"font-family: Verdana,sans-serif\">Venimos asistiendo a&nbsp;las dificultades de acceso a la educaci\u00f3n p\u00fablica de los ni\u00f1os, de la inscripci\u00f3n on line que dej\u00f3 a los ni\u00f1os de las zonas m\u00e1s carenciadas sin educaci\u00f3n y de la burocratizaci\u00f3n de los expedientes, las serias dificultades en la educaci\u00f3n art\u00edstica, y los problemas edilicios y de infraestructura.&nbsp;&nbsp;<\/span><\/div>\n<div style=\"text-align: justify\"><span style=\"font-family: Verdana,sans-serif\">Los docentes han convocado a un paro de actividades para el d\u00eda mi\u00e9rcoles 15\/7&nbsp;en el contexto de una semana de protesta. Los docentes son sumariados por el entorpecimiento que produce la burocracia estatal.<\/span><br \/><a name='more'><\/a><span style=\"font-family: Verdana,sans-serif\"> <\/span><\/div>\n<div style=\"text-align: justify\"><span style=\"font-family: Verdana,sans-serif\">Mientras tanto los ni\u00f1os de los distintos niveles de educaci\u00f3n est\u00e1n afectados y el estado no puede garantizar el acceso a la educaci\u00f3n ni la integridad de los propios sujetos de la educaci\u00f3n: ni\u00f1os y j\u00f3venes. <\/span><\/div>\n<div style=\"text-align: justify\"><span style=\"font-family: Verdana,sans-serif\">Hace un mes Agust\u00edn de sala Naranja de la JIC 2 DE 12, era asesinado por su padrastro. La maestra y la directora en los 28 d\u00edas que Agust\u00edn fue al jard\u00edn, porqu<span>e empez\u00f3 m\u00e1s tarde, hab\u00edan hecho actas porque ven\u00eda golpeado y la mam\u00e1 hab\u00eda presentado constancias m\u00e9dicas que dec\u00edan que eran accidentes.<br \/> Hoy el Ministerio de Educaci\u00f3n decide separar, de manera arbitraria,&nbsp;de sus cargos a ambas docentes abriendo un sumario para investigar su accionar.<\/span><\/span><br \/><span style=\"font-family: Verdana,sans-serif\"><span><b><span style=\"font-size: x-small\"><span style=\"color: #0b5394\">PRODUCCI\u00d3N RIACHUELO <\/span><\/span><\/b><\/span><\/span><\/div>\n","protected":false},"excerpt":{"rendered":"<p>EDUCACI\u00d3N AMENAZADA Venimos asistiendo a&nbsp;las dificultades de acceso a la educaci\u00f3n p\u00fablica de los ni\u00f1os, de la inscripci\u00f3n on line que dej\u00f3 a los ni\u00f1os de las zonas m\u00e1s carenciadas sin educaci\u00f3n y de la burocratizaci\u00f3n de los expedientes, las serias dificultades en la educaci\u00f3n art\u00edstica, y los problemas edilicios y de infraestructura.&nbsp;&nbsp; Los docentes [&hellip;]<\/p>\n","protected":false},"author":4,"featured_media":0,"comment_status":"open","ping_status":"open","sticky":false,"template":"","format":"standard","meta":{"_monsterinsights_skip_tracking":false,"_monsterinsights_sitenote_active":false,"_monsterinsights_sitenote_note":"","_monsterinsights_sitenote_category":0,"jnews-multi-image_gallery":[],"jnews_single_post":{"format":"standard"},"jnews_primary_category":[],"_joinchat":[],"footnotes":""},"categories":[58],"tags":[81,101],"class_list":["post-251","post","type-post","status-publish","format-standard","hentry","category-noticiariachuelo","tag-aguafuertes-portenas","tag-educacion"],"_links":{"self":[{"href":"http:\/\/fmriachuelo.it10.com.ar\/index.php\/wp-json\/wp\/v2\/posts\/251","targetHints":{"allow":["GET"]}}],"collection":[{"href":"http:\/\/fmriachuelo.it10.com.ar\/index.php\/wp-json\/wp\/v2\/posts"}],"about":[{"href":"http:\/\/fmriachuelo.it10.com.ar\/index.php\/wp-json\/wp\/v2\/types\/post"}],"author":[{"embeddable":true,"href":"http:\/\/fmriachuelo.it10.com.ar\/index.php\/wp-json\/wp\/v2\/users\/4"}],"replies":[{"embeddable":true,"href":"http:\/\/fmriachuelo.it10.com.ar\/index.php\/wp-json\/wp\/v2\/comments?post=251"}],"version-history":[{"count":1,"href":"http:\/\/fmriachuelo.it10.com.ar\/index.php\/wp-json\/wp\/v2\/posts\/251\/revisions"}],"predecessor-version":[{"id":23769,"href":"http:\/\/fmriachuelo.it10.com.ar\/index.php\/wp-json\/wp\/v2\/posts\/251\/revisions\/23769"}],"wp:attachment":[{"href":"http:\/\/fmriachuelo.it10.com.ar\/index.php\/wp-json\/wp\/v2\/media?parent=251"}],"wp:term":[{"taxonomy":"category","embeddable":true,"href":"http:\/\/fmriachuelo.it10.com.ar\/index.php\/wp-json\/wp\/v2\/categories?post=251"},{"taxonomy":"post_tag","embeddable":true,"href":"http:\/\/fmriachuelo.it10.com.ar\/index.php\/wp-json\/wp\/v2\/tags?post=251"}],"curies":[{"name":"wp","href":"https:\/\/api.w.org\/{rel}","templated":true}]}}