{"id":2506,"date":"2016-08-30T13:06:54","date_gmt":"2016-08-30T13:06:54","guid":{"rendered":"http:\/\/fmriachuelo.com.ar\/ljkjklj\/?p=2506"},"modified":"2016-08-30T13:06:54","modified_gmt":"2016-08-30T13:06:54","slug":"ajuste-educativo-esteban-bullrich-deja-en-la-calle-a-200-trabajadoras-y-trabajadores","status":"publish","type":"post","link":"http:\/\/fmriachuelo.it10.com.ar\/index.php\/2016\/08\/30\/ajuste-educativo-esteban-bullrich-deja-en-la-calle-a-200-trabajadoras-y-trabajadores\/","title":{"rendered":"AJUSTE EDUCATIVO: ESTEBAN BULLRICH DEJA EN LA CALLE A 200 TRABAJADORAS Y TRABAJADORES"},"content":{"rendered":"<p style=\"text-align: justify\">[FMR 31\/08\/16] Ayer en el programa Romp\u00e9 el Cerco Informativo (L a V 18 hs.) conversamos sobre los despidos masivos en el Ministerio de Educaci\u00f3n y sobre el desguace de la educaci\u00f3n p\u00fablica con Eduardo Recalde, Secretario General de la Junta Interna de ATE en el Min. de Educ. y Deportes.\u00a0\u00a0Adem\u00e1s entrevistamos a\u00a0Lucila, integrante del Mov. Pop. La Dignidad, Docente del Programa 1\u00b0 Infancia, quien nos cont\u00f3 sobre la persecuci\u00f3n pol\u00edtica que se realiza desde el Ministerio de Educaci\u00f3n del Gobierno de la Ciudad de Buenos Aires, que sumari\u00f3 a los\u00a0docentes que luchan por una educaci\u00f3n inclusiva. Anunciaron que el\u00a0proximo\u00a0viernes 02 de Agosto a las 12 hs. los docentes realizar\u00e1n una conferencia de prensa en C\u00f3rdoba 1300 (Direcci\u00f3n de Sumarios)<\/p>\n<p style=\"text-align: justify\">\n<p style=\"text-align: justify\">Difundimos comunicado:<\/p>\n<p style=\"text-align: justify\">Desde la junta Interna de ATE del Ministerio de Educaci\u00f3n y Deportes de la Naci\u00f3n alertamos a la comunidad educativa y a la sociedad en general sobre la profundizaci\u00f3n del desmantelamiento y el ajuste de la educaci\u00f3n p\u00fablica.<\/p>\n<p style=\"text-align: justify\">En el d\u00eda de la fecha, mientras el Ministro de Educaci\u00f3n Esteban Bullrich se encontraba en un \u201cretiro espiritual\u201d en la provincia de San Juan, se comunicaron telef\u00f3nicamente de manera extorsiva y perversa 200 nuevos despidos dentro de la cartera educativa. El avasallamiento abarca a todos las \u00e1reas y dependencias de este Ministerio como el Instituto Nacional de Formaci\u00f3n Docente, el Instituto Nacional de Educaci\u00f3n Tecnol\u00f3gica, programas y modalidades de Gesti\u00f3n Educativa como Educaci\u00f3n Sexual Integral, Educaci\u00f3n Intercultural Biling\u00fce, Plan Nacional de Lectura, Derechos Humanos, entre muchos otros.<\/p>\n<p>De esta manera, el ministro Esteban Bullrich contin\u00faa con su plan sistem\u00e1tico de destrucci\u00f3n de la educaci\u00f3n p\u00fablica, ataque a los trabajadorxs y cierre de programas socioeducativos.<\/p>\n<p>Este vaciamiento es llevado adelante por CEOs que hoy ofician como funcionarios. Con poca o nula idoneidad para garantizar una educaci\u00f3n de calidad e inclusiva, se han dedicado a extorsionar, mentir y maltratar al conjunto de lxs trabajadorxs del Ministerio de Educaci\u00f3n y Deportes.<\/p>\n<p>La dupla empresaria Diego Mar\u00edas \u2013 F\u00e9lix Lacroze, en complicidad con el director de RRHH Ricardo Haffner, dej\u00f3 en la calle a 200 trabajadorxs y sus familias, rompiendo el compromiso asumido junto con el Ministerio de Modernizaci\u00f3n de la continuidad de los puestos de trabajo y poniendo en jaque a la educaci\u00f3n p\u00fablica.<\/p>\n<p>\u00bfC\u00f3mo pretende el ministro Bullrich garantizar sus promesas de campa\u00f1a? \u00bfDespidiendo a los trabajadorxs que capacitan docentes? \u00bfSuspendiendo la entrega de libros y netbooks en las escuelas? \u00bfExpulsando a los encargados de alfabetizar j\u00f3venes y adultos? \u00bfEntregando la educaci\u00f3n p\u00fablica a la l\u00f3gica excluyente del mercado y las empresas privadas?<\/p>\n<p>Hasta el momento, la \u201cRevoluci\u00f3n Educativa\u201d s\u00f3lo nos trajo despidos masivos, subejecuci\u00f3n presupuestaria, desfinanciamiento, violencia laboral y un Ministerio paralizado.<\/p>\n<p>Desde la Junta Interna de ATE venimos denunciando los embates de este gobierno neoliberal contra los trabajadores y la educaci\u00f3n p\u00fablica desde su asunci\u00f3n el pasado mes de diciembre. Es por \u00e9stas razones que nos encontramos en estado de alerta y movilizaci\u00f3n, llevando adelante actividades en todos los sectores hasta lograr la reincorporaci\u00f3n de todxs lxs compa\u00f1erxs en sus puestos de trabajo. \u00a1Las pol\u00edticas p\u00fablicas se sostienen con los trabajadores adentro!<\/p>\n<p>\u2022 Reincorporaci\u00f3n inmediata de todxs lxs trabajadorxs del Ministerio de Educaci\u00f3n y Deportes de la Naci\u00f3n<br \/>\n\u2022 No al vaciamiento de las pol\u00edticas educativas \u00a1Nuestro trabajo son tus derechos!<\/p>\n<p>Contacto:<br \/>\nRodrigo Recalde \u2013 Secretario General Junta Interna ATE 1544092856<br \/>\nLautaro Pedot \u2013 Delegado INFOD \u2013 15 44128751<br \/>\nAdela Garc\u00eda &#8211; Secretaria de Formaci\u00f3n &#8211; 1568386001<br \/>\nIv\u00e1n Kondratzky &#8211; Delegado Conectar Igualdad &#8211; 1564482703<\/p>\n","protected":false},"excerpt":{"rendered":"<p>[FMR 31\/08\/16] Ayer en el programa Romp\u00e9 el Cerco Informativo (L a V 18 hs.) conversamos sobre los despidos masivos en el Ministerio de Educaci\u00f3n y sobre el desguace de la educaci\u00f3n p\u00fablica con Eduardo Recalde, Secretario General de la Junta Interna de ATE en el Min. de Educ. y Deportes.\u00a0\u00a0Adem\u00e1s entrevistamos a\u00a0Lucila, integrante del [&hellip;]<\/p>\n","protected":false},"author":4,"featured_media":2508,"comment_status":"open","ping_status":"open","sticky":false,"template":"","format":"standard","meta":{"_monsterinsights_skip_tracking":false,"_monsterinsights_sitenote_active":false,"_monsterinsights_sitenote_note":"","_monsterinsights_sitenote_category":0,"jnews-multi-image_gallery":[],"jnews_single_post":[],"jnews_primary_category":[],"_joinchat":[],"footnotes":""},"categories":[76,77,75],"tags":[],"class_list":["post-2506","post","type-post","status-publish","format-standard","has-post-thumbnail","hentry","category-salud-comunitaria","category-soberania","category-trabajo"],"_links":{"self":[{"href":"http:\/\/fmriachuelo.it10.com.ar\/index.php\/wp-json\/wp\/v2\/posts\/2506","targetHints":{"allow":["GET"]}}],"collection":[{"href":"http:\/\/fmriachuelo.it10.com.ar\/index.php\/wp-json\/wp\/v2\/posts"}],"about":[{"href":"http:\/\/fmriachuelo.it10.com.ar\/index.php\/wp-json\/wp\/v2\/types\/post"}],"author":[{"embeddable":true,"href":"http:\/\/fmriachuelo.it10.com.ar\/index.php\/wp-json\/wp\/v2\/users\/4"}],"replies":[{"embeddable":true,"href":"http:\/\/fmriachuelo.it10.com.ar\/index.php\/wp-json\/wp\/v2\/comments?post=2506"}],"version-history":[{"count":0,"href":"http:\/\/fmriachuelo.it10.com.ar\/index.php\/wp-json\/wp\/v2\/posts\/2506\/revisions"}],"wp:featuredmedia":[{"embeddable":true,"href":"http:\/\/fmriachuelo.it10.com.ar\/index.php\/wp-json\/"}],"wp:attachment":[{"href":"http:\/\/fmriachuelo.it10.com.ar\/index.php\/wp-json\/wp\/v2\/media?parent=2506"}],"wp:term":[{"taxonomy":"category","embeddable":true,"href":"http:\/\/fmriachuelo.it10.com.ar\/index.php\/wp-json\/wp\/v2\/categories?post=2506"},{"taxonomy":"post_tag","embeddable":true,"href":"http:\/\/fmriachuelo.it10.com.ar\/index.php\/wp-json\/wp\/v2\/tags?post=2506"}],"curies":[{"name":"wp","href":"https:\/\/api.w.org\/{rel}","templated":true}]}}